{"id":6488,"date":"2013-10-19T07:33:45","date_gmt":"2013-10-19T05:33:45","guid":{"rendered":"http:\/\/www.ulisseland.com\/journal\/?p=6488"},"modified":"2013-10-19T07:33:45","modified_gmt":"2013-10-19T05:33:45","slug":"guardia-costiera-conclusa-loperazione-autunno-2013","status":"publish","type":"post","link":"https:\/\/www.ulisseland.com\/journal\/guardia-costiera-conclusa-loperazione-autunno-2013\/","title":{"rendered":"GUARDIA COSTIERA: Conclusa l\u2019operazione \u201cAUTUNNO 2013\u201d"},"content":{"rendered":"<p align=\"center\"><b>\u00a0<a href=\"https:\/\/www.ulisseland.com\/journal\/wp-content\/uploads\/2013\/10\/IMG_5006.jpg\"><img loading=\"lazy\" decoding=\"async\" class=\"alignleft size-medium wp-image-6489\" alt=\"IMG_5006\" src=\"https:\/\/www.ulisseland.com\/journal\/wp-content\/uploads\/2013\/10\/IMG_5006-300x200.jpg\" width=\"300\" height=\"200\" srcset=\"https:\/\/www.ulisseland.com\/journal\/wp-content\/uploads\/2013\/10\/IMG_5006-300x200.jpg 300w, https:\/\/www.ulisseland.com\/journal\/wp-content\/uploads\/2013\/10\/IMG_5006-1024x682.jpg 1024w\" sizes=\"auto, (max-width: 300px) 100vw, 300px\" \/><\/a> <a href=\"https:\/\/www.ulisseland.com\/journal\/wp-content\/uploads\/2013\/10\/2013-10-11-231.jpg\"><img loading=\"lazy\" decoding=\"async\" class=\"alignleft size-medium wp-image-6490\" alt=\"2013-10-11-231\" src=\"https:\/\/www.ulisseland.com\/journal\/wp-content\/uploads\/2013\/10\/2013-10-11-231-300x225.jpg\" width=\"300\" height=\"225\" srcset=\"https:\/\/www.ulisseland.com\/journal\/wp-content\/uploads\/2013\/10\/2013-10-11-231-300x225.jpg 300w, https:\/\/www.ulisseland.com\/journal\/wp-content\/uploads\/2013\/10\/2013-10-11-231.jpg 1024w\" sizes=\"auto, (max-width: 300px) 100vw, 300px\" \/><\/a> <a href=\"https:\/\/www.ulisseland.com\/journal\/wp-content\/uploads\/2013\/10\/20131011_101839.jpg\"><img loading=\"lazy\" decoding=\"async\" class=\"alignleft size-medium wp-image-6491\" alt=\"20131011_101839\" src=\"https:\/\/www.ulisseland.com\/journal\/wp-content\/uploads\/2013\/10\/20131011_101839-202x300.jpg\" width=\"202\" height=\"300\" srcset=\"https:\/\/www.ulisseland.com\/journal\/wp-content\/uploads\/2013\/10\/20131011_101839-202x300.jpg 202w, https:\/\/www.ulisseland.com\/journal\/wp-content\/uploads\/2013\/10\/20131011_101839.jpg 692w\" sizes=\"auto, (max-width: 202px) 100vw, 202px\" \/><\/a><\/b><\/p>\n<p align=\"center\">\n<p align=\"center\">\n<p align=\"center\">\n<p align=\"center\">\n<p align=\"center\">\n<p align=\"center\">\n<p align=\"center\">\n<p align=\"center\">\n<p align=\"center\">\n<p>Nel corso dell\u2019ultima settimana, si \u00e8 svolta nella Regione Lazio, sotto il coordinamento del 3\u00b0 Centro di Controllo Area Pesca della Direzione Marittima di Civitavecchia, l\u2019operazione denominata \u201cAutunno 2013\u201d.<\/p>\n<p>Sono state intensificate le attivit\u00e0 di controllo lungo tutta la filiera di commercializzazione dei prodotti ittici a tutela e difesa del cittadino consumatore e dell\u2019habitat marino, con specifico riferimento alla prevenzione ed alla eventuale repressione delle frodi alimentari soprattutto durante il periodo di fermo biologico delle flotta peschereccia del Lazio (dal 30 settembre al 29 ottobre 2013) durante il quale, in carenza di prodotto locale fresco, \u00e8 ipotizzabile l\u2019immissione sul mercato laziale di prodotti ittici provenienti dall\u2019estero ovvero di dubbia provenienza.<\/p>\n<p>I controlli hanno riguardano, inoltre, la commercializzazione e la somministrazione dei prodotti ittici provenienti dal sud-est asiatico con particolare riferimento ai depositi ed ai ristoranti che distribuiscono e somministrano pesce crudo e sushi (cinesi, giapponesi, thailandesi, ecc.), ponendo attenzione alla freschezza dei prodotti, alle modalit\u00e0 di conservazione ed alla corrispondenza delle specie somministrate con quelle proposte nei men\u00f9 e verificando con attenzione la tracciabilit\u00e0 e la provenienza del prodotto.<\/p>\n<p>Nel corso degli oltre 220 controlli effettuati, il personale della Guardia Costiera del Lazio (200 uomini impegnati complessivamente) ha accertato 66 infrazioni per mancanza di tracciabilit\u00e0 e corretta etichettatura, nonch\u00e9 per prodotti ittici scaduti, elevando a carico dei titolari degli esercizi commerciali non in regola un totale di Euro 93.417 di sanzioni amministrative gi\u00e0 comminate e ponendo sotto sequestro 2.000 kg circa (due tonnellate) di prodotto ittico per la successiva distruzione e rigetto in mare (se ancora vivente).<\/p>\n<p>Sono state inoltre elevate n\u00b0 6 notizie di reato per frodi in commercio, commercializzazione di pesce sottomisura, cattura e commercializzazione di specie protette come lo <i>squalo elefante \u201cCetorhius Maximus\u201d e <\/i>commercializzazione dei <i>datteri di mare \u201clithophaga lithophaga\u201d<\/i> la cui cattura, a sensi del D.P.R. 8 settembre 1997 e Regolamento CE \u201cMediterraneo\u201d 1967\/2006, \u00e8 considerata reato, a causa dei danni ambientali provocati dalle modalit\u00e0 di pesca dei suddetti molluschi. Il consumo, la detenzione, il commercio e la pesca dei datteri di mare sono vietati in tutti i paesi dell\u2019Unione Europea. Nonostante ci\u00f2, il commercio di questa specie ittica continua ad essere praticato. Sul mercato nero il dattero pu\u00f2 raggiungere anche quotazioni di 80 euro al kg, ma \u00e8 ancora pi\u00f9 elevato il prezzo che l\u2019ecosistema marino deve pagare per questa pesca indiscriminata in quanto esso, pu\u00f2 essere estratto esclusivamente rompendo la roccia che lo ospita. Basti pensare che il dattero di mare, la cui maturit\u00e0 si completa a circa 80 anni di vita, cresce sott\u2019acqua all\u2019interno di buchi scavati negli scogli dallo stesso animale e pertanto i pescatori di frodo per catturarli distruggono materialmente la roccia mediante scalpelli e martelli pneumatici, con incalcolabili danni ambientali.<\/p>\n<p>&nbsp;<\/p>\n<p>I controlli dell\u2019intera filiera della pesca, che proseguiranno serrati, fanno parte e si inquadrano in una pi\u00f9 articolata attivit\u00e0 di monitoraggio e tutela dell\u2019ambiente marino svolta dalla Guardia Costiera del Lazio, che comprende la verifica della qualit\u00e0 delle acque e degli scarichi a mare, soprattutto in prossimit\u00e0 delle coste interessate da grossi insediamenti urbani, ma comunque adibite alla balneazione, nonch\u00e9 di ulteriori attivit\u00e0 di monitoraggio e tutela delle aree marine protette e di pregio quali le Secche di Tor Paterno e le Isole Pontine (Ventotene, Santo Stefano, Ponza, Zannone e Palmarola) interessate dalla presenza di notevole biodiversit\u00e0.<\/p>\n<p>&nbsp;<\/p>\n<p>Il Direttore Dott. Sergio Monforte<\/p>\n","protected":false},"excerpt":{"rendered":"<p>\u00a0 Nel corso dell\u2019ultima settimana, si \u00e8 svolta nella Regione Lazio, sotto il coordinamento del 3\u00b0 Centro di Controllo Area Pesca della Direzione Marittima di Civitavecchia, l\u2019operazione denominata \u201cAutunno 2013\u201d. Sono state intensificate le attivit\u00e0 di controllo lungo tutta la filiera di commercializzazione dei prodotti ittici a tutela e difesa del cittadino consumatore e dell\u2019habitat<\/p>\n","protected":false},"author":1,"featured_media":0,"comment_status":"open","ping_status":"open","sticky":false,"template":"","format":"standard","meta":{"footnotes":""},"categories":[20,18,38,13,11],"tags":[],"class_list":["post-6488","post","type-post","status-publish","format-standard","hentry","category-comune-di-gaeta","category-comune-di-ponza","category-comune-di-ventotene","category-cronaca","category-enti"],"_links":{"self":[{"href":"https:\/\/www.ulisseland.com\/journal\/wp-json\/wp\/v2\/posts\/6488","targetHints":{"allow":["GET"]}}],"collection":[{"href":"https:\/\/www.ulisseland.com\/journal\/wp-json\/wp\/v2\/posts"}],"about":[{"href":"https:\/\/www.ulisseland.com\/journal\/wp-json\/wp\/v2\/types\/post"}],"author":[{"embeddable":true,"href":"https:\/\/www.ulisseland.com\/journal\/wp-json\/wp\/v2\/users\/1"}],"replies":[{"embeddable":true,"href":"https:\/\/www.ulisseland.com\/journal\/wp-json\/wp\/v2\/comments?post=6488"}],"version-history":[{"count":1,"href":"https:\/\/www.ulisseland.com\/journal\/wp-json\/wp\/v2\/posts\/6488\/revisions"}],"predecessor-version":[{"id":6492,"href":"https:\/\/www.ulisseland.com\/journal\/wp-json\/wp\/v2\/posts\/6488\/revisions\/6492"}],"wp:attachment":[{"href":"https:\/\/www.ulisseland.com\/journal\/wp-json\/wp\/v2\/media?parent=6488"}],"wp:term":[{"taxonomy":"category","embeddable":true,"href":"https:\/\/www.ulisseland.com\/journal\/wp-json\/wp\/v2\/categories?post=6488"},{"taxonomy":"post_tag","embeddable":true,"href":"https:\/\/www.ulisseland.com\/journal\/wp-json\/wp\/v2\/tags?post=6488"}],"curies":[{"name":"wp","href":"https:\/\/api.w.org\/{rel}","templated":true}]}}