{"id":6463,"date":"2013-10-19T06:39:15","date_gmt":"2013-10-19T04:39:15","guid":{"rendered":"http:\/\/www.ulisseland.com\/journal\/?p=6463"},"modified":"2013-10-19T06:46:18","modified_gmt":"2013-10-19T04:46:18","slug":"formia-al-via-il-restyling-della-villa-comunale","status":"publish","type":"post","link":"https:\/\/www.ulisseland.com\/journal\/formia-al-via-il-restyling-della-villa-comunale\/","title":{"rendered":"FORMIA: Al via il restyling della villa comunale"},"content":{"rendered":"<figure id=\"attachment_6464\" aria-describedby=\"caption-attachment-6464\" style=\"width: 609px\" class=\"wp-caption alignleft\"><a href=\"https:\/\/www.ulisseland.com\/journal\/wp-content\/uploads\/2013\/10\/Eleonora-Zangrillo.jpg\"><img loading=\"lazy\" decoding=\"async\" class=\" wp-image-6464\" alt=\"L'Assessore LL.PP Eleonora Zangrillo\" src=\"https:\/\/www.ulisseland.com\/journal\/wp-content\/uploads\/2013\/10\/Eleonora-Zangrillo.jpg\" width=\"609\" height=\"720\" \/><\/a><figcaption id=\"caption-attachment-6464\" class=\"wp-caption-text\">L&#8217;Assessore LL.PP Eleonora Zangrillo<\/figcaption><\/figure>\n<p><a href=\"https:\/\/www.ulisseland.com\/journal\/wp-content\/uploads\/2013\/10\/nuova_villa_comunale_rendering.bmp\"><img decoding=\"async\" class=\"alignleft size-medium wp-image-6465\" alt=\"nuova_villa_comunale_rendering\" src=\"https:\/\/www.ulisseland.com\/journal\/wp-content\/uploads\/2013\/10\/nuova_villa_comunale_rendering.bmp\" \/><\/a>Sono iniziati, a Formia, i lavori di restyling della villa comunale. Si tratta della seconda parte di un progetto Plus finanziato con fondi europei per un importo complessivo di 800 mila euro.<\/p>\n<p>Il progetto prevede una serie di interventi di manutenzione, messa in sicurezza e valorizzazione complessiva; coster\u00e0 426 mila euro e render\u00e0 la villa pi\u00f9 sicura, funzionale ed esteticamente gradevole. Un\u2019area sar\u00e0 dedicata ai giochi dei bambini, un\u2019altra a concerti e spettacoli teatrali. Assoluta novit\u00e0 sar\u00e0 poi la realizzazione di un percorso didattico con la collocazione in ogni aiuola di un importante reperto archeologico.<\/p>\n<p>Nel dettaglio, il progetto prevede le seguenti operazioni: valorizzazione della fontana esistente; realizzazione della recinzione (gi\u00e0 esistente su via Vitruvio) sul lato di via delle Piscine Romane; rifacimento di due cancelli sul lato nord che risultano in evidente stato di degrado; messa in sicurezza dell\u2019affaccio su via Lungomare della Repubblica, con manutenzione della balaustra; pulizia e manutenzione delle attuali recinzioni; manutenzione e valorizzazione del verde; ristrutturazione del manufatto esistente, oggi in stato di abbandono, che verr\u00e0 utilizzato per una nuova attivit\u00e0 (caff\u00e8 letterario); realizzazione di un pergolato in legno per migliorare la fruibilit\u00e0 degli spazi circostanti il manufatto; ampliamento e pavimentazione di una piazzola posta al lato nord della villa comunale, al fine di creare una piccola \u201carea eventi\u201d dentro la villa comunale, e conseguente ampliamento e rifacimento della pavimentazione dell\u2019area prospiciente per valorizzare e rendere ancora pi\u00f9 godibile l\u2019area eventi; miglioramento dell\u2019arredo urbano con la sostituzione di panchine e cestini portarifiuti; realizzazione di un\u2019area giochi per bambini utilizzando parte delle aiuole di verde gi\u00e0 esistenti; manutenzione e messa in sicurezza dell\u2019impianto di pubblica illuminazione; sostituzione dei pali e degli attuali corpi illuminati e realizzazione di nuovi punti luce (faretti ad incasso e proiettori da terra) per la valorizzazione di alcuni elementi specifici; realizzazione di piccole aree da adibire all\u2019esposizione di alcuni reperti archeologici con relativo materiale informativo-didattico; rifacimento di alcuni cigli inerenti le aiuole a verde; interventi di allontanamento delle acque meteoriche.<\/p>\n<p>\u201cIl crono programma dei lavori \u00e8 di 90 giorni &#8211; spiega l\u2019assessore ai Lavori Pubblici Eleonora Zangrillo &#8211; ma premiamo perch\u00e9 il cantiere si chiuda prima. Vogliamo rendere fruibile la villa per il periodo di Natale e ci riusciremo. Una villa comunale bella, funzionale, attenta alle esigenze dei cittadini di tutte le et\u00e0. Saranno realizzati interventi di manutenzione che pure sono importanti. Ma fondamentali sono gli spazi che dedicheremo ai bambini e agli eventi spettacolari, perch\u00e9 la villa comunale sia non solo un\u2019area verde nel cuore della citt\u00e0 ma un luogo realmente attrezzato per favorire l\u2019aggregazione\u201d.<\/p>\n<p>&nbsp;<\/p>\n<p>Il Direttore dott. Sergio Monforte<\/p>\n","protected":false},"excerpt":{"rendered":"<p>Sono iniziati, a Formia, i lavori di restyling della villa comunale. Si tratta della seconda parte di un progetto Plus finanziato con fondi europei per un importo complessivo di 800 mila euro. Il progetto prevede una serie di interventi di manutenzione, messa in sicurezza e valorizzazione complessiva; coster\u00e0 426 mila euro e render\u00e0 la villa<\/p>\n","protected":false},"author":1,"featured_media":0,"comment_status":"open","ping_status":"open","sticky":false,"template":"","format":"standard","meta":{"footnotes":""},"categories":[14,13,11],"tags":[],"class_list":["post-6463","post","type-post","status-publish","format-standard","hentry","category-comune-di-formia","category-cronaca","category-enti"],"_links":{"self":[{"href":"https:\/\/www.ulisseland.com\/journal\/wp-json\/wp\/v2\/posts\/6463","targetHints":{"allow":["GET"]}}],"collection":[{"href":"https:\/\/www.ulisseland.com\/journal\/wp-json\/wp\/v2\/posts"}],"about":[{"href":"https:\/\/www.ulisseland.com\/journal\/wp-json\/wp\/v2\/types\/post"}],"author":[{"embeddable":true,"href":"https:\/\/www.ulisseland.com\/journal\/wp-json\/wp\/v2\/users\/1"}],"replies":[{"embeddable":true,"href":"https:\/\/www.ulisseland.com\/journal\/wp-json\/wp\/v2\/comments?post=6463"}],"version-history":[{"count":2,"href":"https:\/\/www.ulisseland.com\/journal\/wp-json\/wp\/v2\/posts\/6463\/revisions"}],"predecessor-version":[{"id":6467,"href":"https:\/\/www.ulisseland.com\/journal\/wp-json\/wp\/v2\/posts\/6463\/revisions\/6467"}],"wp:attachment":[{"href":"https:\/\/www.ulisseland.com\/journal\/wp-json\/wp\/v2\/media?parent=6463"}],"wp:term":[{"taxonomy":"category","embeddable":true,"href":"https:\/\/www.ulisseland.com\/journal\/wp-json\/wp\/v2\/categories?post=6463"},{"taxonomy":"post_tag","embeddable":true,"href":"https:\/\/www.ulisseland.com\/journal\/wp-json\/wp\/v2\/tags?post=6463"}],"curies":[{"name":"wp","href":"https:\/\/api.w.org\/{rel}","templated":true}]}}