{"id":6448,"date":"2013-10-16T12:49:32","date_gmt":"2013-10-16T10:49:32","guid":{"rendered":"http:\/\/www.ulisseland.com\/journal\/?p=6448"},"modified":"2013-10-16T12:49:51","modified_gmt":"2013-10-16T10:49:51","slug":"formia-parte-la-raccolta-porta-a-porta-a-penitro-e-santa-croce","status":"publish","type":"post","link":"https:\/\/www.ulisseland.com\/journal\/formia-parte-la-raccolta-porta-a-porta-a-penitro-e-santa-croce\/","title":{"rendered":"FORMIA: Parte la raccolta porta a porta  a Penitro e Santa Croce"},"content":{"rendered":"<figure id=\"attachment_6450\" aria-describedby=\"caption-attachment-6450\" style=\"width: 300px\" class=\"wp-caption alignleft\"><a href=\"https:\/\/www.ulisseland.com\/journal\/wp-content\/uploads\/2013\/10\/Raccolta-differenziata.jpg\"><img loading=\"lazy\" decoding=\"async\" class=\"size-medium wp-image-6450\" alt=\"Raccolta differenziata\" src=\"https:\/\/www.ulisseland.com\/journal\/wp-content\/uploads\/2013\/10\/Raccolta-differenziata-300x278.jpg\" width=\"300\" height=\"278\" srcset=\"https:\/\/www.ulisseland.com\/journal\/wp-content\/uploads\/2013\/10\/Raccolta-differenziata-300x278.jpg 300w, https:\/\/www.ulisseland.com\/journal\/wp-content\/uploads\/2013\/10\/Raccolta-differenziata.jpg 550w\" sizes=\"auto, (max-width: 300px) 100vw, 300px\" \/><\/a><figcaption id=\"caption-attachment-6450\" class=\"wp-caption-text\">Raccolta differenziata<\/figcaption><\/figure>\n<p>Da marted\u00ec 15 ottobre, i volontari selezionati attraverso un bando dal Comune di Formia saranno a Penitro e Santa Croce per distribuire il kit di comunicazione alle famiglie che dal 28 ottobre saranno interessate dall\u2019estensione del servizio di raccolta differenziata porta a porta. Il kit contiene:<\/p>\n<ul>\n<li>una lettera motivazionale con la quale il Sindaco Sandro Bartolomeo e l\u2019assessore Claudio Marciano illustrano gli obiettivi primari del servizio: la serenit\u00e0 ecologica della citt\u00e0 e il risparmio sui costi di conferimento in discarica;<\/li>\n<li>il calendario della raccolta;<\/li>\n<li>il modulo per richiedere la compostiera che sar\u00e0 accessibile ai proprietari dei giardini con pi\u00f9 di venti metri quadri di ampiezza e dar\u00e0 diritto ad uno sconto fino al 10% della tariffa;<\/li>\n<li>un manuale che spiega come si fa il compostaggio domestico.<\/li>\n<\/ul>\n<p>Alla campagna di pubblicizzazione parteciper\u00e0 anche l\u2019assessore allo Sviluppo Sostenibile Claudio Marciano che in molti casi affiancher\u00e0 i volontari, presiedendo anche le due assemblee pubbliche convocate per il 18 e il 25 ottobre, la prima presso la sala parrocchiale di Penitro, la seconda nella sede dell\u2019associazione culturale Santa Croce, entrambe con inizio alle 18.30. Dal fine settimana partir\u00e0 la distribuzione di bidoni e mastelli ad opera della Latina Ambiente. Da luned\u00ec 21 sar\u00e0 aperto un info point presso il centro giovanile comunale \u201c<em>Rachel Corrie\u201d dove i cittadini potranno chiedere informazioni, segnalare proposte ed eventuali criticit\u00e0. <\/em><em><\/em><\/p>\n<p><em>\u201cIl dato di ottobre &#8211; spiega l\u2019assessore Marciano &#8211; conferma il trend positivo di settembre col porta a porta che viaggia stabilmente al 40%. Con l\u2019estensione a Penitro puntiamo a sfiorare il 50%, anche se sar\u00e0 necessario qualche mese di rodaggio\u201d. <\/em><\/p>\n<figure id=\"attachment_6449\" aria-describedby=\"caption-attachment-6449\" style=\"width: 175px\" class=\"wp-caption alignright\"><a href=\"https:\/\/www.ulisseland.com\/journal\/wp-content\/uploads\/2013\/10\/Assessore-Claudio-Marciano.jpg\"><img loading=\"lazy\" decoding=\"async\" class=\" wp-image-6449 \" alt=\"Assessore Claudio Marciano\" src=\"https:\/\/www.ulisseland.com\/journal\/wp-content\/uploads\/2013\/10\/Assessore-Claudio-Marciano-219x300.jpg\" width=\"175\" height=\"240\" srcset=\"https:\/\/www.ulisseland.com\/journal\/wp-content\/uploads\/2013\/10\/Assessore-Claudio-Marciano-219x300.jpg 219w, https:\/\/www.ulisseland.com\/journal\/wp-content\/uploads\/2013\/10\/Assessore-Claudio-Marciano.jpg 701w\" sizes=\"auto, (max-width: 175px) 100vw, 175px\" \/><\/a><figcaption id=\"caption-attachment-6449\" class=\"wp-caption-text\">Assessore Claudio Marciano<\/figcaption><\/figure>\n<p><em>Per quanto concerne il quartiere di Gianola, invece, \u201ca fine ottobre si concluder\u00e0 il censimento delle utenze e subito dopo il Comune provveder\u00e0 ad ordinare i bidoni\u201d. La comunicazione inizier\u00e0 comunque nei primi quindici giorni di novembre e \u201cil servizio sar\u00e0 avviato entro il mese di dicembre\u201d.\u00a0 <\/em><\/p>\n<p><em>Proprio in questi giorni che tanto si discute di Tares e Tarsu, \u201cvogliamo ribadire che i costi per l\u2019estensione della differenziata, fino a tutto il 2014, sono interamente sostenuti da finanziamenti regionali e provinciali. Attendiamo il nuovo bando cui Formia parteciper\u00e0 da capolista, avendo conseguito i maggiori risultati nella differenziata tra i Comuni con pi\u00f9 di 15 mila abitanti. Finanzieremo lo start up fino al 2015 e avvieremo la sperimentazione della tariffazione puntuale, probabilmente proprio a Gianola. Abbiamo fatto i nostri calcoli: con la differenziata al 60%, i maggiori costi strutturali del servizio porta a porta saranno interamente bilanciati dalle economie prodotte dal minore conferimento in discarica ed avanzeranno altre risorse con le quali contiamo di poter garantire un miglioramento del servizio di spazzamento e diserbo. Tutto procede come progettato, conclude Marciano, serve solo un po\u2019 di tempo\u201d.\u00a0\u00a0<\/em><\/p>\n<p>&nbsp;<\/p>\n<p>Il Direttore<\/p>\n<p>Dott. Sergio Monforte<\/p>\n","protected":false},"excerpt":{"rendered":"<p>Da marted\u00ec 15 ottobre, i volontari selezionati attraverso un bando dal Comune di Formia saranno a Penitro e Santa Croce per distribuire il kit di comunicazione alle famiglie che dal 28 ottobre saranno interessate dall\u2019estensione del servizio di raccolta differenziata porta a porta. Il kit contiene: una lettera motivazionale con la quale il Sindaco Sandro<\/p>\n","protected":false},"author":1,"featured_media":0,"comment_status":"open","ping_status":"open","sticky":false,"template":"","format":"standard","meta":{"footnotes":""},"categories":[14,11],"tags":[],"class_list":["post-6448","post","type-post","status-publish","format-standard","hentry","category-comune-di-formia","category-enti"],"_links":{"self":[{"href":"https:\/\/www.ulisseland.com\/journal\/wp-json\/wp\/v2\/posts\/6448","targetHints":{"allow":["GET"]}}],"collection":[{"href":"https:\/\/www.ulisseland.com\/journal\/wp-json\/wp\/v2\/posts"}],"about":[{"href":"https:\/\/www.ulisseland.com\/journal\/wp-json\/wp\/v2\/types\/post"}],"author":[{"embeddable":true,"href":"https:\/\/www.ulisseland.com\/journal\/wp-json\/wp\/v2\/users\/1"}],"replies":[{"embeddable":true,"href":"https:\/\/www.ulisseland.com\/journal\/wp-json\/wp\/v2\/comments?post=6448"}],"version-history":[{"count":2,"href":"https:\/\/www.ulisseland.com\/journal\/wp-json\/wp\/v2\/posts\/6448\/revisions"}],"predecessor-version":[{"id":6452,"href":"https:\/\/www.ulisseland.com\/journal\/wp-json\/wp\/v2\/posts\/6448\/revisions\/6452"}],"wp:attachment":[{"href":"https:\/\/www.ulisseland.com\/journal\/wp-json\/wp\/v2\/media?parent=6448"}],"wp:term":[{"taxonomy":"category","embeddable":true,"href":"https:\/\/www.ulisseland.com\/journal\/wp-json\/wp\/v2\/categories?post=6448"},{"taxonomy":"post_tag","embeddable":true,"href":"https:\/\/www.ulisseland.com\/journal\/wp-json\/wp\/v2\/tags?post=6448"}],"curies":[{"name":"wp","href":"https:\/\/api.w.org\/{rel}","templated":true}]}}