{"id":6437,"date":"2013-10-16T12:41:57","date_gmt":"2013-10-16T10:41:57","guid":{"rendered":"http:\/\/www.ulisseland.com\/journal\/?p=6437"},"modified":"2013-10-16T12:41:57","modified_gmt":"2013-10-16T10:41:57","slug":"formia-domenica-si-inaugura-il-nuovo-auditorium-dedicato-alla-memoria-di-vittorio-foa","status":"publish","type":"post","link":"https:\/\/www.ulisseland.com\/journal\/formia-domenica-si-inaugura-il-nuovo-auditorium-dedicato-alla-memoria-di-vittorio-foa\/","title":{"rendered":"FORMIA: Domenica si inaugura il nuovo auditorium dedicato alla memoria di Vittorio Foa"},"content":{"rendered":"<figure id=\"attachment_6440\" aria-describedby=\"caption-attachment-6440\" style=\"width: 212px\" class=\"wp-caption alignleft\"><a href=\"https:\/\/www.ulisseland.com\/journal\/wp-content\/uploads\/2013\/10\/ManifestO-LOCANDINA.jpg\"><img loading=\"lazy\" decoding=\"async\" class=\"size-medium wp-image-6440 \" alt=\"Locandina\" src=\"https:\/\/www.ulisseland.com\/journal\/wp-content\/uploads\/2013\/10\/ManifestO-LOCANDINA-212x300.jpg\" width=\"212\" height=\"300\" srcset=\"https:\/\/www.ulisseland.com\/journal\/wp-content\/uploads\/2013\/10\/ManifestO-LOCANDINA-212x300.jpg 212w, https:\/\/www.ulisseland.com\/journal\/wp-content\/uploads\/2013\/10\/ManifestO-LOCANDINA-724x1024.jpg 724w\" sizes=\"auto, (max-width: 212px) 100vw, 212px\" \/><\/a><figcaption id=\"caption-attachment-6440\" class=\"wp-caption-text\">Locandina<\/figcaption><\/figure>\n<figure id=\"attachment_6439\" aria-describedby=\"caption-attachment-6439\" style=\"width: 300px\" class=\"wp-caption alignright\"><a href=\"https:\/\/www.ulisseland.com\/journal\/wp-content\/uploads\/2013\/10\/conf-stampa-foa-2.jpg\"><img loading=\"lazy\" decoding=\"async\" class=\"size-medium wp-image-6439\" alt=\"Conferenza stampa FOA\" src=\"https:\/\/www.ulisseland.com\/journal\/wp-content\/uploads\/2013\/10\/conf-stampa-foa-2-300x224.jpg\" width=\"300\" height=\"224\" srcset=\"https:\/\/www.ulisseland.com\/journal\/wp-content\/uploads\/2013\/10\/conf-stampa-foa-2-300x224.jpg 300w, https:\/\/www.ulisseland.com\/journal\/wp-content\/uploads\/2013\/10\/conf-stampa-foa-2.jpg 922w\" sizes=\"auto, (max-width: 300px) 100vw, 300px\" \/><\/a><figcaption id=\"caption-attachment-6439\" class=\"wp-caption-text\">Conferenza stampa FOA<\/figcaption><\/figure>\n<p>Sar\u00e0 inaugurato domenica 20 ottobre, alle ore 18, il nuovo auditorium di via Olivastro Spaventola, intitolato alla memoria di Vittorio Foa, il padre costituente che scelse Formia come casa. Con 280 posti a sedere ed una struttura modulare aperta ad eventuali ingrandimenti, l\u2019auditorium presenta una logistica ideale: migliaia di posti auto gi\u00e0 disponibili e cubature sufficienti per realizzare nell\u2019area a margine del mercato una vera e propria \u201ccittadella della cultura\u201d. L\u2019evento \u00e8 stato presentato in una conferenza stampa indetta dal sindaco Sandro Bartolomeo e dall\u2019assessore alla Cultura Maria Rita Manzo, alla presenza di Maurizio Tallerini, presidente del Consiglio Comunale e Giovanni Caprio, direttore dell\u2019Ipab Santissima Annunziata, Ente che ha collaborato attivamente all\u2019organizzazione. Particolarmente ricco il programma della cerimonia, cos\u00ec come il profilo degli ospiti che vi parteciperanno. Il sindaco aprir\u00e0 i lavori ed insieme ad Anna Foa, figlia del senatore, proceder\u00e0 all\u2019intitolazione dell\u2019auditorium, decisa all\u2019unanimit\u00e0 dal Consiglio Comunale. Successivamente, sar\u00e0 proiettato il video \u201cFormia per Foa\u201d, una raccolta suggestiva di immagini incentrata sul rapporto speciale che Foa aveva con la citt\u00e0 di cui nel 1998 fu nominato cittadino onorario e alla quale decise di consegnare le sue spoglie mortali. Seguir\u00e0 una lectio di Carlo Ginzburg, intellettuale tra i pi\u00f9 acuti, gi\u00e0 docente di Storia all\u2019universit\u00e0 della California e alcune letture di testi di Vittorio Foa curate dal Teatro Bertolt Brecht di Formia. Ci sar\u00e0 Guglielmo Epifani ma, come lui stesso ha voluto sottolineare, non in veste di politico, piuttosto di amico che condivise con Foa anni di impegno sindacale alla guida della Cgil. Interverrannno anche Piero Fassino, sindaco di Torino, citt\u00e0 natale di Foa; Pietro Marcenaro, parlamentare torinese e \u201cfiglio\u201d intellettuale dell\u2019ex senatore; Federica Montevecchi, curatrica di alcuni suoi libri, tra cui la rielaborazione dell\u2019epistolario che Foa scrisse durante il periodo di prigionia imposto dal regime fascista. La serata sar\u00e0 arricchita dal contributo musicale del maestro Luigi Pecchia e dalla banda \u201cCitt\u00e0 di Formia\u201d. Sar\u00e0 anche l\u2019occasione per presentare il Premio Internazionale dedicato alla memoria del politico e intellettuale torinese. La giuria sar\u00e0 presieduta da Carlo Ginzburg e sar\u00e0 composta inoltre da: Antonio Agosta, politologo; Sandro Bartolomeo, sindaco di Formia; Raniero Vincenzo De Filippis, Direttore regionale e presidente dell\u2019Ipab Santissima Annunziata; Piero Fassino, sindaco di Torino e presidente dell\u2019Anci; Anna Foa, storica; Pietro Marcenaro, senatore e sindacalista; Luigi Mascilli Migliorini, storico accademico dei Lincei per la storia; Federica Montevecchi, filosofa e scrittrice; Silverio Paradiso, artista, pittore, professore; Marianella Sclavi, sociologa e scrittrice e Walter Veltroni, politico, giornalista e scrittore. Il Premio \u201cVittorio Foa. Citt\u00e0 di Formia\u201d si celebrer\u00e0 ogni anno il 20 ottobre, data in cui Foa mor\u00ec, esattamente cinque anni fa. Il Premio chiuder\u00e0 ogni anno il Formia Festival \u201cQuesto Novecento\u2026e oltre\u201d che si terr\u00e0 dal 10 al 20 ottobre 2014 e che sar\u00e0 dedicato al \u201csecolo breve\u201d.<\/p>\n<figure id=\"attachment_6438\" aria-describedby=\"caption-attachment-6438\" style=\"width: 300px\" class=\"wp-caption alignright\"><a href=\"https:\/\/www.ulisseland.com\/journal\/wp-content\/uploads\/2013\/10\/Auditorium-di-piazza-Spaventola.jpg\"><img loading=\"lazy\" decoding=\"async\" class=\"size-medium wp-image-6438\" alt=\"Auditorium di piazza Spaventola\" src=\"https:\/\/www.ulisseland.com\/journal\/wp-content\/uploads\/2013\/10\/Auditorium-di-piazza-Spaventola-300x300.jpg\" width=\"300\" height=\"300\" srcset=\"https:\/\/www.ulisseland.com\/journal\/wp-content\/uploads\/2013\/10\/Auditorium-di-piazza-Spaventola-300x300.jpg 300w, https:\/\/www.ulisseland.com\/journal\/wp-content\/uploads\/2013\/10\/Auditorium-di-piazza-Spaventola-150x150.jpg 150w, https:\/\/www.ulisseland.com\/journal\/wp-content\/uploads\/2013\/10\/Auditorium-di-piazza-Spaventola-50x50.jpg 50w, https:\/\/www.ulisseland.com\/journal\/wp-content\/uploads\/2013\/10\/Auditorium-di-piazza-Spaventola.jpg 500w\" sizes=\"auto, (max-width: 300px) 100vw, 300px\" \/><\/a><figcaption id=\"caption-attachment-6438\" class=\"wp-caption-text\">Auditorium di piazza Spaventola<\/figcaption><\/figure>\n<p>\u201cOgni edizione del Formia Festival &#8211; ha spiegato il vicesindaco Maria Rita Manzo &#8211; seguir\u00e0 uno o pi\u00f9 temi inseriti in tre ambiti disciplinari: umanistico-artistico, storico-economico-sociale; scientifico. Ospiter\u00e0 eventi, attivit\u00e0, convegni, conversazioni in pubblico, laboratori per le scuole. E poi ancora: teatro, cinema, musica, mostre e forum. Sar\u00e0 incentrato sullo studio del Novecento ma senza mai dimenticare il futuro, aspetto che pi\u00f9 di tutti a Foa stava a cuore. \u201cVogliamo fare di Formia un grande laboratorio di idee e di confronto ed il premio \u00e8 una straordinaria occasione di promozione culturale per l\u2019intera citt\u00e0, ha concluso il sindaco Bartolomeo. Nel segno di Foa arriveranno a Formia i pi\u00f9 grandi intellettuali europei per analizzare un secolo ricco di drammi ma anche di opportunit\u00e0 per lo sviluppo del genere umano. Quanto all\u2019apertura dell\u2019auditorium, penso chiuda una brutta fase per la cultura di questa citt\u00e0. Per aprire l\u2019impianto e metterlo finalmente al servizio di Formia sono bastati interventi per poche migliaia di euro. L\u2019iter era a posto. La verit\u00e0 \u00e8 che si \u00e8 preferito tenerlo chiuso per cinque anni e il perch\u00e9 qualcuno dovr\u00e0 spiegarlo alla citt\u00e0. Da domenica l\u2019auditorium sar\u00e0 messo gratuitamente a disposizione di scuole, societ\u00e0 sportive e associazioni, fornendo tutti quegli spazi di cui il teatro Remigio Paone non dispone. Abbiamo chiesto all\u2019Ipab Santissima Annunziata di aiutarci a gestirlo e hanno risposto positivamente. In cambio l&#8217;Ipab avr\u00e0 lo spazio per realizzare la propria sede presso l\u2019ex colonia Di Donato\u201d.<\/p>\n<p>&nbsp;<\/p>\n<p>Il Direttore<\/p>\n<p>Dott. Sergio Monforte<\/p>\n","protected":false},"excerpt":{"rendered":"<p>Sar\u00e0 inaugurato domenica 20 ottobre, alle ore 18, il nuovo auditorium di via Olivastro Spaventola, intitolato alla memoria di Vittorio Foa, il padre costituente che scelse Formia come casa. Con 280 posti a sedere ed una struttura modulare aperta ad eventuali ingrandimenti, l\u2019auditorium presenta una logistica ideale: migliaia di posti auto gi\u00e0 disponibili e cubature<\/p>\n","protected":false},"author":1,"featured_media":0,"comment_status":"open","ping_status":"open","sticky":false,"template":"","format":"standard","meta":{"footnotes":""},"categories":[32,14,12,10,11,60,31,49],"tags":[],"class_list":["post-6437","post","type-post","status-publish","format-standard","hentry","category-autori","category-comune-di-formia","category-cultura","category-editoriale","category-enti","category-incontri","category-libri","category-moda-e-arte"],"_links":{"self":[{"href":"https:\/\/www.ulisseland.com\/journal\/wp-json\/wp\/v2\/posts\/6437","targetHints":{"allow":["GET"]}}],"collection":[{"href":"https:\/\/www.ulisseland.com\/journal\/wp-json\/wp\/v2\/posts"}],"about":[{"href":"https:\/\/www.ulisseland.com\/journal\/wp-json\/wp\/v2\/types\/post"}],"author":[{"embeddable":true,"href":"https:\/\/www.ulisseland.com\/journal\/wp-json\/wp\/v2\/users\/1"}],"replies":[{"embeddable":true,"href":"https:\/\/www.ulisseland.com\/journal\/wp-json\/wp\/v2\/comments?post=6437"}],"version-history":[{"count":2,"href":"https:\/\/www.ulisseland.com\/journal\/wp-json\/wp\/v2\/posts\/6437\/revisions"}],"predecessor-version":[{"id":6442,"href":"https:\/\/www.ulisseland.com\/journal\/wp-json\/wp\/v2\/posts\/6437\/revisions\/6442"}],"wp:attachment":[{"href":"https:\/\/www.ulisseland.com\/journal\/wp-json\/wp\/v2\/media?parent=6437"}],"wp:term":[{"taxonomy":"category","embeddable":true,"href":"https:\/\/www.ulisseland.com\/journal\/wp-json\/wp\/v2\/categories?post=6437"},{"taxonomy":"post_tag","embeddable":true,"href":"https:\/\/www.ulisseland.com\/journal\/wp-json\/wp\/v2\/tags?post=6437"}],"curies":[{"name":"wp","href":"https:\/\/api.w.org\/{rel}","templated":true}]}}