{"id":6263,"date":"2013-09-26T13:19:32","date_gmt":"2013-09-26T11:19:32","guid":{"rendered":"http:\/\/www.ulisseland.com\/journal\/?p=6263&#038;lang=it"},"modified":"2013-10-07T15:47:06","modified_gmt":"2013-10-07T13:47:06","slug":"6263","status":"publish","type":"post","link":"https:\/\/www.ulisseland.com\/journal\/6263\/","title":{"rendered":"CTICI Sousse Workshop 3 Octobre 2013: \u00ab Nouveau code d&#8217;incitation aux investissements et Nouvelle ligne de cr\u00e9dit italienne pour les PME tunisiennes \u00bb."},"content":{"rendered":"<figure id=\"attachment_6266\" aria-describedby=\"caption-attachment-6266\" style=\"width: 207px\" class=\"wp-caption alignleft\"><a href=\"https:\/\/www.ulisseland.com\/journal\/wp-content\/uploads\/2013\/09\/Foto-Raimondo-De-Cardona-001r.png\"><img loading=\"lazy\" decoding=\"async\" class=\" wp-image-6266  \" alt=\"Raimondo De Cardona\" src=\"https:\/\/www.ulisseland.com\/journal\/wp-content\/uploads\/2013\/09\/Foto-Raimondo-De-Cardona-001r.png\" width=\"207\" height=\"285\" \/><\/a><figcaption id=\"caption-attachment-6266\" class=\"wp-caption-text\">Raimondo De Cardona<br \/>Ambassadeur d\u2019Italie \u00e0 Tunis<\/figcaption><\/figure>\n<p>Cher Entrepreneur,<\/p>\n<p>Faisant suite \u00e0 la r\u00e9cente ouverture de l\u2019Antenne de la Chambre de Commerce Tuniso-Italienne \u00e0 Sousse, nous avons\u00a0 le plaisir de vous inviter au Workshop<b>\u00a0<i>\u00ab\u00a0Nouveau code d\u2019incitation aux investissements et Nouvelle ligne de cr\u00e9dit Italienne pour les PME Tunisiennes\u00a0\u00bb<\/i><\/b>\u00a0organis\u00e9 par notre\u00a0<b>Chambre de Commerce<\/b>\u00a0en collaboration avec\u00a0<b>l\u2019UTICA<\/b>\u00a0de<b>Sousse<\/b>\u00a0qui se tiendra le\u00a0<b><i>Jeudi 3 Octobre 2013<\/i><\/b>\u00a0aupr\u00e8s du\u00a0<b><i>M\u00f6venpick Resort &amp; Marine Spa \u00e0 Sousse.<\/i><\/b><\/p>\n<p>Nous avons l\u2019honneur aussi de Vous informer que le nouveau Ambassadeur d\u2019Italie \u00e0 Tunis,\u00a0S.E\u00a0<b><i>Raimondo De Cardona<\/i><\/b>\u00a0sera pr\u00e9sent \u00e0 l\u2019\u00e9v\u00e8nement.<\/p>\n<p>Au cours de ce workshop, nous avons pr\u00e9vu des d\u00e9bats ouverts et de moments de discussion ap<\/p>\n<p>r\u00e8s la pr\u00e9sentation des th\u00e8mes cit\u00e9s en objet.<\/p>\n<figure id=\"attachment_1760\" aria-describedby=\"caption-attachment-1760\" style=\"width: 298px\" class=\"wp-caption alignright\"><a href=\"https:\/\/www.ulisseland.com\/journal\/wp-content\/uploads\/2012\/04\/DSC_0953-e1335781133492.jpg\"><img loading=\"lazy\" decoding=\"async\" class=\" wp-image-1760   \" alt=\"Mourad Fradi Pr\u00e9sident de la chambre tuniso-italienne de commerce et d\u2019industrie\" src=\"https:\/\/www.ulisseland.com\/journal\/wp-content\/uploads\/2012\/04\/DSC_0953-e1335781133492.jpg\" width=\"298\" height=\"198\" \/><\/a><figcaption id=\"caption-attachment-1760\" class=\"wp-caption-text\">Mourad Fradi<br \/>Pr\u00e9sident de la chambre tuniso-italienne de commerce et d\u2019industrie<\/figcaption><\/figure>\n<p>Pour plus d\u2019informations sur la matin\u00e9e du workshop n\u2019h\u00e9sitez pas \u00e0 nous contacter \u00e0 l\u2019adresse suivant\u00a0<b><i><a href=\"http:\/\/webmail.aruba.it\/cgi-bin\/webmail?Act_V_Compo=1&amp;mailto=sousse@ctici.org.tn&amp;ID=IeBALmDhwzasyJQ6Y@BAK8ePxj74.vfr527O3PV.1ffHj2y.vfr70@&amp;R_Folder=aW5ib3g=&amp;msgID=394&amp;Body=0\">sousse@ctici.org.tn<\/a><\/i><\/b><b>.<\/b><\/p>\n<p>Dans l\u2019espoir que vous nous honorerez\u00a0de\u00a0votre pr\u00e9sence nous vous prions de bien vouloir confirmer votre honorable participation afin de nous faciliter l\u2019organisation de l\u2019\u00e9v\u00e9nement ,veuillez agr\u00e9er, cher Monsieur , mes salutations les plus distingu\u00e9es.<\/p>\n<p>Veuillez trouver ci-joint le<b>\u00a0<i><span style=\"text-decoration: underline;\"><a href=\"https:\/\/www.ulisseland.com\/journal\/wp-content\/uploads\/2013\/09\/CTICI_Workshop_SOUSSE_PROGRAMME.pdf\">Programme de d\u00e9tail du workshop<\/a><\/span><\/i><\/b>\u00a0et la\u00a0<b><i><span style=\"text-decoration: underline;\"><a href=\"https:\/\/www.ulisseland.com\/journal\/wp-content\/uploads\/2013\/09\/Fiche-de-Participation.docx\">Fiche de Participation<\/a><\/span>.<\/i><\/b><\/p>\n<p><b><i><span style=\"text-decoration: underline;\">PS\u00a0:<\/span><\/i><\/b><b><i>\u00a0Les places sont limit\u00e9s, nous vous prions de nous transmettre par fax ou par e-mail votre fiche de participation\u00a0<span style=\"text-decoration: underline;\">avant lundi 30 septembre.<\/span><\/i><\/b><b><i><\/i><\/b><i><\/i><\/p>\n<p>&nbsp;<\/p>\n<h3><\/h3>\n<p><b>Dott. Erasmo Cocomello<\/b><\/p>\n<p>Repr\u00e9sentant Officiel CTICI<\/p>\n<p><b><i>Chambre Tuniso Italienne de Commerce et d&#8217;Industrie<\/i><\/b><b><\/b><\/p>\n<p><b><i>Camera Tuniso Italiana di Commercio e d&#8217;Industria<\/i><\/b><b><\/b><\/p>\n<p><b>Tel :<\/b>\u00a0\u00a0<b>+216\u00a073 276\u00a0243<\/b>\u00a0<b><\/b><\/p>\n<p><b>Fax :<\/b>\u00a0<b>+216 73 277 395<\/b><\/p>\n<p><b>Email :<\/b>\u00a0<b><a href=\"http:\/\/webmail.aruba.it\/cgi-bin\/webmail?Act_V_Compo=1&amp;mailto=sousse@ctici.org.tn&amp;ID=IeBALmDhwzasyJQ6Y@BAK8ePxj74.vfr527O3PV.1ffHj2y.vfr70@&amp;R_Folder=aW5ib3g=&amp;msgID=394&amp;Body=0\">sousse@ctici.org.tn<\/a><\/b>\/<b><a href=\"http:\/\/webmail.aruba.it\/cgi-bin\/webmail?Act_V_Compo=1&amp;mailto=e.cocomello@ctici.org.tn&amp;ID=IeBALmDhwzasyJQ6Y@BAK8ePxj74.vfr527O3PV.1ffHj2y.vfr70@&amp;R_Folder=aW5ib3g=&amp;msgID=394&amp;Body=0\">e.cocomello@ctici.org.tn<\/a><\/b><b><\/b><\/p>\n<p><b>Skype:\u00a0<\/b><b>erasmo.cocomello<\/b><b>\u00a0\u00a0\u00a0\u00a0\u00a0\u00a0\u00a0\u00a0\u00a0<\/b><\/p>\n<p><b>Site Web :<\/b><b>\u00a0<a href=\"http:\/\/www.ctici.org.tn\/\">www.ctici.org.tn<\/a><\/b><i><\/i><\/p>\n<p><b>Facebook<\/b>\u00a0:\u00a0<b><span style=\"text-decoration: underline;\"><a href=\"http:\/\/www.facebook.fr\/\">www.facebook.fr\/<\/a><\/span><\/b><b><span style=\"text-decoration: underline;\">\u00a0<\/span><\/b><b><span style=\"text-decoration: underline;\">CTICI.Tunisi<\/span><\/b><\/p>\n<p><a href=\"https:\/\/www.ulisseland.com\/journal\/wp-content\/uploads\/2013\/07\/Immagine.png\"><img loading=\"lazy\" decoding=\"async\" class=\" wp-image-6208 alignleft\" alt=\"Immagine\" src=\"https:\/\/www.ulisseland.com\/journal\/wp-content\/uploads\/2013\/07\/Immagine-300x259.png\" width=\"240\" height=\"207\" srcset=\"https:\/\/www.ulisseland.com\/journal\/wp-content\/uploads\/2013\/07\/Immagine-300x259.png 300w, https:\/\/www.ulisseland.com\/journal\/wp-content\/uploads\/2013\/07\/Immagine-600x519.png 600w, https:\/\/www.ulisseland.com\/journal\/wp-content\/uploads\/2013\/07\/Immagine.png 800w\" sizes=\"auto, (max-width: 240px) 100vw, 240px\" \/><\/a><\/p>\n<p>&nbsp;<\/p>\n<h3><\/h3>\n<p>&nbsp;<\/p>\n<p>&nbsp;<\/p>\n<p>&nbsp;<\/p>\n<p>&nbsp;<\/p>\n<p>&nbsp;<\/p>\n<p>&nbsp;<br \/>\n<iframe loading=\"lazy\" width=\"420\" height=\"315\" src=\"\/\/www.youtube.com\/embed\/XC6twMq3qtM\" frameborder=\"0\" allowfullscreen><\/iframe><\/p>\n","protected":false},"excerpt":{"rendered":"<p>Cher Entrepreneur, Faisant suite \u00e0 la r\u00e9cente ouverture de l\u2019Antenne de la Chambre de Commerce Tuniso-Italienne \u00e0 Sousse, nous avons\u00a0 le plaisir de vous inviter au Workshop\u00a0\u00ab\u00a0Nouveau code d\u2019incitation aux investissements et Nouvelle ligne de cr\u00e9dit Italienne pour les PME Tunisiennes\u00a0\u00bb\u00a0organis\u00e9 par notre\u00a0Chambre de Commerce\u00a0en collaboration avec\u00a0l\u2019UTICA\u00a0deSousse\u00a0qui se tiendra le\u00a0Jeudi 3 Octobre 2013\u00a0aupr\u00e8s du\u00a0M\u00f6venpick Resort<\/p>\n","protected":false},"author":1,"featured_media":0,"comment_status":"open","ping_status":"open","sticky":false,"template":"","format":"standard","meta":{"footnotes":""},"categories":[10,40],"tags":[],"class_list":["post-6263","post","type-post","status-publish","format-standard","hentry","category-editoriale","category-sousse-tunisia"],"_links":{"self":[{"href":"https:\/\/www.ulisseland.com\/journal\/wp-json\/wp\/v2\/posts\/6263","targetHints":{"allow":["GET"]}}],"collection":[{"href":"https:\/\/www.ulisseland.com\/journal\/wp-json\/wp\/v2\/posts"}],"about":[{"href":"https:\/\/www.ulisseland.com\/journal\/wp-json\/wp\/v2\/types\/post"}],"author":[{"embeddable":true,"href":"https:\/\/www.ulisseland.com\/journal\/wp-json\/wp\/v2\/users\/1"}],"replies":[{"embeddable":true,"href":"https:\/\/www.ulisseland.com\/journal\/wp-json\/wp\/v2\/comments?post=6263"}],"version-history":[{"count":4,"href":"https:\/\/www.ulisseland.com\/journal\/wp-json\/wp\/v2\/posts\/6263\/revisions"}],"predecessor-version":[{"id":6268,"href":"https:\/\/www.ulisseland.com\/journal\/wp-json\/wp\/v2\/posts\/6263\/revisions\/6268"}],"wp:attachment":[{"href":"https:\/\/www.ulisseland.com\/journal\/wp-json\/wp\/v2\/media?parent=6263"}],"wp:term":[{"taxonomy":"category","embeddable":true,"href":"https:\/\/www.ulisseland.com\/journal\/wp-json\/wp\/v2\/categories?post=6263"},{"taxonomy":"post_tag","embeddable":true,"href":"https:\/\/www.ulisseland.com\/journal\/wp-json\/wp\/v2\/tags?post=6263"}],"curies":[{"name":"wp","href":"https:\/\/api.w.org\/{rel}","templated":true}]}}