{"id":6234,"date":"2013-09-19T17:52:08","date_gmt":"2013-09-19T15:52:08","guid":{"rendered":"http:\/\/www.ulisseland.com\/journal\/?p=6234&#038;lang=it"},"modified":"2013-09-25T10:43:54","modified_gmt":"2013-09-25T08:43:54","slug":"formia-comunicato-stampa-progetto-demetra-lunedi-30-settembre-2013","status":"publish","type":"post","link":"https:\/\/www.ulisseland.com\/journal\/formia-comunicato-stampa-progetto-demetra-lunedi-30-settembre-2013\/","title":{"rendered":"Formia: COMUNICATO STAMPA &#8211; \u201cPROGETTO DEMETRA&#8221; &#8211; Luned\u00ec 30 settembre 2013"},"content":{"rendered":"<figure id=\"attachment_6237\" aria-describedby=\"caption-attachment-6237\" style=\"width: 212px\" class=\"wp-caption alignleft\"><a href=\"https:\/\/www.ulisseland.com\/journal\/wp-content\/uploads\/2013\/09\/convegno-demetra.jpg\"><img loading=\"lazy\" decoding=\"async\" class=\"size-medium wp-image-6237 \" style=\"font-family: Georgia, 'Times New Roman', 'Bitstream Charter', Times, serif; font-size: 13px; line-height: 19px;\" alt=\"convegno demetra\" src=\"https:\/\/www.ulisseland.com\/journal\/wp-content\/uploads\/2013\/09\/convegno-demetra-212x300.jpg\" width=\"212\" height=\"300\" srcset=\"https:\/\/www.ulisseland.com\/journal\/wp-content\/uploads\/2013\/09\/convegno-demetra-212x300.jpg 212w, https:\/\/www.ulisseland.com\/journal\/wp-content\/uploads\/2013\/09\/convegno-demetra-724x1024.jpg 724w, https:\/\/www.ulisseland.com\/journal\/wp-content\/uploads\/2013\/09\/convegno-demetra-600x848.jpg 600w\" sizes=\"auto, (max-width: 212px) 100vw, 212px\" \/><\/a><figcaption id=\"caption-attachment-6237\" class=\"wp-caption-text\">Clicca sull&#8217;immagine per ingrandirla<\/figcaption><\/figure>\n<p style=\"text-align: center;\"><a href=\"https:\/\/www.ulisseland.com\/journal\/wp-content\/uploads\/2012\/03\/Gruppo-Tre-Bit-e1331726154946.png\"><img loading=\"lazy\" decoding=\"async\" class=\" wp-image-540 aligncenter\" alt=\"Gruppo Tre Bit\" src=\"https:\/\/www.ulisseland.com\/journal\/wp-content\/uploads\/2012\/03\/Gruppo-Tre-Bit-e1331726154946.png\" width=\"307\" height=\"67\" \/><\/a><\/p>\n<p style=\"text-align: center;\"><b>COMUNICATO STAMPA<\/b><\/p>\n<p style=\"text-align: center;\" align=\"center\"><b>PROGETTO &#8220;DEMETRA&#8221; &#8211; Luned\u00ec 30 settembre 2013 <\/b><\/p>\n<p><b>\u00a0<\/b><\/p>\n<p><b>Il giorno luned\u00ec 30 settembre si terr\u00e0 un focus di approfondimento presso la sala conferenze dell\u2019Istituto Alberghiero \u201cA.Celletti\u201d di Formia (LT), organizzato nell\u2019ambito delle attivit\u00e0 previste nel \u201cPROGETTO DEMETRA &#8211; Delineare e Mantenere l\u2019Eccellenza attraverso il Training e la Ricerca nell\u2019agroalimentare\u201d finanziato da Fondimpresa, in cui esperti del settore e rappresentanti delle organizzazioni datoriali discuteranno sulle principali tematiche emergenti nel comparto agroalimentare italiano.<\/b><\/p>\n<p>&nbsp;<\/p>\n<p>Formia, 30 settembre 2013 &#8211; Quali saranno i possibili scenari e le nuove tendenze della filiera alimentare italiana e, soprattutto, pu\u00f2 essere la formazione professionale la risposta pi\u00f9 consona delle imprese agroalimentari? Si aprir\u00e0 con questa domanda il focus di approfondimento organizzato nell\u2019ambito del \u201c<b>PROGETTO DEMETRA<\/b> &#8211; <b>Delineare e Mantenere l\u2019Eccellenza attraverso il Training e la Ricerca nell\u2019agroalimentare<\/b>\u201d che si terr\u00e0 presso la sala conferenze dell\u2019Istituto Alberghiero \u201cA. Celletti\u201d di Formia (LT). Il focus, dedicato alle tematiche emergenti nel comparto agroalimentare italiano, sar\u00e0 realizzato da Agrilavoro srl in collaborazione con l\u2019ATS composta da INEA (Istituto Nazionale di Economia Agraria) e da tre aziende private, Literalia formazione, Formamentis e Da. Dif. Consulting, tra le pi\u00f9 rappresentative aziende specializzate nel settore, sotto la supervisione di un comitato Paritetico composto da Federalimentare, FAI-CISL, FLAI-CGIL e UILA-UIL che hanno assicurato la partecipazione al progetto tanto delle parti sociali che delle aziende.<\/p>\n<p>Durante il convegno, si discuter\u00e0 di alcuni aspetti del settore agro alimentare che meritano un approfondimento e una riflessione, trattandosi di tematiche strategiche di breve e medio periodo. Nel corso dei vari interventi da parte di rappresentanti del mondo accademico, di esponenti delle organizzazioni sindacali e datoriali e di aziende di primaria importanza, infatti, si parler\u00e0 di tendenze e possibili scenari per l\u2019industria alimentare italiana, di modalit\u00e0 con cui attuare delle solide e funzionali reti di impresa, di strumenti innovativi per l\u2019accesso al credito, di certificazioni di qualit\u00e0 a supporto del business agroalimentare per approdare alla presentazione del portale <b>GRIFI, Gestione Remota Informatica Fondi Interprofessionali<\/b> (<a href=\"http:\/\/www.grifi.eu\/\">www.grifi.eu<\/a>), prima piattaforma gestionale dedicata alla gestione remota dei progetti finanziati attraverso i fondi interprofessionali.<\/p>\n<p>&nbsp;<\/p>\n<p>UFFICIO STAMPA<\/p>\n<p>Tel. e Fax 0771324392<\/p>\n<p><a href=\"mailto:claudiabattista@trebit.it\">claudiabattista@trebit.it<\/a><\/p>\n<p>&nbsp;<\/p>\n<p>Link articoli:<\/p>\n<p><a href=\"http:\/\/www.inea.it\/ap\/bollettini\/bollettino_n61.html\" target=\"_blank\">INEA<\/a>\u00a0&#8211;\u00a0<a href=\"http:\/\/dspace.inea.it\/bitstream\/inea\/529\/11\/5_Demetra_Viggiani.pdf#page=1&amp;zoom=auto,0,842\" target=\"_blank\">Leggi Tutto&#8230;<\/a><\/p>\n<p><a href=\"http:\/\/www.h24notizie.com\/news\/2013\/09\/24\/formia-un-focus-sui-prossimi-scenari-dellagroalimentare-italiano\/\">H24<\/a><\/p>\n<p><a href=\"http:\/\/www.latinatoday.it\/economia\/agroalimentare-focus-approfondimento-formia-30-settembre-2013.html\">LatinaToday<\/a><\/p>\n<p>&nbsp;<\/p>\n","protected":false},"excerpt":{"rendered":"<p>COMUNICATO STAMPA PROGETTO &#8220;DEMETRA&#8221; &#8211; Luned\u00ec 30 settembre 2013 \u00a0 Il giorno luned\u00ec 30 settembre si terr\u00e0 un focus di approfondimento presso la sala conferenze dell\u2019Istituto Alberghiero \u201cA.Celletti\u201d di Formia (LT), organizzato nell\u2019ambito delle attivit\u00e0 previste nel \u201cPROGETTO DEMETRA &#8211; Delineare e Mantenere l\u2019Eccellenza attraverso il Training e la Ricerca nell\u2019agroalimentare\u201d finanziato da Fondimpresa, in<\/p>\n","protected":false},"author":1,"featured_media":6260,"comment_status":"open","ping_status":"open","sticky":false,"template":"","format":"standard","meta":{"footnotes":""},"categories":[14,10,11,23],"tags":[],"class_list":["post-6234","post","type-post","status-publish","format-standard","has-post-thumbnail","hentry","category-comune-di-formia","category-editoriale","category-enti","category-formazione"],"_links":{"self":[{"href":"https:\/\/www.ulisseland.com\/journal\/wp-json\/wp\/v2\/posts\/6234","targetHints":{"allow":["GET"]}}],"collection":[{"href":"https:\/\/www.ulisseland.com\/journal\/wp-json\/wp\/v2\/posts"}],"about":[{"href":"https:\/\/www.ulisseland.com\/journal\/wp-json\/wp\/v2\/types\/post"}],"author":[{"embeddable":true,"href":"https:\/\/www.ulisseland.com\/journal\/wp-json\/wp\/v2\/users\/1"}],"replies":[{"embeddable":true,"href":"https:\/\/www.ulisseland.com\/journal\/wp-json\/wp\/v2\/comments?post=6234"}],"version-history":[{"count":12,"href":"https:\/\/www.ulisseland.com\/journal\/wp-json\/wp\/v2\/posts\/6234\/revisions"}],"predecessor-version":[{"id":6246,"href":"https:\/\/www.ulisseland.com\/journal\/wp-json\/wp\/v2\/posts\/6234\/revisions\/6246"}],"wp:featuredmedia":[{"embeddable":true,"href":"https:\/\/www.ulisseland.com\/journal\/wp-json\/wp\/v2\/media\/6260"}],"wp:attachment":[{"href":"https:\/\/www.ulisseland.com\/journal\/wp-json\/wp\/v2\/media?parent=6234"}],"wp:term":[{"taxonomy":"category","embeddable":true,"href":"https:\/\/www.ulisseland.com\/journal\/wp-json\/wp\/v2\/categories?post=6234"},{"taxonomy":"post_tag","embeddable":true,"href":"https:\/\/www.ulisseland.com\/journal\/wp-json\/wp\/v2\/tags?post=6234"}],"curies":[{"name":"wp","href":"https:\/\/api.w.org\/{rel}","templated":true}]}}