{"id":6191,"date":"2013-07-20T16:10:08","date_gmt":"2013-07-20T14:10:08","guid":{"rendered":"http:\/\/www.ulisseland.com\/journal\/?p=6191&#038;lang=it"},"modified":"2013-07-25T05:53:02","modified_gmt":"2013-07-25T03:53:02","slug":"sousse-tunisia-ufficializzata-lapertura-della-sede-della-camera-di-commercio-tunisino-italiana","status":"publish","type":"post","link":"https:\/\/www.ulisseland.com\/journal\/sousse-tunisia-ufficializzata-lapertura-della-sede-della-camera-di-commercio-tunisino-italiana\/","title":{"rendered":"SOUSSE \u2013 Tunisia  &#8211; Ufficializzata l\u2019apertura della sede della Camera di Commercio Tunisino Italiana"},"content":{"rendered":"<p><img loading=\"lazy\" decoding=\"async\" class=\" wp-image-6208 alignleft\" alt=\"Immagine\" src=\"https:\/\/www.ulisseland.com\/journal\/wp-content\/uploads\/2013\/07\/Immagine-300x259.png\" width=\"180\" height=\"155\" srcset=\"https:\/\/www.ulisseland.com\/journal\/wp-content\/uploads\/2013\/07\/Immagine-300x259.png 300w, https:\/\/www.ulisseland.com\/journal\/wp-content\/uploads\/2013\/07\/Immagine-600x519.png 600w, https:\/\/www.ulisseland.com\/journal\/wp-content\/uploads\/2013\/07\/Immagine.png 800w\" sizes=\"auto, (max-width: 180px) 100vw, 180px\" \/><\/p>\n<p><a href=\"https:\/\/www.ulisseland.com\/journal\/wp-content\/uploads\/2013\/07\/Flyer30.jpg\"><img loading=\"lazy\" decoding=\"async\" class=\"alignright size-medium wp-image-6207\" alt=\"a5.indd\" src=\"https:\/\/www.ulisseland.com\/journal\/wp-content\/uploads\/2013\/07\/Flyer30-214x300.jpg\" width=\"214\" height=\"300\" srcset=\"https:\/\/www.ulisseland.com\/journal\/wp-content\/uploads\/2013\/07\/Flyer30-214x300.jpg 214w, https:\/\/www.ulisseland.com\/journal\/wp-content\/uploads\/2013\/07\/Flyer30.jpg 421w\" sizes=\"auto, (max-width: 214px) 100vw, 214px\" \/><\/a><\/p>\n<p>La Dott.ssa Nora Serrani \u2013 Segretaria della Camera di Commercio Tunsino Italiana &#8211; ha dato ufficiale comunicazione con le email in doppia lingua, inviate nei giorni scorsi a tutte le aziende tunisine e italiane aderenti con una lettera ufficiale che \u00e8 allegata in PDF a questo articolo.<br \/>\nIl Presidente Mourad Fradi e gli organi direttivi della CITCI hanno espresso un lusinghiero riconoscimento a Erasmo Cocomello al quale \u00e8 stato affidato l\u2019importante incarico in conseguenza del suo impegno verso le aziende italiane e tunisine e che da dodici anni opera con competenza e dinamismo. L\u2019Area di riferimento della sede di Sousse \u2013 che in Tunisia chiamano \u201cAntenna\u201d \u00e8 quella dei Governatorati di Sousse \u2013 Monastir \u2013 Madhia e Kaerouan.<br \/>\nUn compito importante diretto a qualificare, migliorare e accelerare i processi  progettuali e velocizzare la creazione di impresa, i traffici internazionali e lo sviluppo produttivo delle imprese esistenti.<br \/>\n(Nota della Redazione)<\/p>\n<p>Cher Associ\u00e9,<br \/>\nj\u2019ai le plaisir de Vous informer que la CTICI a ouvert une antenne de repr\u00e9sentation \u00e0 Sousse afin de renforcer et d\u2019intensifier ses propres services \u00e0 faveur des associ\u00e9s.<br \/>\nVeuillez trouver ci-joint la lettre officielle de l\u2019ouverture de l\u2019antenne de notre Chambre \u00e0 Sousse.<br \/>\nEn restant \u00e0 Votre disposition pour toutes informations, Veuillez agr\u00e9er, Cher Associ\u00e9, mes meilleures salutations.<br \/>\n&#8212;&#8212;&#8212;&#8212;&#8212;&#8212;&#8212;&#8212;&#8212;&#8212;&#8212;&#8212;&#8212;-<\/p>\n<p>Gentile Associato,<br \/>\nho il piacere di informarLa che la CTICI ha aperto una propria antenna di rappresentanza a Sousse con l\u2019obiettivo di essere pi\u00f9 vicina ai propri soci, potenziando ed intensificando i suoi servizi.<br \/>\nIn allegato la lettera ufficiale di apertura dell\u2019antenna della nostra Camera a Sousse.<br \/>\nRimanendo a Sua disposizione per maggiori dettagli, ci \u00e8 gradita l\u2019occasione per porgere i nostri pi\u00f9 cordiali saluti.<\/p>\n<p>Dott.ssa Nora Serrani<br \/>\nSecr\u00e9taire g\u00e9n\u00e9ral<br \/>\nChambre Tuniso Italienne de Commerce et d&#8217;Industrie<br \/>\nCamera Tuniso Italiana di Commercio e d&#8217;Industria<br \/>\nTel : +216 71 239 123<br \/>\nFax : +216 71 235 428<br \/>\nEmail : nora.serrani@ctici.org.tn<br \/>\nSite Web : www.ctici.org.tn<br \/>\nFacebook : www.facebook.com\/ctici.tunisi<\/p>\n<p style=\"text-align: center;\"><iframe loading=\"lazy\" src=\"https:\/\/www.ulisseland.com\/journal\/wp-content\/uploads\/2013\/07\/CTICI__Comunicazione_apertura_Antenna_Sousse.pdf\" height=\"1200\" width=\"800\"><\/iframe><\/p>\n<p style=\"text-align: left;\">La Redazione<\/p>\n","protected":false},"excerpt":{"rendered":"<p>La Dott.ssa Nora Serrani \u2013 Segretaria della Camera di Commercio Tunsino Italiana &#8211; ha dato ufficiale comunicazione con le email in doppia lingua, inviate nei giorni scorsi a tutte le aziende tunisine e italiane aderenti con una lettera ufficiale che \u00e8 allegata in PDF a questo articolo. Il Presidente Mourad Fradi e gli organi direttivi<\/p>\n","protected":false},"author":1,"featured_media":0,"comment_status":"open","ping_status":"open","sticky":false,"template":"","format":"standard","meta":{"footnotes":""},"categories":[14,13,11,40],"tags":[],"class_list":["post-6191","post","type-post","status-publish","format-standard","hentry","category-comune-di-formia","category-cronaca","category-enti","category-sousse-tunisia"],"_links":{"self":[{"href":"https:\/\/www.ulisseland.com\/journal\/wp-json\/wp\/v2\/posts\/6191","targetHints":{"allow":["GET"]}}],"collection":[{"href":"https:\/\/www.ulisseland.com\/journal\/wp-json\/wp\/v2\/posts"}],"about":[{"href":"https:\/\/www.ulisseland.com\/journal\/wp-json\/wp\/v2\/types\/post"}],"author":[{"embeddable":true,"href":"https:\/\/www.ulisseland.com\/journal\/wp-json\/wp\/v2\/users\/1"}],"replies":[{"embeddable":true,"href":"https:\/\/www.ulisseland.com\/journal\/wp-json\/wp\/v2\/comments?post=6191"}],"version-history":[{"count":14,"href":"https:\/\/www.ulisseland.com\/journal\/wp-json\/wp\/v2\/posts\/6191\/revisions"}],"predecessor-version":[{"id":6198,"href":"https:\/\/www.ulisseland.com\/journal\/wp-json\/wp\/v2\/posts\/6191\/revisions\/6198"}],"wp:attachment":[{"href":"https:\/\/www.ulisseland.com\/journal\/wp-json\/wp\/v2\/media?parent=6191"}],"wp:term":[{"taxonomy":"category","embeddable":true,"href":"https:\/\/www.ulisseland.com\/journal\/wp-json\/wp\/v2\/categories?post=6191"},{"taxonomy":"post_tag","embeddable":true,"href":"https:\/\/www.ulisseland.com\/journal\/wp-json\/wp\/v2\/tags?post=6191"}],"curies":[{"name":"wp","href":"https:\/\/api.w.org\/{rel}","templated":true}]}}