{"id":6170,"date":"2013-07-19T16:53:39","date_gmt":"2013-07-19T14:53:39","guid":{"rendered":"http:\/\/www.ulisseland.com\/journal\/?p=6170&#038;lang=it"},"modified":"2013-07-19T16:53:39","modified_gmt":"2013-07-19T14:53:39","slug":"formia-sopralluogo-della-giunta-al-parco-de-curtis","status":"publish","type":"post","link":"https:\/\/www.ulisseland.com\/journal\/formia-sopralluogo-della-giunta-al-parco-de-curtis\/","title":{"rendered":"FORMIA: Sopralluogo della Giunta al Parco De Curtis"},"content":{"rendered":"<figure id=\"attachment_6171\" aria-describedby=\"caption-attachment-6171\" style=\"width: 300px\" class=\"wp-caption alignleft\"><a href=\"https:\/\/www.ulisseland.com\/journal\/wp-content\/uploads\/2013\/07\/1.jpg\"><img loading=\"lazy\" decoding=\"async\" src=\"https:\/\/www.ulisseland.com\/journal\/wp-content\/uploads\/2013\/07\/1-300x225.jpg\" alt=\"Il Parco De Curtis\" width=\"300\" height=\"225\" class=\"size-medium wp-image-6171\" srcset=\"https:\/\/www.ulisseland.com\/journal\/wp-content\/uploads\/2013\/07\/1-300x225.jpg 300w, https:\/\/www.ulisseland.com\/journal\/wp-content\/uploads\/2013\/07\/1-1024x768.jpg 1024w, https:\/\/www.ulisseland.com\/journal\/wp-content\/uploads\/2013\/07\/1-600x450.jpg 600w\" sizes=\"auto, (max-width: 300px) 100vw, 300px\" \/><\/a><figcaption id=\"caption-attachment-6171\" class=\"wp-caption-text\">Il Parco De Curtis<\/figcaption><\/figure>\n<p><a href=\"https:\/\/www.ulisseland.com\/journal\/wp-content\/uploads\/2013\/07\/3.jpg\"><img loading=\"lazy\" decoding=\"async\" src=\"https:\/\/www.ulisseland.com\/journal\/wp-content\/uploads\/2013\/07\/3-300x218.jpg\" alt=\"3\" width=\"300\" height=\"218\" class=\"alignleft size-medium wp-image-6172\" srcset=\"https:\/\/www.ulisseland.com\/journal\/wp-content\/uploads\/2013\/07\/3-300x218.jpg 300w, https:\/\/www.ulisseland.com\/journal\/wp-content\/uploads\/2013\/07\/3-1024x744.jpg 1024w, https:\/\/www.ulisseland.com\/journal\/wp-content\/uploads\/2013\/07\/3-600x436.jpg 600w\" sizes=\"auto, (max-width: 300px) 100vw, 300px\" \/><\/a><\/p>\n<p><a href=\"https:\/\/www.ulisseland.com\/journal\/wp-content\/uploads\/2013\/07\/6-parco.jpg\"><img loading=\"lazy\" decoding=\"async\" src=\"https:\/\/www.ulisseland.com\/journal\/wp-content\/uploads\/2013\/07\/6-parco-300x225.jpg\" alt=\"6 parco\" width=\"300\" height=\"225\" class=\"alignleft size-medium wp-image-6173\" srcset=\"https:\/\/www.ulisseland.com\/journal\/wp-content\/uploads\/2013\/07\/6-parco-300x225.jpg 300w, https:\/\/www.ulisseland.com\/journal\/wp-content\/uploads\/2013\/07\/6-parco-1024x768.jpg 1024w, https:\/\/www.ulisseland.com\/journal\/wp-content\/uploads\/2013\/07\/6-parco-600x450.jpg 600w\" sizes=\"auto, (max-width: 300px) 100vw, 300px\" \/><\/a><br \/>\nAprire l\u2019intera struttura e metterla a disposizione della citt\u00e0. Questo l\u2019obiettivo fissato dalla Giunta comunale al termine del sopralluogo effettuato ieri presso la palazzina posta all\u2019interno del parco De Curtis di Gianola. Il rudere usato per decenni come spaccio dall\u2019allora campeggio, fu ristrutturato nel corso della penultima amministrazione Bartolomeo grazie all\u2019attivazione di un finanziamento regionale per un importo di 700 mila euro. L\u2019obiettivo era di farne un centro di aggregazione giovanile. Poi cambi\u00f2 l\u2019amministrazione e l\u2019immobile prese destinazioni diverse. Da asilo per l\u2019infanzia a sede per il Centro Anziani di Gianola. Il primo piano, costituito da tre grossi ambienti, di cui uno a vetrata con vista sul parco, \u00e8 rimasto inspiegabilmente abbandonato per tutti questi anni. \u201cLo pensammo come un centro per i giovani, con servizi per l\u2019infanzia \u2013 spiega l\u2019assessore Claudio Marciano che allora reper\u00ec il finanziamento -. Poi si \u00e8 insediato il Centro Anziani che, devo dire, si \u00e8 ben organizzato al piano terra. Vogliamo per\u00f2 che le generazioni si integrino e presto riapriremo il piano superiore, da destinare a bambini e ragazzi e a iniziative culturali da individuare con la collaborazione di tutti\u201d. Al sopralluogo c\u2019erano anche gli assessori Eliana Talamas (Servizi Sociali) e Clide Rak (Attivit\u00e0 Produttive). \u201cLa riqualificazione del parco De Curtis \u2013 commentano &#8211; \u00e8 un punto focale del nostro programma. Le potenzialit\u00e0 sono enormi. Abbiamo tante richieste di patrocinio per eventi che potrebbero agevolmente essere ospitati dall\u2019edificio all\u2019interno del parco, come ad esempio mostre e attivit\u00e0 per l\u2019infanzia\u201d. \u201cLa revisione del regolamento sulle sale comunali ripristiner\u00e0 la gratuit\u00e0 degli spazi pubblici \u2013 spiega Maria Rita Manzo, vicesindaco con delega alla Cultura -. Contestualmente, monitoreremo tutti gli spazi comunali esistenti, compreso quello al parco De Curtis con l\u2019obiettivo di favorire la partecipazione, l\u2019aggregazione e le attivit\u00e0 ricreativo-culturali\u201d. Nel corso del sopralluogo, il primo cittadino Sandro Bartolomeo ha incontrato il Centro Anziani e visionato l\u2019intera struttura. \u201cMetteremo il primo piano a disposizione dei bambini e dei ragazzi per programmi educativi \u2013 spiega -. Per i mesi estivi, la struttura si presta anche ad attivit\u00e0 legate al mare\u201d. Il sindaco ha poi visitato il parco trovandolo \u201cpulito e perfettamente fruibile\u201d. Lanciando un\u2019idea: \u201cAll\u2019ingresso c\u2019\u00e8 un gabbiotto semiabbandonato. E\u2019 nostro desiderio impegnare ragazzi disabili che abbiano una buona capacit\u00e0 lavorativa per gestire un piccolo punto di ristoro e offrire servizi, come pulizia e vigilanza\u201d.<br \/>\nIl Direttore Dott. Sergio Monforte <\/p>\n","protected":false},"excerpt":{"rendered":"<p>Aprire l\u2019intera struttura e metterla a disposizione della citt\u00e0. Questo l\u2019obiettivo fissato dalla Giunta comunale al termine del sopralluogo effettuato ieri presso la palazzina posta all\u2019interno del parco De Curtis di Gianola. Il rudere usato per decenni come spaccio dall\u2019allora campeggio, fu ristrutturato nel corso della penultima amministrazione Bartolomeo grazie all\u2019attivazione di un finanziamento regionale<\/p>\n","protected":false},"author":1,"featured_media":0,"comment_status":"open","ping_status":"open","sticky":false,"template":"","format":"standard","meta":{"footnotes":""},"categories":[14,13,11],"tags":[],"class_list":["post-6170","post","type-post","status-publish","format-standard","hentry","category-comune-di-formia","category-cronaca","category-enti"],"_links":{"self":[{"href":"https:\/\/www.ulisseland.com\/journal\/wp-json\/wp\/v2\/posts\/6170","targetHints":{"allow":["GET"]}}],"collection":[{"href":"https:\/\/www.ulisseland.com\/journal\/wp-json\/wp\/v2\/posts"}],"about":[{"href":"https:\/\/www.ulisseland.com\/journal\/wp-json\/wp\/v2\/types\/post"}],"author":[{"embeddable":true,"href":"https:\/\/www.ulisseland.com\/journal\/wp-json\/wp\/v2\/users\/1"}],"replies":[{"embeddable":true,"href":"https:\/\/www.ulisseland.com\/journal\/wp-json\/wp\/v2\/comments?post=6170"}],"version-history":[{"count":1,"href":"https:\/\/www.ulisseland.com\/journal\/wp-json\/wp\/v2\/posts\/6170\/revisions"}],"predecessor-version":[{"id":6174,"href":"https:\/\/www.ulisseland.com\/journal\/wp-json\/wp\/v2\/posts\/6170\/revisions\/6174"}],"wp:attachment":[{"href":"https:\/\/www.ulisseland.com\/journal\/wp-json\/wp\/v2\/media?parent=6170"}],"wp:term":[{"taxonomy":"category","embeddable":true,"href":"https:\/\/www.ulisseland.com\/journal\/wp-json\/wp\/v2\/categories?post=6170"},{"taxonomy":"post_tag","embeddable":true,"href":"https:\/\/www.ulisseland.com\/journal\/wp-json\/wp\/v2\/tags?post=6170"}],"curies":[{"name":"wp","href":"https:\/\/api.w.org\/{rel}","templated":true}]}}