{"id":6154,"date":"2013-07-19T16:22:36","date_gmt":"2013-07-19T14:22:36","guid":{"rendered":"http:\/\/www.ulisseland.com\/journal\/?p=6154&#038;lang=it"},"modified":"2013-07-19T16:22:36","modified_gmt":"2013-07-19T14:22:36","slug":"formia-il-sindaco-bartolomeo-incontra-i-cittadini-di-trivio","status":"publish","type":"post","link":"https:\/\/www.ulisseland.com\/journal\/formia-il-sindaco-bartolomeo-incontra-i-cittadini-di-trivio\/","title":{"rendered":"FORMIA: Il sindaco Bartolomeo incontra i cittadini di Trivio"},"content":{"rendered":"<p><a href=\"https:\/\/www.ulisseland.com\/journal\/wp-content\/uploads\/2013\/07\/5.jpg\"><img loading=\"lazy\" decoding=\"async\" src=\"https:\/\/www.ulisseland.com\/journal\/wp-content\/uploads\/2013\/07\/5-300x225.jpg\" alt=\"5\" width=\"300\" height=\"225\" class=\"alignright size-medium wp-image-6155\" srcset=\"https:\/\/www.ulisseland.com\/journal\/wp-content\/uploads\/2013\/07\/5-300x225.jpg 300w, https:\/\/www.ulisseland.com\/journal\/wp-content\/uploads\/2013\/07\/5-1024x768.jpg 1024w, https:\/\/www.ulisseland.com\/journal\/wp-content\/uploads\/2013\/07\/5-600x450.jpg 600w\" sizes=\"auto, (max-width: 300px) 100vw, 300px\" \/><\/a><\/p>\n<p><a href=\"https:\/\/www.ulisseland.com\/journal\/wp-content\/uploads\/2013\/07\/4.jpg\"><img loading=\"lazy\" decoding=\"async\" src=\"https:\/\/www.ulisseland.com\/journal\/wp-content\/uploads\/2013\/07\/4-225x300.jpg\" alt=\"4\" width=\"225\" height=\"300\" class=\"alignright size-medium wp-image-6156\" srcset=\"https:\/\/www.ulisseland.com\/journal\/wp-content\/uploads\/2013\/07\/4-225x300.jpg 225w, https:\/\/www.ulisseland.com\/journal\/wp-content\/uploads\/2013\/07\/4-768x1024.jpg 768w, https:\/\/www.ulisseland.com\/journal\/wp-content\/uploads\/2013\/07\/4-600x800.jpg 600w\" sizes=\"auto, (max-width: 225px) 100vw, 225px\" \/><\/a><br \/>\nCome promesso in campagna elettorale, il sindaco Sandro Bartolomeo ha incontrato ieri sera i cittadini di Trivio, accompagnato dall\u2019assessore Eleonora Zangrillo e da alcuni consiglieri comunali. Piazza Sant\u2019Andrea gremita di persone per il primo faccia a faccia diretto con la nuova amministrazione, in attesa della vera e propria assemblea pubblica che si terr\u00e0 nel prossimo settembre. Il sindaco ha ribadito l\u2019intenzione di tenere un dialogo costante con l\u2019intero territorio, in un ideale cordone che tenga unito il centro con le varie parti della citt\u00e0. L\u2019assessore Zangrillo ha fatto il punto sullo stato dei lavori in piazza Sant\u2019Andrea. \u201cLa Provincia &#8211; ha spiegato la titolare dei Lavori Pubblici &#8211; ha approvato la perizia di variante. Per completare l\u2019intervento serviranno al massimo dieci giorni ma non sar\u00e0 possibile chiudere il cantiere entro le festivit\u00e0 della Madonna della Croce. Faremo di tutto per\u00f2 perch\u00e9 la Provincia, responsabile dei lavori, completi al pi\u00f9 presto i lavori e questa piazza potr\u00e0 essere inaugurata in via definitiva\u201d. Ai cittadini che chiedevano interventi sul fronte della sicurezza stradale, la Zangrillo ha annunciato la prossima installazione di almeno due strisce pedonali rialzate, di cui una da porre di fronte alla scuola. Del pessimo stato della piazza simbolo della comunit\u00e0 di Trivio ha parlato anche il sindaco Sandro Bartolomeo. \u201cPer rifarla bene \u2013 ha detto -, bisogna cambiare l\u2019intera pavimentazione. Persino le griglie sono state calcolate male. Questa piazza \u00e8 l\u2019esempio di tanti errori e uno spreco di denaro pubblico\u201d. Poi la promessa: \u201cMi impegner\u00f2 a trovare in bilancio dei fondi per un dotare di un organo la parte superiore della chiesa\u201d.  Ha annunciato poi l\u2019intenzione di celebrare il ricordo dell\u2019eccidio della Costarella. \u201cQuest\u2019anno ricorre il 70esimo anniversario \u2013 ha detto -. Qui morirono 8 persone trucidate dai nazisti e voglio che l\u2019intera citt\u00e0 non dimentichi. Per quell\u2019occasione, faremo di Trivio il centro di Formia, riunita attorno ai valori della solidariet\u00e0 e del ricordo\u201d.<br \/>\nIl Direttore Dott. Sergio Monforte<\/p>\n","protected":false},"excerpt":{"rendered":"<p>Come promesso in campagna elettorale, il sindaco Sandro Bartolomeo ha incontrato ieri sera i cittadini di Trivio, accompagnato dall\u2019assessore Eleonora Zangrillo e da alcuni consiglieri comunali. Piazza Sant\u2019Andrea gremita di persone per il primo faccia a faccia diretto con la nuova amministrazione, in attesa della vera e propria assemblea pubblica che si terr\u00e0 nel prossimo<\/p>\n","protected":false},"author":1,"featured_media":0,"comment_status":"open","ping_status":"open","sticky":false,"template":"","format":"standard","meta":{"footnotes":""},"categories":[14,13,11],"tags":[],"class_list":["post-6154","post","type-post","status-publish","format-standard","hentry","category-comune-di-formia","category-cronaca","category-enti"],"_links":{"self":[{"href":"https:\/\/www.ulisseland.com\/journal\/wp-json\/wp\/v2\/posts\/6154","targetHints":{"allow":["GET"]}}],"collection":[{"href":"https:\/\/www.ulisseland.com\/journal\/wp-json\/wp\/v2\/posts"}],"about":[{"href":"https:\/\/www.ulisseland.com\/journal\/wp-json\/wp\/v2\/types\/post"}],"author":[{"embeddable":true,"href":"https:\/\/www.ulisseland.com\/journal\/wp-json\/wp\/v2\/users\/1"}],"replies":[{"embeddable":true,"href":"https:\/\/www.ulisseland.com\/journal\/wp-json\/wp\/v2\/comments?post=6154"}],"version-history":[{"count":1,"href":"https:\/\/www.ulisseland.com\/journal\/wp-json\/wp\/v2\/posts\/6154\/revisions"}],"predecessor-version":[{"id":6157,"href":"https:\/\/www.ulisseland.com\/journal\/wp-json\/wp\/v2\/posts\/6154\/revisions\/6157"}],"wp:attachment":[{"href":"https:\/\/www.ulisseland.com\/journal\/wp-json\/wp\/v2\/media?parent=6154"}],"wp:term":[{"taxonomy":"category","embeddable":true,"href":"https:\/\/www.ulisseland.com\/journal\/wp-json\/wp\/v2\/categories?post=6154"},{"taxonomy":"post_tag","embeddable":true,"href":"https:\/\/www.ulisseland.com\/journal\/wp-json\/wp\/v2\/tags?post=6154"}],"curies":[{"name":"wp","href":"https:\/\/api.w.org\/{rel}","templated":true}]}}