{"id":6146,"date":"2013-07-19T16:12:03","date_gmt":"2013-07-19T14:12:03","guid":{"rendered":"http:\/\/www.ulisseland.com\/journal\/?p=6146&#038;lang=it"},"modified":"2013-07-19T16:12:03","modified_gmt":"2013-07-19T14:12:03","slug":"gaeta-panapesca-accordo-quadro-siglato-in-regione","status":"publish","type":"post","link":"https:\/\/www.ulisseland.com\/journal\/gaeta-panapesca-accordo-quadro-siglato-in-regione\/","title":{"rendered":"GAETA &#8211; PANAPESCA: Accordo quadro siglato in Regione"},"content":{"rendered":"<p>Sindaco Mitrano: \u201cIl Tavolo di concertazione ottiene  risultati positivi per i lavoratori\u201d<br \/>\n<a href=\"https:\/\/www.ulisseland.com\/journal\/wp-content\/uploads\/2013\/07\/Panapesca.jpg\"><img decoding=\"async\" src=\"https:\/\/www.ulisseland.com\/journal\/wp-content\/uploads\/2013\/07\/Panapesca.jpg\" alt=\"Stabilimento Panapesca Gaeta\" class=\"alignright size-medium wp-image-6147\" \/><\/a><\/p>\n<p><a href=\"https:\/\/www.ulisseland.com\/journal\/wp-content\/uploads\/2013\/07\/Panapesca1.jpg\"><img decoding=\"async\" src=\"https:\/\/www.ulisseland.com\/journal\/wp-content\/uploads\/2013\/07\/Panapesca1.jpg\" alt=\"Panapesca1\" class=\"alignright size-medium wp-image-6148\" \/><\/a><\/p>\n<p>Segnali positivi per i dipendenti della Panapesca di Gaeta, azienda  in crisi del settore della vendita all&#8217;ingrosso di prodotti ittici congelati e surgelati: scongiurati i licenziamenti con la garanzia  regionale del prolungamento per altri due mesi della Cassa Integrazione in deroga. Un respiro di sollievo, dunque, per le 32 famiglie che il 31 luglio prossimo avrebbero visto la sospensione dell\u2019 ammortizzatore sociale,  percepito dal 1\u00b0 aprile 2013.<br \/>\nRisultati importanti sono stati, dunque, raggiunti nell\u2019incontro tra maestranze sindacali, Azienda e Regione Lazio,  tenutosi il 17 luglio scorso, presso la Pisana,  grazie alla sinergia vincente posta in essere dal Tavolo di concertazione per la salvaguardia occupazionale, istituito, su richiesta delle maestranze sindacali, dal Sindaco di Gaeta Cosmo Mitrano.<br \/>\nLa riunione regionale si \u00e8 svolta alla  presenza di  funzionari dell\u2019Assessorato regionale al Lavoro,  delegati della RSU dello stabilimento di Gaeta,  dal Segretario Provinciale  della UILA \u2013UIL Latina, Luca Lombardo, e dal Segretario Provinciale della FLAI \u2013CGIL di Latina, Luca Bonetto, e dei rappresentanti della Societ\u00e0 della Panapesca.<br \/>\nL\u2019impegno assunto dalla Regione per altri due mesi di Cassa Integrazione in deroga, che in tal modo viene  garantita fino al 30 settembre prossimo,  rientra in un Accordo quadro siglato, il cui obbiettivo \u00e8 quello di ottenere la continuazione per altri due mesi di tale ammortizzatore sociale (fino al 30 novembre 2013). Quest\u2019ultima possibilit\u00e0 per\u00f2 \u00e8 condizionata dal reperimento da parte della Regione Lazio dei fondi  necessari. L\u2019Accordo quadro prevede, inoltre, una mobilit\u00e0 volontaria con incentivi per l\u2019esodo.<br \/>\n\u201cSeguendo il percorso tracciato dall\u2019Accordo quadro si arriverebbe \u2013 sottolineano i rappresentanti sindacali \u2013 a 8 mesi complessivi di Cassa Integrazione in Deroga: periodo necessario per richiedere al Ministero del Lavoro cosi come previsto dalle leggi vigenti, della richiesta della Cassa integrazione straordinaria per crisi aziendale per cessazione di attivit\u00e0 per ulteriori12 mesi . Tempo congruo per individuare insieme agli altri attori del Tavolo di concertazione, alternative sul territorio, finalizzate alla soluzione concreta della problematica occupazionale in questione, valutando manifestazioni di interesse da parte di eventuali imprenditori\u201d.<br \/>\nL\u2019incontro in Regione \u00e8 stato preceduto da una riunione operativa del Tavolo di concertazione per la salvaguardia occupazionale, convocato dal Sindaco di Gaeta Cosmo Mitrano, concordato con i suoi componenti, tenutosi marted\u00ec 16 luglio 2013, presso l\u2019Aula Consiliare del Palazzo Comunale di Gaeta. Al centro del confronto gli aspetti critici dell\u2019attuale situazione della Panapesca e le richieste avanzate e opportunamente ascoltate nel consesso regionale il giorno successivo.<br \/>\nTutti gli attori della delicata vertenza occupazionale, ritengono  \u201cfondamentale proseguire sulla strada intrapresa dell\u2019unit\u00e0 tra le forze messe in campo: lavoratori, sigle sindacali, istituzioni con pacata compostezza hanno compiuto un piccolo, ma decisivo passo verso l\u2019individuazione di soluzioni concrete  della crisi occupazionale. La difficile situazione si sta appianando con una moderata evoluzione a favore dei dipendenti della Panapesca di Gaeta\u201d.<br \/>\nDa parte del Sindaco Mitrano forte plauso alle maestranze sindacali \u201cper l\u2019incisiva capacit\u00e0 di mediazione dimostrata, con  maturit\u00e0 e senso di responsabilit\u00e0; insieme hanno lavorato sodo per trovare soluzioni lavorative definitive per i dipendenti dell\u2019azienda. La governance realizzata dal Tavolo di concertazione,  e le sue azioni di diplomazia  sono risultate determinanti per il futuro dei lavoratori\u201d.<br \/>\nIl Sindaco Mitrano ribadisce la propria disponibilit\u00e0 a convocare a breve termine un nuovo tavolo istituzionale, con la presenza di tutti gli attori dello stesso, per avere delucidazioni ulteriori sull&#8217;accordo quadro siglato e descritto precedentemente tra le parti interessate.<br \/>\nIl Direttore Dott. Sergio Monforte<\/p>\n","protected":false},"excerpt":{"rendered":"<p>Sindaco Mitrano: \u201cIl Tavolo di concertazione ottiene risultati positivi per i lavoratori\u201d Segnali positivi per i dipendenti della Panapesca di Gaeta, azienda in crisi del settore della vendita all&#8217;ingrosso di prodotti ittici congelati e surgelati: scongiurati i licenziamenti con la garanzia regionale del prolungamento per altri due mesi della Cassa Integrazione in deroga. Un respiro<\/p>\n","protected":false},"author":1,"featured_media":0,"comment_status":"open","ping_status":"open","sticky":false,"template":"","format":"standard","meta":{"footnotes":""},"categories":[20,13,11],"tags":[],"class_list":["post-6146","post","type-post","status-publish","format-standard","hentry","category-comune-di-gaeta","category-cronaca","category-enti"],"_links":{"self":[{"href":"https:\/\/www.ulisseland.com\/journal\/wp-json\/wp\/v2\/posts\/6146","targetHints":{"allow":["GET"]}}],"collection":[{"href":"https:\/\/www.ulisseland.com\/journal\/wp-json\/wp\/v2\/posts"}],"about":[{"href":"https:\/\/www.ulisseland.com\/journal\/wp-json\/wp\/v2\/types\/post"}],"author":[{"embeddable":true,"href":"https:\/\/www.ulisseland.com\/journal\/wp-json\/wp\/v2\/users\/1"}],"replies":[{"embeddable":true,"href":"https:\/\/www.ulisseland.com\/journal\/wp-json\/wp\/v2\/comments?post=6146"}],"version-history":[{"count":1,"href":"https:\/\/www.ulisseland.com\/journal\/wp-json\/wp\/v2\/posts\/6146\/revisions"}],"predecessor-version":[{"id":6149,"href":"https:\/\/www.ulisseland.com\/journal\/wp-json\/wp\/v2\/posts\/6146\/revisions\/6149"}],"wp:attachment":[{"href":"https:\/\/www.ulisseland.com\/journal\/wp-json\/wp\/v2\/media?parent=6146"}],"wp:term":[{"taxonomy":"category","embeddable":true,"href":"https:\/\/www.ulisseland.com\/journal\/wp-json\/wp\/v2\/categories?post=6146"},{"taxonomy":"post_tag","embeddable":true,"href":"https:\/\/www.ulisseland.com\/journal\/wp-json\/wp\/v2\/tags?post=6146"}],"curies":[{"name":"wp","href":"https:\/\/api.w.org\/{rel}","templated":true}]}}