{"id":6126,"date":"2013-07-08T18:29:58","date_gmt":"2013-07-08T16:29:58","guid":{"rendered":"http:\/\/www.ulisseland.com\/journal\/?p=6126&#038;lang=it"},"modified":"2013-07-08T18:29:58","modified_gmt":"2013-07-08T16:29:58","slug":"gaeta-grandi-vele-al-vento","status":"publish","type":"post","link":"https:\/\/www.ulisseland.com\/journal\/gaeta-grandi-vele-al-vento\/","title":{"rendered":"GAETA: \u201cGrandi Vele\u201d al vento"},"content":{"rendered":"<p align=\"center\"><b>\u00a0<\/b><\/p>\n<figure id=\"attachment_6128\" aria-describedby=\"caption-attachment-6128\" style=\"width: 300px\" class=\"wp-caption alignright\"><a href=\"https:\/\/www.ulisseland.com\/journal\/wp-content\/uploads\/2013\/07\/Grandi-vele.jpg\"><img loading=\"lazy\" decoding=\"async\" class=\"size-medium wp-image-6128\" alt=\"Grandi vele nel golfo\" src=\"https:\/\/www.ulisseland.com\/journal\/wp-content\/uploads\/2013\/07\/Grandi-vele-300x206.jpg\" width=\"300\" height=\"206\" srcset=\"https:\/\/www.ulisseland.com\/journal\/wp-content\/uploads\/2013\/07\/Grandi-vele-300x206.jpg 300w, https:\/\/www.ulisseland.com\/journal\/wp-content\/uploads\/2013\/07\/Grandi-vele-1024x704.jpg 1024w, https:\/\/www.ulisseland.com\/journal\/wp-content\/uploads\/2013\/07\/Grandi-vele-600x412.jpg 600w, https:\/\/www.ulisseland.com\/journal\/wp-content\/uploads\/2013\/07\/Grandi-vele.jpg 1278w\" sizes=\"auto, (max-width: 300px) 100vw, 300px\" \/><\/a><figcaption id=\"caption-attachment-6128\" class=\"wp-caption-text\">Grandi vele nel golfo<\/figcaption><\/figure>\n<p>Prende il via, questa sera, a Gaeta, la nuova edizione della manifestazione nautica \u201cGrandi Vele\u201d,<b><i> <\/i><\/b>in programma nel Piazzale Caboto, che ospiter\u00e0 il villaggio delle &#8220;Grandi Vele&#8221; d&#8217;epoca. Al centro della serata odierna ci sar\u00e0 la presentazione di &#8220;Dagli abissi alle vette del mondo&#8221;, un incontro con due atleti di rilievo internazionale: Ilaria Molinari, 3 volte campionessa italiana di apnea in assetto costante, e Daniele Nardi, alpinista laziale con alle spalle svariate esperienze esplorative oltre gli 8.000 metri e ambasciatore dei diritti umani del mondo.<\/p>\n<p>La serata, offerta dal Comune di Gaeta in collaborazione con gli organizzatori di &#8220;Grandi Vele&#8221; (Yacht Club Gaeta EVS, Club Nautico Gaeta e Lega Navale Italiana Sezione di Gaeta), proporr\u00e0\u00a0 inediti filmati sulle esperienze di entrambi gli ospiti, che saranno chiamati a commentarle, creando un esclusivo momento di riflessione sul valore del contatto con la natura come occasione di confronto e crescita personale.<\/p>\n<p>Prende cos\u00ec il via a Gaeta l\u2019importante\u00a0 kermesse velica che propone una felice simbiosi tra mare e terra, vela e arte. Per il\u00a0 collaboratore del Sindaco delegato ai Grandi Eventi Dino Pascali, <i>\u00e8 la conferma di\u00a0 una manifestazione di successo dall\u2019alto valore sportivo e culturale, inserita nel nuovo brand Gaeta Grandi Eventi, ideata dall\u2019attuale Amministrazione per il rilancio economico e turistico del nostro territorio\u201d. <\/i><\/p>\n<p>Oltre alle regate a mare, che si svolgeranno da venerd\u00ec a domenica con partenze tutti i giorni alle ore 13, &#8220;Grandi Vele&#8221; propone un ricco calendario di eventi a terra tra cultura e mondanit\u00e0. Venerd\u00ec pomeriggio verr\u00e0 inaugurata, all&#8217;interno del villaggio dei regatanti, l&#8217;esposizione &#8220;Pennelli e Grandi Vele&#8221; con opere pittoriche sulle barche d&#8217;epoca e contestualmente prender\u00e0 il via\u00a0 la V edizione del &#8220;Trofeo Sebastiano Conca&#8221;. In serata si svolger\u00e0 il concerto di musica popolare dal titolo &#8220;Fusioni Mediterranee&#8221;. Sabato sera, le celebrazioni sportive con la consegna dei premi &#8220;Il Nostromo&#8221; alla memoria di Gianni Bonomo, dedicato alla figura dell\u2019educatore e formatore degli uomini di mare per antonomasia, e &#8220;Il Follaro d&#8217;Oro&#8221;, riconoscimento per olimpionici italiani.<\/p>\n<p>Il Direttore Dott. Sergio Monforte<\/p>\n<figure id=\"attachment_6127\" aria-describedby=\"caption-attachment-6127\" style=\"width: 586px\" class=\"wp-caption alignright\"><a href=\"https:\/\/www.ulisseland.com\/journal\/wp-content\/uploads\/2013\/07\/Grandi-vele1.jpg\"><img loading=\"lazy\" decoding=\"async\" class=\"size-large wp-image-6127\" alt=\"Grandi vele\" src=\"https:\/\/www.ulisseland.com\/journal\/wp-content\/uploads\/2013\/07\/Grandi-vele1-1024x664.jpg\" width=\"586\" height=\"379\" srcset=\"https:\/\/www.ulisseland.com\/journal\/wp-content\/uploads\/2013\/07\/Grandi-vele1-1024x664.jpg 1024w, https:\/\/www.ulisseland.com\/journal\/wp-content\/uploads\/2013\/07\/Grandi-vele1-300x194.jpg 300w, https:\/\/www.ulisseland.com\/journal\/wp-content\/uploads\/2013\/07\/Grandi-vele1-600x389.jpg 600w, https:\/\/www.ulisseland.com\/journal\/wp-content\/uploads\/2013\/07\/Grandi-vele1.jpg 1354w\" sizes=\"auto, (max-width: 586px) 100vw, 586px\" \/><\/a><figcaption id=\"caption-attachment-6127\" class=\"wp-caption-text\">Grandi vele<\/figcaption><\/figure>\n","protected":false},"excerpt":{"rendered":"<p>\u00a0 Prende il via, questa sera, a Gaeta, la nuova edizione della manifestazione nautica \u201cGrandi Vele\u201d, in programma nel Piazzale Caboto, che ospiter\u00e0 il villaggio delle &#8220;Grandi Vele&#8221; d&#8217;epoca. Al centro della serata odierna ci sar\u00e0 la presentazione di &#8220;Dagli abissi alle vette del mondo&#8221;, un incontro con due atleti di rilievo internazionale: Ilaria Molinari,<\/p>\n","protected":false},"author":1,"featured_media":0,"comment_status":"open","ping_status":"open","sticky":false,"template":"","format":"standard","meta":{"footnotes":""},"categories":[20,13,11,6],"tags":[],"class_list":["post-6126","post","type-post","status-publish","format-standard","hentry","category-comune-di-gaeta","category-cronaca","category-enti","category-sport"],"_links":{"self":[{"href":"https:\/\/www.ulisseland.com\/journal\/wp-json\/wp\/v2\/posts\/6126","targetHints":{"allow":["GET"]}}],"collection":[{"href":"https:\/\/www.ulisseland.com\/journal\/wp-json\/wp\/v2\/posts"}],"about":[{"href":"https:\/\/www.ulisseland.com\/journal\/wp-json\/wp\/v2\/types\/post"}],"author":[{"embeddable":true,"href":"https:\/\/www.ulisseland.com\/journal\/wp-json\/wp\/v2\/users\/1"}],"replies":[{"embeddable":true,"href":"https:\/\/www.ulisseland.com\/journal\/wp-json\/wp\/v2\/comments?post=6126"}],"version-history":[{"count":2,"href":"https:\/\/www.ulisseland.com\/journal\/wp-json\/wp\/v2\/posts\/6126\/revisions"}],"predecessor-version":[{"id":6130,"href":"https:\/\/www.ulisseland.com\/journal\/wp-json\/wp\/v2\/posts\/6126\/revisions\/6130"}],"wp:attachment":[{"href":"https:\/\/www.ulisseland.com\/journal\/wp-json\/wp\/v2\/media?parent=6126"}],"wp:term":[{"taxonomy":"category","embeddable":true,"href":"https:\/\/www.ulisseland.com\/journal\/wp-json\/wp\/v2\/categories?post=6126"},{"taxonomy":"post_tag","embeddable":true,"href":"https:\/\/www.ulisseland.com\/journal\/wp-json\/wp\/v2\/tags?post=6126"}],"curies":[{"name":"wp","href":"https:\/\/api.w.org\/{rel}","templated":true}]}}