{"id":6105,"date":"2013-07-08T17:50:24","date_gmt":"2013-07-08T15:50:24","guid":{"rendered":"http:\/\/www.ulisseland.com\/journal\/?p=6105&#038;lang=it"},"modified":"2013-07-08T17:50:25","modified_gmt":"2013-07-08T15:50:25","slug":"formia-gli-alunni-dellistituto-p-mattej-recitano-scugnizzi","status":"publish","type":"post","link":"https:\/\/www.ulisseland.com\/journal\/formia-gli-alunni-dellistituto-p-mattej-recitano-scugnizzi\/","title":{"rendered":"FORMIA: Gli alunni dell\u2019istituto \u201cP. Mattej\u201d recitano \u201cScugnizzi\u201d"},"content":{"rendered":"<p style=\"text-align: center;\" align=\"center\"><b>Venerd\u00ec 5 luglio, alle ore 21,30 in piazza S.Anna a Castellone<\/b><\/p>\n<p>&nbsp;<\/p>\n<figure id=\"attachment_6106\" aria-describedby=\"caption-attachment-6106\" style=\"width: 300px\" class=\"wp-caption alignright\"><a href=\"https:\/\/www.ulisseland.com\/journal\/wp-content\/uploads\/2013\/07\/Scuola-Mattej-.jpg\"><img loading=\"lazy\" decoding=\"async\" class=\"size-medium wp-image-6106\" alt=\"Scuola Mattej\" src=\"https:\/\/www.ulisseland.com\/journal\/wp-content\/uploads\/2013\/07\/Scuola-Mattej--300x224.jpg\" width=\"300\" height=\"224\" srcset=\"https:\/\/www.ulisseland.com\/journal\/wp-content\/uploads\/2013\/07\/Scuola-Mattej--300x224.jpg 300w, https:\/\/www.ulisseland.com\/journal\/wp-content\/uploads\/2013\/07\/Scuola-Mattej--600x448.jpg 600w, https:\/\/www.ulisseland.com\/journal\/wp-content\/uploads\/2013\/07\/Scuola-Mattej-.jpg 919w\" sizes=\"auto, (max-width: 300px) 100vw, 300px\" \/><\/a><figcaption id=\"caption-attachment-6106\" class=\"wp-caption-text\">Scuola Mattej<\/figcaption><\/figure>\n<p>&nbsp;<\/p>\n<p>Anche quest&#8217;anno la Scuola Mattej, diretta dalla preside Prof.ssa Maria Rosa Valente, si \u00e8 distinta nelle attivit\u00e0 sportive, artistiche e canore, ultima il Musical che ha coinvolto 70 alunni i quali hanno vinto su 56 istituti, il premio &#8220;Elia Rosa&#8221; a livello nazionale. Musical che \u00e8 stato realizzato al Teatro Ariston di Gaeta per motivi logistici in quanto hanno partecipato oltre 600 persone. A furor di popolo ci sar\u00e0 una replica Venerd\u00ec 5 luglio 2013 alle ore 21,30 nella piazzetta S.Anna in localit\u00e0 Castellone (Centro Storico), dove tutta la Band della &#8220;Mattej&#8221; dar\u00e0 ancora una volta tutto il meglio di s\u00e8. Per questo motivo vale la pena di non perdersi uno spettacolo che davvero promette tante buone aspettative.<\/p>\n<p>I professori impegnati nella manifestazione sono: Michele Gentile, per il coro ed il canto; le professoresse Katia Casaburi e Marialaura Cecere per ballo e recitazione.<\/p>\n<figure id=\"attachment_6107\" aria-describedby=\"caption-attachment-6107\" style=\"width: 211px\" class=\"wp-caption alignright\"><a href=\"https:\/\/www.ulisseland.com\/journal\/wp-content\/uploads\/2013\/07\/scugnizzi-sponsor.jpg\"><img loading=\"lazy\" decoding=\"async\" class=\"size-medium wp-image-6107\" alt=\"scugnizzi sponsor\" src=\"https:\/\/www.ulisseland.com\/journal\/wp-content\/uploads\/2013\/07\/scugnizzi-sponsor-211x300.jpg\" width=\"211\" height=\"300\" srcset=\"https:\/\/www.ulisseland.com\/journal\/wp-content\/uploads\/2013\/07\/scugnizzi-sponsor-211x300.jpg 211w, https:\/\/www.ulisseland.com\/journal\/wp-content\/uploads\/2013\/07\/scugnizzi-sponsor.jpg 541w\" sizes=\"auto, (max-width: 211px) 100vw, 211px\" \/><\/a><figcaption id=\"caption-attachment-6107\" class=\"wp-caption-text\">Il manifesto dello spettacolo<\/figcaption><\/figure>\n<p>La regia \u00e8 di Marialaura Cecere.<\/p>\n<p>Questi gli alunni che parteciperanno al Musical:<\/p>\n<p>&nbsp;<\/p>\n<p>Attori e Cantanti<\/p>\n<p>&nbsp;<\/p>\n<p>Umberto Caruso<\/p>\n<p>Alessio Starita<\/p>\n<p>Mattia Vellucci<\/p>\n<p>Luca Quintigliano<\/p>\n<p>Giulio D&#8217;Argenzio<\/p>\n<p>Alessandro Zangrillo<\/p>\n<p>Martina Fico<\/p>\n<p>Anna Salvati<\/p>\n<p>Emilio Macari<\/p>\n<p>Andrea D&#8217;Argenzio<\/p>\n<p>Mattia Anniballe<\/p>\n<p>Carmine Fortunato<\/p>\n<p>Mattia Borrelli<\/p>\n<p>Francesco Vitolo<\/p>\n<p>Guido Casale<\/p>\n<p>Matteo Battaglia<\/p>\n<p>Boris Laudieri<\/p>\n<p>Diletta Genno<\/p>\n<p>Giorgia Treglia<\/p>\n<p>Alessandra Cavallo<\/p>\n<p>Manuel Parasmo<\/p>\n<p>&nbsp;<\/p>\n<p>Coro<\/p>\n<p>&nbsp;<\/p>\n<p>Anna Giulia Paolino<\/p>\n<p>Gabriele Conte<\/p>\n<p>Sara Quagliozza<\/p>\n<p>Micol Maiello<\/p>\n<p>Chiara Maggiacomo<\/p>\n<p>Sara Formisano<\/p>\n<p>Gaia Spasiano<\/p>\n<p>&nbsp;<\/p>\n<p>Ballerini<\/p>\n<p>&nbsp;<\/p>\n<p>Asia Trano<\/p>\n<p>Alfredo De Meo<\/p>\n<p>Gaia Macera<\/p>\n<p>Antonio Cannella<\/p>\n<p>Andrea Ponticelli<\/p>\n<p>Alessandro Raso<\/p>\n<p>Francesca Palo<\/p>\n<p>Sara Passaretti<\/p>\n<p>Marika Pagano<\/p>\n<p>Olimpia D&#8217;Apuzzo<\/p>\n<p>Roberta Politelli<\/p>\n<p>Gaia Vecchio<\/p>\n<p>Asia Varriale<\/p>\n<p>Maria Vincenza Calvano<\/p>\n<p>Margherita Piscopo<\/p>\n<p>Silvia Cucciniello<\/p>\n<p>Samantha Pietrafesa<\/p>\n<p>Dajana Kodra<\/p>\n<p>Federica Ferrillo<\/p>\n<p>Federica Tucciarone<\/p>\n<p>Siria Forte<\/p>\n<p>Daniele Ciccolella<\/p>\n<p>Vittorio Matrullo<\/p>\n<p>Antonia Iannella<\/p>\n<p>Luca Forcina<\/p>\n<p>Alessia Andreozzi<\/p>\n<p>Melissa Macera<\/p>\n<p>Valeria Macera<\/p>\n<p>Carola Di Nucci<\/p>\n<p>Andrea Zanon<\/p>\n<p>Liliana Simeoni<\/p>\n<p>Stefania Borrelli<\/p>\n<p>Grazia Manco<\/p>\n<p>Eloise Estrano<\/p>\n<p>Laura Masiello<\/p>\n<p>Francesco Marzullo<\/p>\n<p>Martina Gallo<\/p>\n<p>Marco Valerio<\/p>\n<p>Matteo Santoro<\/p>\n<p>&nbsp;<\/p>\n<p>Il Direttore Dott. Sergio Monforte<\/p>\n","protected":false},"excerpt":{"rendered":"<p>Venerd\u00ec 5 luglio, alle ore 21,30 in piazza S.Anna a Castellone &nbsp; &nbsp; Anche quest&#8217;anno la Scuola Mattej, diretta dalla preside Prof.ssa Maria Rosa Valente, si \u00e8 distinta nelle attivit\u00e0 sportive, artistiche e canore, ultima il Musical che ha coinvolto 70 alunni i quali hanno vinto su 56 istituti, il premio &#8220;Elia Rosa&#8221; a livello<\/p>\n","protected":false},"author":1,"featured_media":0,"comment_status":"open","ping_status":"open","sticky":false,"template":"","format":"standard","meta":{"footnotes":""},"categories":[14,13,11],"tags":[],"class_list":["post-6105","post","type-post","status-publish","format-standard","hentry","category-comune-di-formia","category-cronaca","category-enti"],"_links":{"self":[{"href":"https:\/\/www.ulisseland.com\/journal\/wp-json\/wp\/v2\/posts\/6105","targetHints":{"allow":["GET"]}}],"collection":[{"href":"https:\/\/www.ulisseland.com\/journal\/wp-json\/wp\/v2\/posts"}],"about":[{"href":"https:\/\/www.ulisseland.com\/journal\/wp-json\/wp\/v2\/types\/post"}],"author":[{"embeddable":true,"href":"https:\/\/www.ulisseland.com\/journal\/wp-json\/wp\/v2\/users\/1"}],"replies":[{"embeddable":true,"href":"https:\/\/www.ulisseland.com\/journal\/wp-json\/wp\/v2\/comments?post=6105"}],"version-history":[{"count":1,"href":"https:\/\/www.ulisseland.com\/journal\/wp-json\/wp\/v2\/posts\/6105\/revisions"}],"predecessor-version":[{"id":6108,"href":"https:\/\/www.ulisseland.com\/journal\/wp-json\/wp\/v2\/posts\/6105\/revisions\/6108"}],"wp:attachment":[{"href":"https:\/\/www.ulisseland.com\/journal\/wp-json\/wp\/v2\/media?parent=6105"}],"wp:term":[{"taxonomy":"category","embeddable":true,"href":"https:\/\/www.ulisseland.com\/journal\/wp-json\/wp\/v2\/categories?post=6105"},{"taxonomy":"post_tag","embeddable":true,"href":"https:\/\/www.ulisseland.com\/journal\/wp-json\/wp\/v2\/tags?post=6105"}],"curies":[{"name":"wp","href":"https:\/\/api.w.org\/{rel}","templated":true}]}}