{"id":6092,"date":"2013-07-03T19:57:23","date_gmt":"2013-07-03T17:57:23","guid":{"rendered":"http:\/\/www.ulisseland.com\/journal\/?p=6092&#038;lang=it"},"modified":"2013-07-03T20:15:49","modified_gmt":"2013-07-03T18:15:49","slug":"formia-ecco-la-nuova-giunta","status":"publish","type":"post","link":"https:\/\/www.ulisseland.com\/journal\/formia-ecco-la-nuova-giunta\/","title":{"rendered":"FORMIA: Ecco la nuova Giunta"},"content":{"rendered":"<p>Si completa la nuova amministrazione comunale di Formia, presieduta, per la quarta volta, dal Sindaco Sandro Bartolomeo.<img decoding=\"async\" class=\"aligncenter size-medium wp-image-6094\" alt=\"Il Sindaco Samdro Bartolomeo\" src=\"https:\/\/www.ulisseland.com\/journal\/wp-content\/uploads\/2013\/07\/Sandro-Bartolomeo.bmp\" \/><\/p>\n<p>La Giunta sar\u00e0 composta da sei assessori, di cui, quattro donne e due uomini.<\/p>\n<p>Questi i criteri seguiti dal Sindaco Bartolomeo per la sua composizione:<\/p>\n<ul>\n<li>elementi non candidati nelle liste e non eletti<\/li>\n<li>numero assessori ridotto (spending review, tetto del 25% rispetto al numero dei consiglieri)<\/li>\n<li>rinnovamento e linea verde<\/li>\n<li>record di presenza femminile<\/li>\n<li><span style=\"text-decoration: underline;\">DELEGHE<\/span>: meccanismo aperto<\/li>\n<li><span style=\"text-decoration: underline;\">DELEGHE EXTRA-ASSESSORILI<\/span>: incarichi e programmi specifici (anche a tempo) affidati a consiglieri comunali e\/o esterni<\/li>\n<li><span style=\"text-decoration: underline;\">ESPERIENZA E NOVITA\u2019<\/span>: la giunta mescola \u00abesperti\u00bb e giovani di prospettiva. Profili individuali pi\u00f9 importanti degli schemi di partito<\/li>\n<li><span style=\"text-decoration: underline;\">AUSTERITY<\/span>: no a rimborsi extra-indennit\u00e0 (ristoranti, telefonini, trasporti)<\/li>\n<\/ul>\n<p><b><span style=\"text-decoration: underline;\">SINDACO SANDRO BARTOLOMEO<\/span><\/b><\/p>\n<p><b>Bilancio, Personale e Beni Archeologici<\/b><\/p>\n<p>Sessantacinque anni, neuropsichiatra infantile.\u00a0 Ha fondato e diretto a Priverno il Centro di Psichiatria dell\u2019Infanzia e Adolescenza della Asl di Latina. E\u2019 al quarto mandato da sindaco di Formia. I suoi cavalli di battaglia: valorizzazione culturale e archeologica della citt\u00e0 e crescita dei servizi sociali. Dal 2009 ha presieduto le Acli provinciali di Latina ed \u00e8 componente della Assemblea Nazionale del Partito Democratico.<\/p>\n<p><b><span style=\"text-decoration: underline;\">VICESINDACO\u00a0MARIA RITA MANZO<\/span><\/b><\/p>\n<figure id=\"attachment_6095\" aria-describedby=\"caption-attachment-6095\" style=\"width: 217px\" class=\"wp-caption alignright\"><a href=\"https:\/\/www.ulisseland.com\/journal\/wp-content\/uploads\/2013\/07\/Immagine1.png\"><img loading=\"lazy\" decoding=\"async\" class=\"size-medium wp-image-6095\" alt=\"Maria Rita Manzo\" src=\"https:\/\/www.ulisseland.com\/journal\/wp-content\/uploads\/2013\/07\/Immagine1-217x300.png\" width=\"217\" height=\"300\" srcset=\"https:\/\/www.ulisseland.com\/journal\/wp-content\/uploads\/2013\/07\/Immagine1-217x300.png 217w, https:\/\/www.ulisseland.com\/journal\/wp-content\/uploads\/2013\/07\/Immagine1.png 593w\" sizes=\"auto, (max-width: 217px) 100vw, 217px\" \/><\/a><figcaption id=\"caption-attachment-6095\" class=\"wp-caption-text\">Maria Rita Manzo<\/figcaption><\/figure>\n<p>&nbsp;<\/p>\n<p><b>Cultura, tutela patrimonio ambientale e naturalistico<\/b><\/p>\n<p>Cinquantacinque anni, sposata, con una figlia. Insegna Lettere all\u2019Istituto Professionale Alberghiero di Gianola dove ricopre anche il ruolo di coordinatrice per il Piano dell\u2019Offerta Formativa. E\u2019 consigliere comunale a Formia dal 1993. E\u2019 stata protagonista di storiche battaglie sul fronte della tutela ambientale, culminate con l\u2019istituzione dell\u2019area sensibile del Golfo di Gaeta. Ha lottato anche a difesa dei beni comuni e per la gestione pubblica dell\u2019acqua.<\/p>\n<p>&nbsp;<\/p>\n<p>&nbsp;<\/p>\n<p>&nbsp;<\/p>\n<p>&nbsp;<\/p>\n<p>&nbsp;<\/p>\n<p><b><span style=\"text-decoration: underline;\">ELEONORA ZANGRILLO<\/span><\/b><\/p>\n<figure id=\"attachment_6096\" aria-describedby=\"caption-attachment-6096\" style=\"width: 222px\" class=\"wp-caption alignright\"><a href=\"https:\/\/www.ulisseland.com\/journal\/wp-content\/uploads\/2013\/07\/Immagine2.png\"><img loading=\"lazy\" decoding=\"async\" class=\"size-medium wp-image-6096\" alt=\"Eleonora Zangrillo\" src=\"https:\/\/www.ulisseland.com\/journal\/wp-content\/uploads\/2013\/07\/Immagine2-222x300.png\" width=\"222\" height=\"300\" srcset=\"https:\/\/www.ulisseland.com\/journal\/wp-content\/uploads\/2013\/07\/Immagine2-222x300.png 222w, https:\/\/www.ulisseland.com\/journal\/wp-content\/uploads\/2013\/07\/Immagine2-600x808.png 600w, https:\/\/www.ulisseland.com\/journal\/wp-content\/uploads\/2013\/07\/Immagine2.png 631w\" sizes=\"auto, (max-width: 222px) 100vw, 222px\" \/><\/a><figcaption id=\"caption-attachment-6096\" class=\"wp-caption-text\">Eleonora Zangrillo<\/figcaption><\/figure>\n<p>&nbsp;<\/p>\n<p><b>Lavori pubblici, turismo e promozione del territorio<\/b><\/p>\n<p>Quarantaquattro anni. Imprenditrice esperta in Economia e Amministrazione delle\u00a0Imprese, Trade, Marketing, Business Development e Vendite. Vanta un\u2019ampia militanza politica. \u00c8 in amministrazione comunale dal 1999. Consigliere comunale dal 2001, ha rivestito gli incarichi di Assessore Provinciale al Bilancio e Finanze, di Consigliere provinciale, Presidente del Consiglio Comunale e di Assessore Comunale all\u2019Ambiente.\u00a0E\u2019 sposata e mamma di Annacarla, di 11 anni.<\/p>\n<p>&nbsp;<\/p>\n<p>&nbsp;<\/p>\n<p>&nbsp;<\/p>\n<p>&nbsp;<\/p>\n<p>&nbsp;<\/p>\n<p><b><span style=\"text-decoration: underline;\">GIUSEPPE MASIELLO<\/span><\/b><\/p>\n<figure id=\"attachment_6097\" aria-describedby=\"caption-attachment-6097\" style=\"width: 221px\" class=\"wp-caption alignright\"><a href=\"https:\/\/www.ulisseland.com\/journal\/wp-content\/uploads\/2013\/07\/Immagine3.png\"><img loading=\"lazy\" decoding=\"async\" class=\"size-medium wp-image-6097\" alt=\"Giuseppe Masiello\" src=\"https:\/\/www.ulisseland.com\/journal\/wp-content\/uploads\/2013\/07\/Immagine3-221x300.png\" width=\"221\" height=\"300\" srcset=\"https:\/\/www.ulisseland.com\/journal\/wp-content\/uploads\/2013\/07\/Immagine3-221x300.png 221w, https:\/\/www.ulisseland.com\/journal\/wp-content\/uploads\/2013\/07\/Immagine3-600x811.png 600w, https:\/\/www.ulisseland.com\/journal\/wp-content\/uploads\/2013\/07\/Immagine3.png 605w\" sizes=\"auto, (max-width: 221px) 100vw, 221px\" \/><\/a><figcaption id=\"caption-attachment-6097\" class=\"wp-caption-text\">Giuseppe Masiello<\/figcaption><\/figure>\n<p>&nbsp;<\/p>\n<p><b>Urbanistica, programmazione e politiche abitative<\/b><\/p>\n<p>Quarantanove anni, formiano. Si \u00e8 laureato in Giurisprudenza alla \u00abSapienza\u00bb di Roma dove ha svolto anche il ruolo di cultore in Diritto Privato. E\u2019 avvocato, iscritto nell\u2019Ordine professionale di Latina. E\u2019 esperto in gestione dell\u2019impresa, marketing strategico, finanza, contratti commerciali e diritto internazionale. Negli ultimi anni ha concentrato l\u2019attenzione professionale soprattutto nell\u2019ambito degli appalti pubblici. E\u2019 stato Consigliere comunale dal 2008 al 2013.<\/p>\n<p>&nbsp;<\/p>\n<p>&nbsp;<\/p>\n<p>&nbsp;<\/p>\n<p>&nbsp;<\/p>\n<p>&nbsp;<\/p>\n<p><b><span style=\"text-decoration: underline;\">CLAUDIO MARCIANO<\/span><\/b><\/p>\n<figure id=\"attachment_6098\" aria-describedby=\"caption-attachment-6098\" style=\"width: 216px\" class=\"wp-caption alignright\"><a href=\"https:\/\/www.ulisseland.com\/journal\/wp-content\/uploads\/2013\/07\/Immagine4.png\"><img loading=\"lazy\" decoding=\"async\" class=\"size-medium wp-image-6098\" alt=\"Claudio Marciano\" src=\"https:\/\/www.ulisseland.com\/journal\/wp-content\/uploads\/2013\/07\/Immagine4-216x300.png\" width=\"216\" height=\"300\" srcset=\"https:\/\/www.ulisseland.com\/journal\/wp-content\/uploads\/2013\/07\/Immagine4-216x300.png 216w, https:\/\/www.ulisseland.com\/journal\/wp-content\/uploads\/2013\/07\/Immagine4.png 597w\" sizes=\"auto, (max-width: 216px) 100vw, 216px\" \/><\/a><figcaption id=\"caption-attachment-6098\" class=\"wp-caption-text\">Claudio Marciano<\/figcaption><\/figure>\n<p>&nbsp;<\/p>\n<p><b>Sostenibilit\u00e0 urbana (acqua pubblica, energia, mobilit\u00e0, rifiuti), \u00abcitt\u00e0 intelligenti\u00bb <\/b><\/p>\n<p>Ventinove anni, dottorando di ricerca in Comunicazione e ricerca sociale presso la \u00abSapienza\u00bb di Roma. Collabora col Ministero dello sviluppo economico in un progetto per una nuova mobilit\u00e0 urbana. E&#8217; assistente di cattedra in Sociologia dell&#8217;ambiente e del territorio nella facolt\u00e0 di Scienze Politiche, Sociali e della Comunicazione. Dal 2003 al 2008 \u00e8 stato assessore alle politiche giovanili e all&#8217;igiene urbana nel Comune di Formia. E&#8217; cantautore, ha pubblicato tre dischi con il gruppo \u00abTecnosospiri\u00bb.<\/p>\n<p>&nbsp;<\/p>\n<p>&nbsp;<\/p>\n<p>&nbsp;<\/p>\n<p>&nbsp;<\/p>\n<p><b><span style=\"text-decoration: underline;\">CLIDE RAK<\/span><\/b><\/p>\n<figure id=\"attachment_6099\" aria-describedby=\"caption-attachment-6099\" style=\"width: 231px\" class=\"wp-caption alignright\"><a href=\"https:\/\/www.ulisseland.com\/journal\/wp-content\/uploads\/2013\/07\/Immagine5.png\"><img loading=\"lazy\" decoding=\"async\" class=\"size-medium wp-image-6099\" alt=\"Clide Rak\" src=\"https:\/\/www.ulisseland.com\/journal\/wp-content\/uploads\/2013\/07\/Immagine5-231x300.png\" width=\"231\" height=\"300\" srcset=\"https:\/\/www.ulisseland.com\/journal\/wp-content\/uploads\/2013\/07\/Immagine5-231x300.png 231w, https:\/\/www.ulisseland.com\/journal\/wp-content\/uploads\/2013\/07\/Immagine5-600x778.png 600w, https:\/\/www.ulisseland.com\/journal\/wp-content\/uploads\/2013\/07\/Immagine5.png 610w\" sizes=\"auto, (max-width: 231px) 100vw, 231px\" \/><\/a><figcaption id=\"caption-attachment-6099\" class=\"wp-caption-text\">Clide Rak<\/figcaption><\/figure>\n<p>&nbsp;<\/p>\n<p><b>Sviluppo economico e attivit\u00e0 produttive, politiche del lavoro ed attuazione del progetto iFormi@<\/b><\/p>\n<p>Trentanove anni, laureanda in Scienze Politiche Internazionali, nata a Rimini ma formiana da sempre. E\u2019 presidente dell\u2019associazione di promozione socio-culturale \u00abCittadini 2.0\u00bb. Ha maturato esperienze lavorative tra Roma e Napoli in settori come marketing, comunicazione, gestione risorse umane, turismo, commercio ed organizzazione di eventi turistico-culturali per Enti, associazioni e privati. E\u2019 sposata e mamma di Edoardo Umberto e Domenico, di 10 e 7 anni.<\/p>\n<p>&nbsp;<\/p>\n<p>&nbsp;<\/p>\n<p>&nbsp;<\/p>\n<p>&nbsp;<\/p>\n<p><b><span style=\"text-decoration: underline;\">ELIANA TALAMAS<\/span><\/b><\/p>\n<figure id=\"attachment_6093\" aria-describedby=\"caption-attachment-6093\" style=\"width: 231px\" class=\"wp-caption alignright\"><a href=\"https:\/\/www.ulisseland.com\/journal\/wp-content\/uploads\/2013\/07\/Immagine6.png\"><img loading=\"lazy\" decoding=\"async\" class=\"size-medium wp-image-6093\" alt=\"Eliana Talamas\" src=\"https:\/\/www.ulisseland.com\/journal\/wp-content\/uploads\/2013\/07\/Immagine6-231x300.png\" width=\"231\" height=\"300\" srcset=\"https:\/\/www.ulisseland.com\/journal\/wp-content\/uploads\/2013\/07\/Immagine6-231x300.png 231w, https:\/\/www.ulisseland.com\/journal\/wp-content\/uploads\/2013\/07\/Immagine6-600x778.png 600w, https:\/\/www.ulisseland.com\/journal\/wp-content\/uploads\/2013\/07\/Immagine6.png 610w\" sizes=\"auto, (max-width: 231px) 100vw, 231px\" \/><\/a><figcaption id=\"caption-attachment-6093\" class=\"wp-caption-text\">Eliana Talamas<\/figcaption><\/figure>\n<p>&nbsp;<\/p>\n<p><b>Politiche sociali (welfare cittadino, politiche giovanili e ricreative)<\/b><\/p>\n<p style=\"text-align: center;\">Trent\u2019anni, laureata in Sociologia con Master di ricerca ottenuto all\u2019Universidad de Barcelona. Vanta un\u2019importante esperienza nazionale e internazionale nel campo del Terzo Settore. E\u2019 presidente dell\u2019Associazione Educativa Ape e lavora con contratto di volontariato retribuito presso i Servizi Sociali del comune di Gaeta. E\u2019 esperta di servizi educativi dedicati ai minori. Oltre all\u2019italiano, parla correntemente Inglese, Francese e Spagnolo.<\/p>\n<p>Il Direttore Dott. Sergio Monforte<\/p>\n<p>&nbsp;<\/p>\n","protected":false},"excerpt":{"rendered":"<p>Si completa la nuova amministrazione comunale di Formia, presieduta, per la quarta volta, dal Sindaco Sandro Bartolomeo. La Giunta sar\u00e0 composta da sei assessori, di cui, quattro donne e due uomini. Questi i criteri seguiti dal Sindaco Bartolomeo per la sua composizione: elementi non candidati nelle liste e non eletti numero assessori ridotto (spending review,<\/p>\n","protected":false},"author":1,"featured_media":0,"comment_status":"open","ping_status":"open","sticky":false,"template":"","format":"standard","meta":{"footnotes":""},"categories":[14,13,11],"tags":[],"class_list":["post-6092","post","type-post","status-publish","format-standard","hentry","category-comune-di-formia","category-cronaca","category-enti"],"_links":{"self":[{"href":"https:\/\/www.ulisseland.com\/journal\/wp-json\/wp\/v2\/posts\/6092","targetHints":{"allow":["GET"]}}],"collection":[{"href":"https:\/\/www.ulisseland.com\/journal\/wp-json\/wp\/v2\/posts"}],"about":[{"href":"https:\/\/www.ulisseland.com\/journal\/wp-json\/wp\/v2\/types\/post"}],"author":[{"embeddable":true,"href":"https:\/\/www.ulisseland.com\/journal\/wp-json\/wp\/v2\/users\/1"}],"replies":[{"embeddable":true,"href":"https:\/\/www.ulisseland.com\/journal\/wp-json\/wp\/v2\/comments?post=6092"}],"version-history":[{"count":3,"href":"https:\/\/www.ulisseland.com\/journal\/wp-json\/wp\/v2\/posts\/6092\/revisions"}],"predecessor-version":[{"id":6103,"href":"https:\/\/www.ulisseland.com\/journal\/wp-json\/wp\/v2\/posts\/6092\/revisions\/6103"}],"wp:attachment":[{"href":"https:\/\/www.ulisseland.com\/journal\/wp-json\/wp\/v2\/media?parent=6092"}],"wp:term":[{"taxonomy":"category","embeddable":true,"href":"https:\/\/www.ulisseland.com\/journal\/wp-json\/wp\/v2\/categories?post=6092"},{"taxonomy":"post_tag","embeddable":true,"href":"https:\/\/www.ulisseland.com\/journal\/wp-json\/wp\/v2\/tags?post=6092"}],"curies":[{"name":"wp","href":"https:\/\/api.w.org\/{rel}","templated":true}]}}