{"id":6082,"date":"2013-07-03T19:37:17","date_gmt":"2013-07-03T17:37:17","guid":{"rendered":"http:\/\/www.ulisseland.com\/journal\/?p=6082&#038;lang=it"},"modified":"2013-07-03T19:37:19","modified_gmt":"2013-07-03T17:37:19","slug":"formia-la-raccolta-differenziata-si-estende-a-tutta-la-citta","status":"publish","type":"post","link":"https:\/\/www.ulisseland.com\/journal\/formia-la-raccolta-differenziata-si-estende-a-tutta-la-citta\/","title":{"rendered":"FORMIA: La raccolta differenziata si estende a tutta la citt\u00e0."},"content":{"rendered":"<p>&nbsp;<\/p>\n<figure id=\"attachment_6084\" aria-describedby=\"caption-attachment-6084\" style=\"width: 219px\" class=\"wp-caption alignright\"><a href=\"https:\/\/www.ulisseland.com\/journal\/wp-content\/uploads\/2013\/07\/Assessore-Claudio-Marciano.jpg\"><img loading=\"lazy\" decoding=\"async\" class=\"size-medium wp-image-6084\" alt=\"Assessore-Claudio-Marciano\" src=\"https:\/\/www.ulisseland.com\/journal\/wp-content\/uploads\/2013\/07\/Assessore-Claudio-Marciano-219x300.jpg\" width=\"219\" height=\"300\" srcset=\"https:\/\/www.ulisseland.com\/journal\/wp-content\/uploads\/2013\/07\/Assessore-Claudio-Marciano-219x300.jpg 219w, https:\/\/www.ulisseland.com\/journal\/wp-content\/uploads\/2013\/07\/Assessore-Claudio-Marciano-600x821.jpg 600w, https:\/\/www.ulisseland.com\/journal\/wp-content\/uploads\/2013\/07\/Assessore-Claudio-Marciano.jpg 701w\" sizes=\"auto, (max-width: 219px) 100vw, 219px\" \/><\/a><figcaption id=\"caption-attachment-6084\" class=\"wp-caption-text\">Assessore-Claudio-Marciano<\/figcaption><\/figure>\n<p>Tre atti importanti per chiudere il cerchio della raccolta differenziata. Saranno presentati nel corso della prima giunta dal neoassessore con delega ai rifiuti Claudio Marciano.<\/p>\n<p>1)\u00a0\u00a0\u00a0\u00a0\u00a0 <b>estensione entro settembre della raccolta porta a porta nella frazione di Penitro<\/b>. L\u2019intervento sar\u00e0 finanziato con un fondo regionale di 170 mila euro girato al Comune dalla Provincia di Latina.<\/p>\n<p>2)\u00a0\u00a0\u00a0\u00a0\u00a0 <b>estensione del porta a porta nel quartiere di Gianola entro il mese di ottobre<\/b>. La copertura finanziaria \u00e8 garantita da un residuo di finanziamento regionale di 200 mila euro. Una quota dei due finanziamenti sar\u00e0 destinata alla necessaria campagna di promozione e sensibilizzazione che vedr\u00e0 protagonisti i diversi quartieri e a cui parteciperanno attivamente la Giunta ed il Consiglio Comunale, con particolare riferimento ai consiglieri radicati nelle zone interessate dall\u2019intervento.<\/p>\n<p>3)\u00a0\u00a0\u00a0\u00a0\u00a0 <b>emissione di un avviso pubblico per il compostaggio domestico<\/b>. L\u2019intenzione \u00e8 di dare in comodato d\u2019uso una compostiera per il recupero dell\u2019organico a tutti i cittadini possessori di giardino di grandezza superiore ai 10 metri. L\u2019obiettivo dell\u2019amministrazione \u00e8 di soddisfare tutte le richieste.<\/p>\n<p><b>\u00a0<\/b><\/p>\n<p><b>Dichiarazione Bartolomeo<\/b><\/p>\n<p>\u201cIl completamento della raccolta differenziata \u00e8 uno dei punti integranti del nostro programma elettorale. Manteniamo gli impegni presi e lo facciamo senza indugi a chiusura di un percorso che noi abbiamo avviato nel 2007. Faremo una campagna di sensibilizzazione e di confronto diretto con i cittadini che dovranno collaborare per la buona riuscita del servizio. Siamo certi che lo faranno perch\u00e9 \u00e8 interesse di tutti\u201d.<\/p>\n<p>&nbsp;<\/p>\n<p><b>Dichiarazione Marciano<\/b><\/p>\n<p>\u00abE\u2019 con grande soddisfazione \u2013 commenta l\u2019assessore Claudio Marciano -, che ci accingiamo ad estendere il servizio a tutta Formia. L\u2019obiettivo, entro sei mesi, \u00e8 di superare la quota del 65%. Ho ricevuto tanti messagi di auguri negli ultimi giorni. Tra tutti \u2013 sottolinea Marciano \u2013, quello che mi ha fatto pi\u00f9 piacere \u00e8 arrivato da Alessio Ciacci, assessore del Comune toscano di Capannori, vincitore della Medaglia d\u2019Oro per i rifiuti in Italia. Verr\u00e0 a trovarci a fine estate. Faremo un gemellaggio tra le due citt\u00e0 nel segno della raccolta differenziata\u00bb.<\/p>\n<figure id=\"attachment_6083\" aria-describedby=\"caption-attachment-6083\" style=\"width: 150px\" class=\"wp-caption alignright\"><a href=\"https:\/\/www.ulisseland.com\/journal\/wp-content\/uploads\/2013\/07\/Rifiuti.jpg\"><img loading=\"lazy\" decoding=\"async\" class=\"size-thumbnail wp-image-6083\" alt=\"Rifiuti\" src=\"https:\/\/www.ulisseland.com\/journal\/wp-content\/uploads\/2013\/07\/Rifiuti-150x150.jpg\" width=\"150\" height=\"150\" srcset=\"https:\/\/www.ulisseland.com\/journal\/wp-content\/uploads\/2013\/07\/Rifiuti-150x150.jpg 150w, https:\/\/www.ulisseland.com\/journal\/wp-content\/uploads\/2013\/07\/Rifiuti-50x50.jpg 50w\" sizes=\"auto, (max-width: 150px) 100vw, 150px\" \/><\/a><figcaption id=\"caption-attachment-6083\" class=\"wp-caption-text\">Rifiuti<\/figcaption><\/figure>\n<p>Il Direttore Dott. Sergio Monforte<\/p>\n","protected":false},"excerpt":{"rendered":"<p>&nbsp; Tre atti importanti per chiudere il cerchio della raccolta differenziata. Saranno presentati nel corso della prima giunta dal neoassessore con delega ai rifiuti Claudio Marciano. 1)\u00a0\u00a0\u00a0\u00a0\u00a0 estensione entro settembre della raccolta porta a porta nella frazione di Penitro. L\u2019intervento sar\u00e0 finanziato con un fondo regionale di 170 mila euro girato al Comune dalla Provincia<\/p>\n","protected":false},"author":1,"featured_media":0,"comment_status":"open","ping_status":"open","sticky":false,"template":"","format":"standard","meta":{"footnotes":""},"categories":[14,13,11],"tags":[],"class_list":["post-6082","post","type-post","status-publish","format-standard","hentry","category-comune-di-formia","category-cronaca","category-enti"],"_links":{"self":[{"href":"https:\/\/www.ulisseland.com\/journal\/wp-json\/wp\/v2\/posts\/6082","targetHints":{"allow":["GET"]}}],"collection":[{"href":"https:\/\/www.ulisseland.com\/journal\/wp-json\/wp\/v2\/posts"}],"about":[{"href":"https:\/\/www.ulisseland.com\/journal\/wp-json\/wp\/v2\/types\/post"}],"author":[{"embeddable":true,"href":"https:\/\/www.ulisseland.com\/journal\/wp-json\/wp\/v2\/users\/1"}],"replies":[{"embeddable":true,"href":"https:\/\/www.ulisseland.com\/journal\/wp-json\/wp\/v2\/comments?post=6082"}],"version-history":[{"count":2,"href":"https:\/\/www.ulisseland.com\/journal\/wp-json\/wp\/v2\/posts\/6082\/revisions"}],"predecessor-version":[{"id":6086,"href":"https:\/\/www.ulisseland.com\/journal\/wp-json\/wp\/v2\/posts\/6082\/revisions\/6086"}],"wp:attachment":[{"href":"https:\/\/www.ulisseland.com\/journal\/wp-json\/wp\/v2\/media?parent=6082"}],"wp:term":[{"taxonomy":"category","embeddable":true,"href":"https:\/\/www.ulisseland.com\/journal\/wp-json\/wp\/v2\/categories?post=6082"},{"taxonomy":"post_tag","embeddable":true,"href":"https:\/\/www.ulisseland.com\/journal\/wp-json\/wp\/v2\/tags?post=6082"}],"curies":[{"name":"wp","href":"https:\/\/api.w.org\/{rel}","templated":true}]}}