{"id":6066,"date":"2013-07-03T19:14:58","date_gmt":"2013-07-03T17:14:58","guid":{"rendered":"http:\/\/www.ulisseland.com\/journal\/?p=6066&#038;lang=it"},"modified":"2013-07-03T19:14:58","modified_gmt":"2013-07-03T17:14:58","slug":"gaeta-operazione-mare-sicuro-della-guardia-costiera","status":"publish","type":"post","link":"https:\/\/www.ulisseland.com\/journal\/gaeta-operazione-mare-sicuro-della-guardia-costiera\/","title":{"rendered":"GAETA: Operazione \u201cMare Sicuro\u201d della Guardia Costiera"},"content":{"rendered":"<p><a href=\"https:\/\/www.ulisseland.com\/journal\/wp-content\/uploads\/2013\/07\/SequestroGuardiaC.jpg\"><img loading=\"lazy\" decoding=\"async\" class=\"alignright size-medium wp-image-6067\" alt=\"SequestroGuardiaC\" src=\"https:\/\/www.ulisseland.com\/journal\/wp-content\/uploads\/2013\/07\/SequestroGuardiaC-225x300.jpg\" width=\"225\" height=\"300\" srcset=\"https:\/\/www.ulisseland.com\/journal\/wp-content\/uploads\/2013\/07\/SequestroGuardiaC-225x300.jpg 225w, https:\/\/www.ulisseland.com\/journal\/wp-content\/uploads\/2013\/07\/SequestroGuardiaC.jpg 480w\" sizes=\"auto, (max-width: 225px) 100vw, 225px\" \/><\/a>Prosegue la quotidiana attivit\u00e0 di vigilanza e controllo della Guardia Costiera di Gaeta che con l\u2019impiego di personale sulle spiagge e unit\u00e0 navali monitora il litorale per la tutela dell\u2019incolumit\u00e0 dei bagnanti e dell\u2019ambiente marino.<\/p>\n<p>Nell\u2019ambito di tale attivit\u00e0 di controllo, il gommone della Guardia Costiera B30, avendo caratteristiche pi\u00f9 performanti che gli consentono di operare sottocosta, \u00e8 riuscito ad individuare circa 50 metri di rete tipo \u201cbarracuda\u201d a 100 metri dalla spiaggia di Sperlonga, nella zona di mare riservata alla balneazione.<\/p>\n<p>Il materiale \u00e8 stato posto sottosequestro.<\/p>\n<p>Nella stessa giornata,\u00a0 nella stessa zona di alto pregio ambientale e naturalistico, l\u2019unit\u00e0 navale della Guardia Costiera notava la presenza di subacquei intenti a pescare nonostante il divieto vigente a tutela dell\u2019ecosistema marino.<\/p>\n<p><a href=\"https:\/\/www.ulisseland.com\/journal\/wp-content\/uploads\/2013\/07\/SequestroGuardiaC1.jpg\"><img loading=\"lazy\" decoding=\"async\" class=\"alignright size-medium wp-image-6068\" alt=\"SequestroGuardiaC1\" src=\"https:\/\/www.ulisseland.com\/journal\/wp-content\/uploads\/2013\/07\/SequestroGuardiaC1-300x163.jpg\" width=\"300\" height=\"163\" srcset=\"https:\/\/www.ulisseland.com\/journal\/wp-content\/uploads\/2013\/07\/SequestroGuardiaC1-300x163.jpg 300w, https:\/\/www.ulisseland.com\/journal\/wp-content\/uploads\/2013\/07\/SequestroGuardiaC1-600x326.jpg 600w, https:\/\/www.ulisseland.com\/journal\/wp-content\/uploads\/2013\/07\/SequestroGuardiaC1.jpg 995w\" sizes=\"auto, (max-width: 300px) 100vw, 300px\" \/><\/a>In particolare il gommone notava a circa 20 metri dalla scogliera, in prossimit\u00e0 di Torre Capovento, all\u2019interno del Parco Regionale \u00a0Riviera d\u2019Ulisse, un pescatore subacqueo in attivit\u00e0.<\/p>\n<p>Accortosi della presenza dei militari abbandonava il pescato, i fucili, l\u2019attrezzatura da sub e si dava alla fuga, risalendo gli scogli.<\/p>\n<p>L\u2019attrezzatura \u00e8 stata posta sottosequestro ed il pescato \u00e8 stato rigettato in mare.<\/p>\n<p>&nbsp;<\/p>\n<p>Il Direttore Dott. Sergio Monforte<\/p>\n","protected":false},"excerpt":{"rendered":"<p>Prosegue la quotidiana attivit\u00e0 di vigilanza e controllo della Guardia Costiera di Gaeta che con l\u2019impiego di personale sulle spiagge e unit\u00e0 navali monitora il litorale per la tutela dell\u2019incolumit\u00e0 dei bagnanti e dell\u2019ambiente marino. Nell\u2019ambito di tale attivit\u00e0 di controllo, il gommone della Guardia Costiera B30, avendo caratteristiche pi\u00f9 performanti che gli consentono di<\/p>\n","protected":false},"author":1,"featured_media":0,"comment_status":"open","ping_status":"open","sticky":false,"template":"","format":"standard","meta":{"footnotes":""},"categories":[20,13,11],"tags":[],"class_list":["post-6066","post","type-post","status-publish","format-standard","hentry","category-comune-di-gaeta","category-cronaca","category-enti"],"_links":{"self":[{"href":"https:\/\/www.ulisseland.com\/journal\/wp-json\/wp\/v2\/posts\/6066","targetHints":{"allow":["GET"]}}],"collection":[{"href":"https:\/\/www.ulisseland.com\/journal\/wp-json\/wp\/v2\/posts"}],"about":[{"href":"https:\/\/www.ulisseland.com\/journal\/wp-json\/wp\/v2\/types\/post"}],"author":[{"embeddable":true,"href":"https:\/\/www.ulisseland.com\/journal\/wp-json\/wp\/v2\/users\/1"}],"replies":[{"embeddable":true,"href":"https:\/\/www.ulisseland.com\/journal\/wp-json\/wp\/v2\/comments?post=6066"}],"version-history":[{"count":1,"href":"https:\/\/www.ulisseland.com\/journal\/wp-json\/wp\/v2\/posts\/6066\/revisions"}],"predecessor-version":[{"id":6069,"href":"https:\/\/www.ulisseland.com\/journal\/wp-json\/wp\/v2\/posts\/6066\/revisions\/6069"}],"wp:attachment":[{"href":"https:\/\/www.ulisseland.com\/journal\/wp-json\/wp\/v2\/media?parent=6066"}],"wp:term":[{"taxonomy":"category","embeddable":true,"href":"https:\/\/www.ulisseland.com\/journal\/wp-json\/wp\/v2\/categories?post=6066"},{"taxonomy":"post_tag","embeddable":true,"href":"https:\/\/www.ulisseland.com\/journal\/wp-json\/wp\/v2\/tags?post=6066"}],"curies":[{"name":"wp","href":"https:\/\/api.w.org\/{rel}","templated":true}]}}