{"id":6062,"date":"2013-06-29T17:27:49","date_gmt":"2013-06-29T15:27:49","guid":{"rendered":"http:\/\/www.ulisseland.com\/journal\/?p=6062&#038;lang=it"},"modified":"2013-06-29T17:27:49","modified_gmt":"2013-06-29T15:27:49","slug":"formia-il-sindaco-bartolomeo-il-nuovo-p-r-g-si-puo-chiudere-entro-pochi-mesi","status":"publish","type":"post","link":"https:\/\/www.ulisseland.com\/journal\/formia-il-sindaco-bartolomeo-il-nuovo-p-r-g-si-puo-chiudere-entro-pochi-mesi\/","title":{"rendered":"FORMIA: il Sindaco Bartolomeo: \u201cIl nuovo P.R.G. si pu\u00f2 chiudere entro pochi mesi\u201d"},"content":{"rendered":"<p>&nbsp;<\/p>\n<figure id=\"attachment_6064\" aria-describedby=\"caption-attachment-6064\" style=\"width: 150px\" class=\"wp-caption alignleft\"><a href=\"https:\/\/www.ulisseland.com\/journal\/wp-content\/uploads\/2013\/06\/Sindaco-Sandro-Bartolomeo.jpg\"><img loading=\"lazy\" decoding=\"async\" class=\"size-thumbnail wp-image-6064\" alt=\"il Sindaco Sandro Bartolomeo\" src=\"https:\/\/www.ulisseland.com\/journal\/wp-content\/uploads\/2013\/06\/Sindaco-Sandro-Bartolomeo-150x150.jpg\" width=\"150\" height=\"150\" srcset=\"https:\/\/www.ulisseland.com\/journal\/wp-content\/uploads\/2013\/06\/Sindaco-Sandro-Bartolomeo-150x150.jpg 150w, https:\/\/www.ulisseland.com\/journal\/wp-content\/uploads\/2013\/06\/Sindaco-Sandro-Bartolomeo-50x50.jpg 50w\" sizes=\"auto, (max-width: 150px) 100vw, 150px\" \/><\/a><figcaption id=\"caption-attachment-6064\" class=\"wp-caption-text\">il Sindaco Sandro Bartolomeo<\/figcaption><\/figure>\n<p>I passaggi gi\u00e0 compiuti e gli orientamenti dell\u2019amministrazione appena insediata: prende forma il nuovo piano regolatore. Ieri mattina il sindaco Sandro Bartolomeo ha incontrato il professor Franco Purini e l\u2019architetto Stefano Stanghellini. All\u2019incontro hanno preso parte anche il dirigente del settore Urbanistica del Comune, Roberto Guratti e gli architetti Abate Russo, Gionta e Cerquozzi.\u00a0 E\u2019 stata l\u2019occazione per un\u2019ampia panoramica sul lavoro svolto dai due urbanisti. Purini ha la consulenza generale per la redazione del piano; Stanghellini l\u2019incarico specifico per la parte riguardante le perequazioni urbanistiche (il processo che favorisce la trasparenza nella catalogazione delle varie porzioni di territorio, consentendo l\u2019acquisizione delle aree per servizi standard senza dover provvedere ad espropri).<\/p>\n<p>Nel corso della riunione si \u00e8 esaminato lo stato dell\u2019iter procedurale. Il piano dovr\u00e0 affrontare alcuni passaggi in Consiglio Comunale dopo il documento di indirizzi presentato nel giugno 2011. Allo stesso tempo, sar\u00e0 compito dell\u2019ufficio concordare con la Reigone l\u2019iter per la Valutazione Ambientale Strategica (VAS). Nel corso dell\u2019incontro della mattina sono emersi gli indirizzi generali che l\u2019amministrazione intende perseguire:<\/p>\n<p><a href=\"https:\/\/www.ulisseland.com\/journal\/wp-content\/uploads\/2013\/06\/purini_franco_02.jpg\"><img loading=\"lazy\" decoding=\"async\" class=\"alignright size-thumbnail wp-image-6063\" alt=\"purini_franco_02\" src=\"https:\/\/www.ulisseland.com\/journal\/wp-content\/uploads\/2013\/06\/purini_franco_02-150x150.jpg\" width=\"150\" height=\"150\" srcset=\"https:\/\/www.ulisseland.com\/journal\/wp-content\/uploads\/2013\/06\/purini_franco_02-150x150.jpg 150w, https:\/\/www.ulisseland.com\/journal\/wp-content\/uploads\/2013\/06\/purini_franco_02-50x50.jpg 50w\" sizes=\"auto, (max-width: 150px) 100vw, 150px\" \/><\/a><\/p>\n<p>1)\u00a0\u00a0\u00a0\u00a0\u00a0 tutela dell\u2019ambiente e salvaguardia del territorio;<\/p>\n<p>2)\u00a0\u00a0\u00a0\u00a0\u00a0 riduzione al minimo del consumo di suolo;<\/p>\n<p>3)\u00a0\u00a0\u00a0\u00a0\u00a0 valorizzazione del patrimonio archeologico, storico, architettonico, culturale e ambientale;<\/p>\n<p>4)\u00a0\u00a0\u00a0\u00a0\u00a0 verifica sulla complessiva dotazione dei servizi prevista con invito a programmarne potenziamento, miglioramento e distribuzione sul territorio, cos\u00ec che le aree gi\u00e0 urbanizzate siano adeguatamente attrezzate e servite;<\/p>\n<p>5)\u00a0\u00a0\u00a0\u00a0\u00a0 nuova stazione ferroviaria a Santa Croce;<\/p>\n<p>6)\u00a0\u00a0\u00a0\u00a0\u00a0 potenziamento del sistema infrastrutturale con nuova viabilit\u00e0 tesa ad alleggerire il traffico;<\/p>\n<p>7)\u00a0\u00a0\u00a0\u00a0\u00a0 previsione di un congruo sistema di accesso agli arenili e realizzazione\u00a0 di una pista ciclabile che colleghi Gianola a Formia;<\/p>\n<p>8)\u00a0\u00a0\u00a0\u00a0\u00a0 complessiva riqualificazione del comprensorio di Gianola;<\/p>\n<p>9)\u00a0\u00a0\u00a0\u00a0\u00a0 realizzazione di un parco urbano cittadino a Santa Maria la Noce e Campese, cos\u00ec da garantirne l\u2019integrit\u00e0 territoriale;<\/p>\n<p>10)\u00a0 evitare in tutti i modi la saldatura tra fascia collinare e costa rispettando la fascia di territorio agricolo attualmente libera;<\/p>\n<p>11)\u00a0 riqualificazione del Parco De Curtis, con realizzazione di un \u201cmuseo del mare\u201d e di una \u201cCitt\u00e0 dei bambini\u201d;<\/p>\n<p>12)\u00a0 acquisizione dell\u2019ex discoteca \u201cMarina di Castellone\u201d, confiscata alla camorra, dove verr\u00e0 ricollocato in sede pi\u00f9 idonea il museo archeologico, tappa del percorso archeologico che da piazzale Vespucci conduce a Vindicio<\/p>\n<p>&nbsp;<\/p>\n<p>PUNTI FONDAMENTALI :<\/p>\n<ul>\n<li>forte indirizzo al contenimento dell\u2019uso del suolo a fini edificatori, e ristrutturazione delle aree gi\u00e0 urbanizzate. Assoluta inedificabilit\u00e0 nell\u2019area occidentale della citt\u00e0, ingresso a Formia da via Appia, Vindicio, ecc. Distribuzione volumetrie realizzate in base ad esigenze funzionali del territorio e non in base a criteri speculativi; centro congressi all\u2019ex Seven Up e previsione di strutture ricettive e alberghiere a Gianola (compreso albergo diffuso).<\/li>\n<li>TEMPI: definizione entro massimo un anno.<\/li>\n<li>OSPEDALE: ribadita l\u2019opzione Enaoli.<\/li>\n<li>AREE INDUSTRIALI DISMESSE: procedere alla loro riqualificazione.<\/li>\n<li>POLITICHE SCOLASTICHE: campus scolastico e sportivo a Penitro.<\/li>\n<\/ul>\n<p>&nbsp;<\/p>\n<p>A conclusione dell\u2019incontro con i tecnici, il Sindaco Sandro Bartolomeo ha dichiarato: \u201cQuesti sono gli orientamenti di carattere generale che dovranno essere opportunamente approfonditi nella sede idonea, e cio\u00e8 il Consiglio Comunale. Desidero che sia il Consiglio tutto ad essere coinvolto nella discussione sulla riqualificazione della citt\u00e0, avendo ben presente che questa della variante al piano \u00e8 la grande occasione per la riqualificazione del nostro territorio. Il professor Purini si \u00e8 impegnato in tempi brevi a recepire queste indicazioni di massima. In autunno saremo pronti per avviare la discussione in Consiglio Comunale. Ringrazio il settore urbanistico del Comune di Formia e i professori Purini, Stanghellini e Cerquozzi per la sensibilit\u00e0 dimostrata a recepire queste indicazioni di massima e a graficizzarne in una proposta di piano che permetta finalmente una discussione vera sulla variante di piano, ivi compresa la collocazione di nuove volumetrie di edilizia residenziale, pubblica e privata\u201d.<\/p>\n<p>&nbsp;<\/p>\n","protected":false},"excerpt":{"rendered":"<p>&nbsp; I passaggi gi\u00e0 compiuti e gli orientamenti dell\u2019amministrazione appena insediata: prende forma il nuovo piano regolatore. Ieri mattina il sindaco Sandro Bartolomeo ha incontrato il professor Franco Purini e l\u2019architetto Stefano Stanghellini. All\u2019incontro hanno preso parte anche il dirigente del settore Urbanistica del Comune, Roberto Guratti e gli architetti Abate Russo, Gionta e Cerquozzi.\u00a0<\/p>\n","protected":false},"author":1,"featured_media":0,"comment_status":"open","ping_status":"open","sticky":false,"template":"","format":"standard","meta":{"footnotes":""},"categories":[14,13],"tags":[],"class_list":["post-6062","post","type-post","status-publish","format-standard","hentry","category-comune-di-formia","category-cronaca"],"_links":{"self":[{"href":"https:\/\/www.ulisseland.com\/journal\/wp-json\/wp\/v2\/posts\/6062","targetHints":{"allow":["GET"]}}],"collection":[{"href":"https:\/\/www.ulisseland.com\/journal\/wp-json\/wp\/v2\/posts"}],"about":[{"href":"https:\/\/www.ulisseland.com\/journal\/wp-json\/wp\/v2\/types\/post"}],"author":[{"embeddable":true,"href":"https:\/\/www.ulisseland.com\/journal\/wp-json\/wp\/v2\/users\/1"}],"replies":[{"embeddable":true,"href":"https:\/\/www.ulisseland.com\/journal\/wp-json\/wp\/v2\/comments?post=6062"}],"version-history":[{"count":1,"href":"https:\/\/www.ulisseland.com\/journal\/wp-json\/wp\/v2\/posts\/6062\/revisions"}],"predecessor-version":[{"id":6065,"href":"https:\/\/www.ulisseland.com\/journal\/wp-json\/wp\/v2\/posts\/6062\/revisions\/6065"}],"wp:attachment":[{"href":"https:\/\/www.ulisseland.com\/journal\/wp-json\/wp\/v2\/media?parent=6062"}],"wp:term":[{"taxonomy":"category","embeddable":true,"href":"https:\/\/www.ulisseland.com\/journal\/wp-json\/wp\/v2\/categories?post=6062"},{"taxonomy":"post_tag","embeddable":true,"href":"https:\/\/www.ulisseland.com\/journal\/wp-json\/wp\/v2\/tags?post=6062"}],"curies":[{"name":"wp","href":"https:\/\/api.w.org\/{rel}","templated":true}]}}