{"id":606,"date":"2012-03-21T14:35:55","date_gmt":"2012-03-21T14:35:55","guid":{"rendered":"http:\/\/www.ulisseland.com\/journal\/?p=606&#038;lang=it"},"modified":"2012-03-28T11:56:05","modified_gmt":"2012-03-28T11:56:05","slug":"petizione-popolare-in-difesa-dellautonomia-del-liceo-classico-vitruvio-pollione-di-formia","status":"publish","type":"post","link":"https:\/\/www.ulisseland.com\/journal\/petizione-popolare-in-difesa-dellautonomia-del-liceo-classico-vitruvio-pollione-di-formia\/","title":{"rendered":"FORMIA: PETIZIONE POPOLARE IN DIFESA DELL\u2019AUTONOMIA DEL LICEO CLASSICO \u201cVITRUVIO POLLIONE\u201d"},"content":{"rendered":"<p><a href=\"http:\/\/www.liceoformia.it\/web\/index.php\"><img loading=\"lazy\" decoding=\"async\" class=\"alignleft  wp-image-659\" title=\"LOGO LICEO\" src=\"https:\/\/www.ulisseland.com\/journal\/wp-content\/uploads\/2012\/03\/LOGO-LICEO.jpg\" alt=\"\" width=\"131\" height=\"209\" \/><\/a>VENUTI A CONOSCENZA della Legge di Stabilit\u00e0 n. 183 del 12.11.2011 e del conseguente Decreto sugli istituti sottodimensionati emanato il 14.03.2012 dall\u2019Ufficio Scolastico Regionale per il Lazio, per effetto del quale il Liceo Classico &#8220;Vitruvio Pollione&#8221; di Formia, il pi\u00f9 antico della provincia di Latina ed uno dei pi\u00f9 antichi della regione Lazio, \u00e8 stato sottoposto a \u201creggenza\u201d, con un dirigente scolastico e un direttore amministrativo assenti perch\u00e9 dislocati in altra sede, con relativa perdita dell\u2019autonomia garantita dal nesso autonomia-dirigenza, ai sensi della normativa vigente;<br \/>\nCONSIDERATO che la tempestiva presa di posizione del Consiglio di istituto del Liceo stesso, con la sottoscrizione, gi\u00e0 in data 13 dicembre 2011, di un documento volto a scongiurare il provvedimento, indirizzato e inviato immediatamente al Ministro della Pubblica Istruzione e al Presidente del Consiglio dei Ministri, nonch\u00e9 ai rappresentanti delle Amministrazioni locali, non ha avuto l\u2019esito auspicato;<\/p>\n<p>L&#8217;ASSOCIAZIONE EX-ALUNNI del Liceo Classico &#8220;Vitruvio Pollione&#8221; di Formia<br \/>\nESPRIME una vibrata protesta in difesa del proprio istituto che \u00e8 parte significativa della storia del territorio della provincia e della regione.<\/p>\n<p>Il Liceo Vitruvio \u00e8 una prestigiosa istituzione e vanta una lunga storia. Nato come Regio Liceo-Ginnasio, viene inaugurato dal Ministro della cultura Pietro Fedele il 6 novembre 1927, diventando subito polo di attrazione per il territorio circostante e vanto della cittadinanza. Famoso per la qualit\u00e0 del servizio, ha visto, fra gli alunni, politici della statura di Pietro Ingrao, gi\u00e0 presidente della Camera dei deputati, e di Antonio Ruberti, ex Ministro dell&#8217;Universit\u00e0 e della Ricerca Scientifica e Tecnologica e rettore dell&#8217;Universit\u00e0 di Roma &#8220;La Sapienza&#8221;, un campione olimpionico come Livio Berruti, nonch\u00e9 uno dei massimi ingegneri aerospaziali del Novecento come Angelo Miele. Fra i docenti meritano di essere ricordati Pilo Albertelli e Gioacchino Gesmundo, due dei martiri trucidati alle Fosse Ardeatine, come anche Mario Trevi, decano in Italia degli psicoanalisti di scuola junghiana .<br \/>\nIl nostro liceo continua oggi a rappresentare, sul territorio, un punto di riferimento e un polo di attrazione letterario-artistico-culturale per le sue molteplici iniziative che vedono da anni e con grande successo impegnati dirigente, docenti, studenti, famiglie e, con un ruolo di primo piano, le autorit\u00e0 locali, iniziative tutte volte a valorizzare il ricchissimo patrimonio storico-archeologico di cui \u00e8 dotata la citt\u00e0 di Formia. Basti citare, tra le altre, il Certamen Vitruvianum, &#8220;fiore all&#8217;occhiello&#8221; dell&#8217;istituto e della citt\u00e0 che ogni anno vede protagonisti gli studenti pi\u00f9 meritevoli di tante regioni italiane.<\/p>\n<p>Dal momento che la nota n.10309 del 13 dicembre 2011, a firma del Direttore Generale del Dipartimento per l&#8217;istruzione, specifica che, in fase di attuazione del dimensionamento scolastico, &#8220;si potr\u00e0 tener conto, con un criterio di gradualit\u00e0, di particolari esigenze geografiche, socioeconomiche e legate alla storia del territorio&#8221;, siamo fermamente convinti, come associazione, che il Liceo Vitruvio, per le sue caratteristiche di unicit\u00e0 legate, appunto, alla \u201cstoria del territorio\u201d, abbia pieno titolo per essere considerato polo culturale di tutto il sud pontino.<br \/>\nUna proroga del provvedimento, per il prossimo anno scolastico 2012\/2013 (che \u00e8 stata concessa in altri casi: vedi, ad es., il Liceo Cavalieri di Verbania in Piemonte, con un numero di alunni iscritti pari a quelli del Liceo \u201cVitruvio\u201d), consentirebbe, peraltro, una pi\u00f9 serena e meditata soluzione al fine di salvaguardare l\u2019integrit\u00e0 del nostro Liceo.<\/p>\n<p>CITTADINI<\/p>\n<p>SOSTENIAMO il nostro Liceo! SOSTENIAMO la scuola pubblica e, con essa, la sola possibilit\u00e0 che abbiamo di riprenderci da questo momento di crisi, scommettendo e puntando sulle capacit\u00e0, sulle intelligenze, sulle menti delle nuove generazioni!<\/p>\n<p>Formia, marzo 2012<br \/>\nAssociazione ex-alunni<br \/>\ndel Liceo Classico &#8220;Vitruvio Pollione&#8221; di Formi<\/p>\n<p>Il Direttore<\/p>\n<p>Dott. Sergio Monforte<\/p>\n<p><a href=\"http:\/\/www.virtualcity3d.it\/dettaglioluogo.aspx?id=77&amp;dbdd=1&amp;comune=formia.db&amp;sferic=\"><img loading=\"lazy\" decoding=\"async\" class=\"aligncenter size-full wp-image-266\" title=\"Formia Virtual City 3D\" src=\"https:\/\/www.ulisseland.com\/journal\/wp-content\/uploads\/2012\/02\/Virtual-City-formia3D-e1329900593809.jpg\" alt=\"\" width=\"250\" height=\"257\" \/><\/a><\/p>\n","protected":false},"excerpt":{"rendered":"<p>VENUTI A CONOSCENZA della Legge di Stabilit\u00e0 n. 183 del 12.11.2011 e del conseguente Decreto sugli istituti sottodimensionati emanato il 14.03.2012 dall\u2019Ufficio Scolastico Regionale per il Lazio, per effetto del quale il Liceo Classico &#8220;Vitruvio Pollione&#8221; di Formia, il pi\u00f9 antico della provincia di Latina ed uno dei pi\u00f9 antichi della regione Lazio, \u00e8 stato<\/p>\n","protected":false},"author":1,"featured_media":0,"comment_status":"open","ping_status":"open","sticky":false,"template":"","format":"standard","meta":{"footnotes":""},"categories":[14],"tags":[],"class_list":["post-606","post","type-post","status-publish","format-standard","hentry","category-comune-di-formia"],"_links":{"self":[{"href":"https:\/\/www.ulisseland.com\/journal\/wp-json\/wp\/v2\/posts\/606","targetHints":{"allow":["GET"]}}],"collection":[{"href":"https:\/\/www.ulisseland.com\/journal\/wp-json\/wp\/v2\/posts"}],"about":[{"href":"https:\/\/www.ulisseland.com\/journal\/wp-json\/wp\/v2\/types\/post"}],"author":[{"embeddable":true,"href":"https:\/\/www.ulisseland.com\/journal\/wp-json\/wp\/v2\/users\/1"}],"replies":[{"embeddable":true,"href":"https:\/\/www.ulisseland.com\/journal\/wp-json\/wp\/v2\/comments?post=606"}],"version-history":[{"count":6,"href":"https:\/\/www.ulisseland.com\/journal\/wp-json\/wp\/v2\/posts\/606\/revisions"}],"predecessor-version":[{"id":658,"href":"https:\/\/www.ulisseland.com\/journal\/wp-json\/wp\/v2\/posts\/606\/revisions\/658"}],"wp:attachment":[{"href":"https:\/\/www.ulisseland.com\/journal\/wp-json\/wp\/v2\/media?parent=606"}],"wp:term":[{"taxonomy":"category","embeddable":true,"href":"https:\/\/www.ulisseland.com\/journal\/wp-json\/wp\/v2\/categories?post=606"},{"taxonomy":"post_tag","embeddable":true,"href":"https:\/\/www.ulisseland.com\/journal\/wp-json\/wp\/v2\/tags?post=606"}],"curies":[{"name":"wp","href":"https:\/\/api.w.org\/{rel}","templated":true}]}}