{"id":6052,"date":"2013-06-29T17:17:24","date_gmt":"2013-06-29T15:17:24","guid":{"rendered":"http:\/\/www.ulisseland.com\/journal\/?p=6052&#038;lang=it"},"modified":"2013-06-29T17:17:24","modified_gmt":"2013-06-29T15:17:24","slug":"formia-la-spiaggia-ex-la-salute-gode-di-pessima-salute-denunzia-del-circolo-di-rifondazione-comunista","status":"publish","type":"post","link":"https:\/\/www.ulisseland.com\/journal\/formia-la-spiaggia-ex-la-salute-gode-di-pessima-salute-denunzia-del-circolo-di-rifondazione-comunista\/","title":{"rendered":"FORMIA: La spiaggia ex \u201cla salute\u201d gode di pessima salute Denunzia del circolo di Rifondazione Comunista"},"content":{"rendered":"<p><a href=\"https:\/\/www.ulisseland.com\/journal\/wp-content\/uploads\/2013\/06\/foto-57.jpg\"><img loading=\"lazy\" decoding=\"async\" class=\"alignright size-medium wp-image-6053\" alt=\"foto (57)\" src=\"https:\/\/www.ulisseland.com\/journal\/wp-content\/uploads\/2013\/06\/foto-57-300x225.jpg\" width=\"300\" height=\"225\" srcset=\"https:\/\/www.ulisseland.com\/journal\/wp-content\/uploads\/2013\/06\/foto-57-300x225.jpg 300w, https:\/\/www.ulisseland.com\/journal\/wp-content\/uploads\/2013\/06\/foto-57-1024x768.jpg 1024w, https:\/\/www.ulisseland.com\/journal\/wp-content\/uploads\/2013\/06\/foto-57-600x450.jpg 600w\" sizes=\"auto, (max-width: 300px) 100vw, 300px\" \/><\/a> <a href=\"https:\/\/www.ulisseland.com\/journal\/wp-content\/uploads\/2013\/06\/foto-1.jpg\"><img loading=\"lazy\" decoding=\"async\" class=\"alignleft size-medium wp-image-6054\" alt=\"foto (1)\" src=\"https:\/\/www.ulisseland.com\/journal\/wp-content\/uploads\/2013\/06\/foto-1-300x225.jpg\" width=\"300\" height=\"225\" srcset=\"https:\/\/www.ulisseland.com\/journal\/wp-content\/uploads\/2013\/06\/foto-1-300x225.jpg 300w, https:\/\/www.ulisseland.com\/journal\/wp-content\/uploads\/2013\/06\/foto-1-1024x768.jpg 1024w, https:\/\/www.ulisseland.com\/journal\/wp-content\/uploads\/2013\/06\/foto-1-600x450.jpg 600w\" sizes=\"auto, (max-width: 300px) 100vw, 300px\" \/><\/a> <a href=\"https:\/\/www.ulisseland.com\/journal\/wp-content\/uploads\/2013\/06\/foto-8.jpg\"><img loading=\"lazy\" decoding=\"async\" class=\"alignright size-medium wp-image-6055\" alt=\"foto (8)\" src=\"https:\/\/www.ulisseland.com\/journal\/wp-content\/uploads\/2013\/06\/foto-8-300x225.jpg\" width=\"300\" height=\"225\" srcset=\"https:\/\/www.ulisseland.com\/journal\/wp-content\/uploads\/2013\/06\/foto-8-300x225.jpg 300w, https:\/\/www.ulisseland.com\/journal\/wp-content\/uploads\/2013\/06\/foto-8-1024x768.jpg 1024w, https:\/\/www.ulisseland.com\/journal\/wp-content\/uploads\/2013\/06\/foto-8-600x450.jpg 600w\" sizes=\"auto, (max-width: 300px) 100vw, 300px\" \/><\/a> <a href=\"https:\/\/www.ulisseland.com\/journal\/wp-content\/uploads\/2013\/06\/foto-11.jpg\"><img loading=\"lazy\" decoding=\"async\" class=\"alignright size-medium wp-image-6056\" alt=\"foto (11)\" src=\"https:\/\/www.ulisseland.com\/journal\/wp-content\/uploads\/2013\/06\/foto-11-300x225.jpg\" width=\"300\" height=\"225\" srcset=\"https:\/\/www.ulisseland.com\/journal\/wp-content\/uploads\/2013\/06\/foto-11-300x225.jpg 300w, https:\/\/www.ulisseland.com\/journal\/wp-content\/uploads\/2013\/06\/foto-11-1024x768.jpg 1024w, https:\/\/www.ulisseland.com\/journal\/wp-content\/uploads\/2013\/06\/foto-11-600x450.jpg 600w\" sizes=\"auto, (max-width: 300px) 100vw, 300px\" \/><\/a>Con ordinanza n.24 del 20 Maggio scorso l&#8217;ex-sindaco Michele Forte ordin\u00f2 il divieto di balneazione nel tratto di mare che va dalla diga foranea del porto di Formia fino a 200 metri a destra della spiaggia ex \u201cla salute\u201d [situata nei pressi della stazione dei carabinieri], a seguito di un fax dell&#8217;ufficio ambiente della regione Lazio con il quale si segnala che tale zona era classificata di \u201cscarsa\u201d qualit\u00e0. Un problema in realt\u00e0 non nuovo, infatti gi\u00e0 l&#8217;anno scorso [2012] la stessa zona era interdetta alla balneazione.<\/p>\n<p align=\"left\">Abbiamo per\u00f2 potuto verificare che l&#8217;accesso alla zona in questione \u00e8 problematico, in quanto la stradina che bisogna attraversare per poter arrivare alla spiaggia in uno stato pessimo, tanto da essere costretti a percorrerla tra mille peripezie, con il forte pericolo di cadute. Lo stesso pessimo stato che denunciammo in una precedenza occasione, sollecitati nella nostra denuncia dalle lamentele di alcuni cittadini ormai esasperati dall&#8217;immobilismo degli uffici comunali.<\/p>\n<p align=\"left\">Una volta giunti sul posto abbiamo anche potuto verificare la presenza di numerosi scoli d&#8217;acqua, probabilmente vi corre l&#8217;acqua piovana che si accumula sulla sovrastante Appia, ma da uno di essi provenivano odori tali da far pensare che la falda sia stata probabilmente contaminata da liquami provenienti da perdite nelle fogne soprastanti.<\/p>\n<p align=\"left\">Che sia questo il motivo della scarsa qualit\u00e0 delle acque marine, insieme al porto e la foce del Rio Fresco che raccoglie una serie di scarichi abusivi mai censiti ed eliminati?<\/p>\n<p align=\"left\">Una domanda a cui dovrebbe rispondere gli uffici comunali, a cui infatti ci rivolgiamo chiedendo intanto che vengano fatte le opportune indagini per verificare la provenienza di tali acque reflue, sanzionando eventuali irregolarit\u00e0 che dovessero essere accertate dagli agenti del locale comando dei vigili urbani e poi chiediamo che venga messa in sicurezza l&#8217;intera area, cos\u00ec da evitare che qualcuno si possa far male, migliorandone la fruibilit\u00e0, soprattutto in considerazione del fatto che tale spiaggia \u00e8 frequentata da anziani, mentre attualmente l&#8217;unico accesso pubblico, e quindi gratuito, \u00e8 la scalinata che si trova nei pressi della rotonda dei carabinieri. Non sappiamo, invece, se i concessionari privati rispettano l&#8217;obbligo di garantire il libero e gratuito accesso alla battigia, oppure se impongono il pagamento di un biglietto.<\/p>\n<p align=\"left\">Cos\u00ec come pare necessario sia da verificare lo stato dei vari cantieri navali che sono sorti nella stessa zona, nell&#8217;apparente disordine pi\u00f9 totale, aggiungendo a ci\u00f2 la necessit\u00e0 di superare l&#8217;impossibilit\u00e0 di intervento da parte di mezzi di soccorso, quali ad esempio le autoambulanze.<\/p>\n<p align=\"left\">D&#8217;altronde gi\u00e0 nel 2007 il tratto di costa, che va dalla spiaggia ex \u201cla salute\u201d fino all&#8217;inizio del lungomare di Santo Janni (la zona di levante), \u00e8 stata interessato ad un importante intervento di riqualificazione, sia con il rifacimento di gran parte delle scogliere e sia con il \u00abripascimento\u00bb dell&#8217;arenile.<\/p>\n<p align=\"left\">\u00abIl tutto per garantire la totale pulizia dell&#8217;arenile, con l&#8217;eliminazione di pietre, detriti e quant&#8217;altro, accumulatisi nel corso degli anni e la bonifica dello stesso da eventuali scoli insabbiati di acque bianche e nere\u00bb.<\/p>\n<p align=\"left\">Di ci\u00f2 che \u00e8 stato se ne sono perse le tracce, tant&#8217;\u00e8 che siamo costretti a denunciare il ritorno ad una condizione inaccettabile della spiaggia ex \u201cla salute\u201d, cos\u00ec come documentano le foto che abbiamo scattato.<\/p>\n<p align=\"left\">La riqualificazione dell&#8217;intero lungomare di Formia deve essere una priorit\u00e0 per chi amministra la nostra citt\u00e0, non tanto per i turisti, che comunque sono sempre i benvenuti, ma soprattutto per i tanti cittadini di Formia che desiderano potersi godere, in tutta sicurezza, l&#8217;immenso patrimonio ambientale che la nostra citt\u00e0 offre.\u00f9<\/p>\n<p align=\"left\">Il Direttore Dott. Sergio Monforte<\/p>\n","protected":false},"excerpt":{"rendered":"<p>Con ordinanza n.24 del 20 Maggio scorso l&#8217;ex-sindaco Michele Forte ordin\u00f2 il divieto di balneazione nel tratto di mare che va dalla diga foranea del porto di Formia fino a 200 metri a destra della spiaggia ex \u201cla salute\u201d [situata nei pressi della stazione dei carabinieri], a seguito di un fax dell&#8217;ufficio ambiente della regione<\/p>\n","protected":false},"author":1,"featured_media":0,"comment_status":"open","ping_status":"open","sticky":false,"template":"","format":"standard","meta":{"footnotes":""},"categories":[14,13,11],"tags":[],"class_list":["post-6052","post","type-post","status-publish","format-standard","hentry","category-comune-di-formia","category-cronaca","category-enti"],"_links":{"self":[{"href":"https:\/\/www.ulisseland.com\/journal\/wp-json\/wp\/v2\/posts\/6052","targetHints":{"allow":["GET"]}}],"collection":[{"href":"https:\/\/www.ulisseland.com\/journal\/wp-json\/wp\/v2\/posts"}],"about":[{"href":"https:\/\/www.ulisseland.com\/journal\/wp-json\/wp\/v2\/types\/post"}],"author":[{"embeddable":true,"href":"https:\/\/www.ulisseland.com\/journal\/wp-json\/wp\/v2\/users\/1"}],"replies":[{"embeddable":true,"href":"https:\/\/www.ulisseland.com\/journal\/wp-json\/wp\/v2\/comments?post=6052"}],"version-history":[{"count":1,"href":"https:\/\/www.ulisseland.com\/journal\/wp-json\/wp\/v2\/posts\/6052\/revisions"}],"predecessor-version":[{"id":6058,"href":"https:\/\/www.ulisseland.com\/journal\/wp-json\/wp\/v2\/posts\/6052\/revisions\/6058"}],"wp:attachment":[{"href":"https:\/\/www.ulisseland.com\/journal\/wp-json\/wp\/v2\/media?parent=6052"}],"wp:term":[{"taxonomy":"category","embeddable":true,"href":"https:\/\/www.ulisseland.com\/journal\/wp-json\/wp\/v2\/categories?post=6052"},{"taxonomy":"post_tag","embeddable":true,"href":"https:\/\/www.ulisseland.com\/journal\/wp-json\/wp\/v2\/tags?post=6052"}],"curies":[{"name":"wp","href":"https:\/\/api.w.org\/{rel}","templated":true}]}}