{"id":595,"date":"2012-03-20T12:40:32","date_gmt":"2012-03-20T12:40:32","guid":{"rendered":"http:\/\/www.ulisseland.com\/journal\/?p=595&#038;lang=it"},"modified":"2012-03-28T11:57:12","modified_gmt":"2012-03-28T11:57:12","slug":"celebrazione-150-anni-della-nascita-del-comune-di-formia","status":"publish","type":"post","link":"https:\/\/www.ulisseland.com\/journal\/celebrazione-150-anni-della-nascita-del-comune-di-formia\/","title":{"rendered":"FORMIA: Celebrazione 150 Anni della nascita del Comune di Formia"},"content":{"rendered":"<figure id=\"attachment_600\" aria-describedby=\"caption-attachment-600\" style=\"width: 173px\" class=\"wp-caption alignleft\"><a href=\"https:\/\/www.ulisseland.com\/journal\/wp-content\/uploads\/2012\/03\/OLI1740.jpg\"><img loading=\"lazy\" decoding=\"async\" class=\" wp-image-600   \" title=\"Il Sindaco di Formia\" src=\"https:\/\/www.ulisseland.com\/journal\/wp-content\/uploads\/2012\/03\/OLI1740.jpg\" alt=\"\" width=\"173\" height=\"165\" \/><\/a><figcaption id=\"caption-attachment-600\" class=\"wp-caption-text\">Formia - Manifestazione 150 anni<\/figcaption><\/figure>\n<p><span style=\"font-size: medium;\"><strong>L\u2019intervento del Sindaco Sen. Michele Forte\u00a0<\/strong><\/span><\/p>\n<p>Sono stati celebrati, in questi giorni, in citt\u00e0, i 150 anni della costituzione del Comune di Formia, atto solenne avvenuto con regio decreto il 13 marzo 1862 a firma\u00a0 del Re Vittorio Emanuele II. Un attestato e riconoscimento solenne alla citt\u00e0 di Formia per aver avuto un ruolo determinante nella vicenda di costituzione dell\u2019unificazione nazionale.<\/p>\n<p>Difatti, proprio qui a Formia, nella Villa Caposele, meglio conosciuta oggi come Villa Rubino, fu firmata il 13 febbraio 1861 la resa di Gaeta, un atto che sanc\u00ec la fine delle ostilit\u00e0 e consent\u00ec il 17 Marzo 1861 la proclamazione dello Stato Unitario.<\/p>\n<p>Un anno dopo la consacrazione dello Stato Nazionale il Re Vittorio Emanuele II firmava il decreto con il quale il nome del Comune di Mola e Castellone veniva sostituito con quello antico di Formia.<\/p>\n<figure id=\"attachment_599\" aria-describedby=\"caption-attachment-599\" style=\"width: 286px\" class=\"wp-caption alignright\"><a href=\"https:\/\/www.ulisseland.com\/journal\/wp-content\/uploads\/2012\/03\/OLI1718.jpg\"><img loading=\"lazy\" decoding=\"async\" class=\" wp-image-599      \" title=\"_OLI1718\" src=\"https:\/\/www.ulisseland.com\/journal\/wp-content\/uploads\/2012\/03\/OLI1718.jpg\" alt=\"\" width=\"286\" height=\"191\" \/><\/a><figcaption id=\"caption-attachment-599\" class=\"wp-caption-text\">Formia - Manifestazione 150 anni<\/figcaption><\/figure>\n<p>Un atto di nascita ufficiale da cui ebbe inizio la\u00a0 nostra storia di Comunit\u00e0 e di Amministrazione, affidata al primo sindaco di Formia Gaetano Rubino, in carica dal 1862 al 1865 e dal 1866 al 1868.<\/p>\n<p>La ricorrenza che abbiamo celebrato assume una dimensione straordinaria nel contesto degli avvenimenti storici che caratterizzarono la primavera del Risorgimento Italiano.<\/p>\n<p>Una pagina di lotta e di guerre che abbiamo ripercorso e ricordato attraverso le tante manifestazioni e cerimonie sui 150 anni dell\u2019Unit\u00e0 d\u2019Italia volute dal Capo dello Stato Giorgio Napolitano. Oggi noi vogliamo far rivivere nella memoria e nella coscienza del paese le ragioni di quell\u2019unit\u00e0 e indivisibilit\u00e0 di Patria.<\/p>\n<p>Il nome libero di Formia\u00a0 deve rappresentare un punto di partenza per guardare avanti, traendo dalle nostre radici il senso dell\u2019identit\u00e0 e dell\u2019appartenenza culturale, morale e sociale.<\/p>\n<p>L\u2019evento dei nostri 150 anni non \u00e8 solo l\u2019occasione per riflettere, approfondire, discutere sulle nostre origini. Ma \u00e8 anche un momento per unire e rinsaldare le nostre radici di popolo, camminare in avanti con uno spirito costruttivo finalizzato alla valorizzazione ed al bene supremo della citt\u00e0.<\/p>\n<p>Il nostro impegno nel ricordare e commemorare una data va al futuro, ai giovani, alle scuole oggi presenti in questa piazza. Sono loro l\u2019avvenire, la risorsa umana ed intellettuale del nostro paese. Alle nuove generazioni il compito di tenere alto il nome di Formia. Una citt\u00e0 moderna ed innovativa che partendo dalla sua millenaria e secolare storia continua la sua marcia\u00a0 nel tempo all\u2019insegna di quei valori ed ideali risorgimentali che portarono alla consacrazione dello Stato Unitario e Nazionale.<\/p>\n<p>E con questo spirito che oggi noi tutti siamo chiamati dopo 150 anni a rendere omaggio alla nascita del nome di Formia. Una Festa di Popolo che ci accompagner\u00e0 nell\u2019arco di un anno con eventi, mostre, seminari, manifestazioni sportive.<\/p>\n<p>Un sentimento di Amore e di Libert\u00e0 per la nostra terra, il nostro mare, la nostra eterna Citt\u00e0!<\/p>\n<figure id=\"attachment_602\" aria-describedby=\"caption-attachment-602\" style=\"width: 251px\" class=\"wp-caption alignleft\"><a href=\"https:\/\/www.ulisseland.com\/journal\/wp-content\/uploads\/2012\/03\/OLI2058.jpg\"><img loading=\"lazy\" decoding=\"async\" class=\" wp-image-602    \" title=\"_OLI2058\" src=\"https:\/\/www.ulisseland.com\/journal\/wp-content\/uploads\/2012\/03\/OLI2058.jpg\" alt=\"\" width=\"251\" height=\"192\" \/><\/a><figcaption id=\"caption-attachment-602\" class=\"wp-caption-text\">Formia - Manifestazione 150 anni<\/figcaption><\/figure>\n<h1><span style=\"font-size: medium;\">La Torre di Mola al centro di una mostra storica sui 150 anni di Formia<\/span><\/h1>\n<p>Nel quadro delle cerimonie commemorative sui 150 anni della costituzione del Comune di Formia il sindaco Forte ha anche inaugurato, presso la Torre di Mola, la Mostra di stampe, disegni, acquarelli e dipinti dal titolo \u201c Da Mola di Gaeta a Formia negli anni postali del XIX secolo\u201d. Da sottolineare che il complesso monumentale della Torre di Mola \u00e8 stato acquisito dal Comune di Formia, in questi giorni \u00e8 in corso la registrazione del rogito notarile \u201d.<\/p>\n<p>\u201cCon il presidente della Provincia Armando Cusani &#8211; ha dichiarato il sindaco &#8211; abbiamo perfezionando un protocollo d\u2019intesa per il passaggio di propriet\u00e0 della torre dall\u2019Ente Provincia al Comune di Formia. Per ristrutturare e recuperare questa importante struttura archeologica ho impiegato 25 anni attraverso il reperimento di finanziamenti ministeriali, regionali e provinciali. L\u2019ultimo di questi &#8211; per un importo di \u20ac 1.500.000 &#8211; ha riguardato i lavori di ultimazione di consolidamento, restauro e adeguamento dell\u2019intero complesso monumentale finanziato con un contributo della Regione Lazio mentre la Provincia \u00e8 intervenuta per la sistemazione dell\u2019area esterna al complesso monumentale con una spesa di \u20ac 207.000\u201d.\u00a0La Torre di Mola \u00e8 stata inaugurata e aperta al pubblico il 10 ottobre 2010 in occasione della cerimonia di commemorazione del 150esimo dell\u2019Unit\u00e0 d\u2019Italia e della Battaglia di Mola di Gaeta. Oggi la Torre restaurata negli interni si presenta ai visitatori in tutta la sua bellezza lasciando intravedere resti di strutture romane. Sull\u2019utilizzo della Torre il sindaco ha idee ben chiare. \u201cTutto il complesso va inserito in un circuito turistico per promuovere eventi, mostre, presentazioni di libri, attivit\u00e0 culturali. E\u2019 mia ferma intenzione aprire il sito alle scuole e a tutte quelle iniziative didattiche di crescita ed approfondimento storico. La manifestazione di domani si inserisce nel percorso celebrativo dei nostri 150 anni. Un momento di risveglio culturale che valorizza e riqualifica tutto il quartiere di Mola. Il sito artistico risale al 1300 e si pone all\u2019interno di quel bacino marittimo rappresentato dal golfo di Gaeta. Un golfo protetto e punto di incontro fra civilt\u00e0 fenicie, aurunche, volsche e romane. Acquisire la propriet\u00e0 di un bene culturale di cos\u00ec grande spessore significa non solo arricchire il nostro patrimonio archeologico ma costituisce una testimonianza dell\u2019impegno e dell\u2019attenzione\u00a0 che la mia amministrazione ha investito sull\u2019offerta artistica e culturale di questa citt\u00e0 attraverso il recupero dei criptoportici di Caposele, la riscoperta della cisterna borbonica di piazza S.Teresa, i lavori di scavo per riportare alla luce l\u2019anfiteatro romano di via Lavanga, l\u2019illuminazione dei principali siti e monumenti. Un lungo elenco di interventi sul filone artistico-culturale che rilanciano la citt\u00e0 di Formia all\u2019attenzione dell\u2019interesse nazionale\u201d.<\/p>\n<figure id=\"attachment_604\" aria-describedby=\"caption-attachment-604\" style=\"width: 275px\" class=\"wp-caption alignright\"><a href=\"https:\/\/www.ulisseland.com\/journal\/wp-content\/uploads\/2012\/03\/foto-1496.jpg\"><img loading=\"lazy\" decoding=\"async\" class=\" wp-image-604    \" title=\"foto 1496\" src=\"https:\/\/www.ulisseland.com\/journal\/wp-content\/uploads\/2012\/03\/foto-1496.jpg\" alt=\"\" width=\"275\" height=\"204\" \/><\/a><figcaption id=\"caption-attachment-604\" class=\"wp-caption-text\">Formia - Manifestazione 150 anni<\/figcaption><\/figure>\n<p><span style=\"font-size: medium;\"><strong>Grande consenso di pubblico per il convegno sul\u00a0 lungo viaggio nella storia di Formia\u00a0 <\/strong><\/span><\/p>\n<p>Ha riscosso grande consenso e partecipazione di pubblico il convegno organizzato al teatro Remigio Paone\u00a0 nel quadro delle manifestazioni dei 150 anni della istituzione del Comune di Formia. La traccia del tema \u201c Un viaggio nella storia di Formia\u201d\u00a0 costituiva gi\u00e0 un elemento di interesse per arricchire e scoprire il senso ed il significato\u00a0 di una lunga vicenda che ha segnato e\u00a0 caratterizzato nei secoli l\u2019evolversi di un territorio, protagonista di eventi che hanno inciso sullo scenario nazionale.<\/p>\n<p>\u201cAi lavori coordinati da Gianni Di Nucci &#8211; presidente dell\u2019Associazione Hormus Eventi \u2013 sono intervenuti l\u2019assessore alla cultura Amato La Mura, l\u2019Arch. Salvatore Ciccone che ha illustrato la genesi e lo sviluppo della Formia antica; il Prof. Guglielmo Villa, protagonista di un lungo e brillante intervento sull\u2019evoluzione e la ricostruzione urbana di Castellone e Mola nell\u2019et\u00e0 moderna; il Prof. Luigi Cardi che ha rievocato e spaziato sugli avvenimenti bellici che portarono Formia e Gaeta nell\u2019Unit\u00e0 d\u2019Italia\u201d; il Generale Ernesto Bonelli, protagonista di un particolareggiato\u00a0 intervento di natura militare sull\u2019ultima battaglia del Garigliano e Mola; la Dott.ssa Monia Valeriano che ha svolto una interessante panoramica sugli usi e costumi della donna nella tradizione formiana; il giornalista\u00a0 Piergiacomo Sottoriva ha concluso la carrellata degli interventi con una panoramica sulla Formia nei primi anni del dopoguerra.<\/p>\n<p>Tante le citazioni e gli aneddoti che hanno contribuito ad arricchire il viaggio lungo i sentieri di una memoria tenuta in vita dai racconti e dalle testimonianze degli storici intervenuti. Un contributo di genuina cultura storica\u00a0 al dibattito \u00e8 stato portato dall\u2019Avv. Filippo D\u2019Urgolo, studioso e conoscitore della storia di questa citt\u00e0. Al termine dei lavori a tutti i partecipanti \u00e8 stata consegnata una medaglia celebrativa dell\u2019evento e una litografia di una donna formiana realizzata dal Maestro Giuseppe Supino.\u00a0 \u201cE\u2019 stato un lungo ed apprezzato convegno storico-culturale durato oltre tre ore e seguito attentamente da una vasta platea di persone \u2013 ha dichiarato alla fine l\u2019assessore Amato La Mura \u2013 sono ampiamente soddisfatto e ringrazio tutte le persone, associazioni e relatori che hanno contribuito a realizzare una tappa cos\u00ec significativa nel percorso delle iniziative celebrative sui 150 anni della istituzione del Comune di Formia. Questi passaggi aiutano la citt\u00e0 a coltivare la memoria nella continuit\u00e0 storica di una comunit\u00e0 e di un territorio. Ritengo che il programma commemorativo che abbiamo messo in piedi abbia saputo raccogliere il consenso e la partecipazione dei cittadini. Il fine settimana che concluder\u00e0 questa prima fase\u00a0 sar\u00e0 dedicato alla grande musica di Ambrogio Sparagna ed ai due concerti che si terranno domenica al teatro Remigio Paone. Per i bambini l\u2019appuntamento con lo spettacolo di animazione, giocolieri e magia \u00e8 per domani mattina alla Villa Comunale\u201d.<\/p>\n<p>Il direttore<\/p>\n<p>Sergio\u00a0 Monforte<\/p>\n<p><a href=\"http:\/\/www.virtualcity3d.it\/dettaglioluogo.aspx?id=33&amp;ddvalue=6&amp;comune=Formia.db&amp;str=formia&amp;sferic=6330011_20090722_155301_093750_32565\"><img loading=\"lazy\" decoding=\"async\" class=\"aligncenter size-full wp-image-266\" title=\"Formia Virtual City 3D\" src=\"https:\/\/www.ulisseland.com\/journal\/wp-content\/uploads\/2012\/02\/Virtual-City-formia3D-e1329900593809.jpg\" alt=\"\" width=\"250\" height=\"257\" \/><\/a><\/p>\n","protected":false},"excerpt":{"rendered":"<p>L\u2019intervento del Sindaco Sen. Michele Forte\u00a0 Sono stati celebrati, in questi giorni, in citt\u00e0, i 150 anni della costituzione del Comune di Formia, atto solenne avvenuto con regio decreto il 13 marzo 1862 a firma\u00a0 del Re Vittorio Emanuele II. Un attestato e riconoscimento solenne alla citt\u00e0 di Formia per aver avuto un ruolo determinante<\/p>\n","protected":false},"author":1,"featured_media":0,"comment_status":"open","ping_status":"open","sticky":false,"template":"","format":"standard","meta":{"footnotes":""},"categories":[14,11],"tags":[],"class_list":["post-595","post","type-post","status-publish","format-standard","hentry","category-comune-di-formia","category-enti"],"_links":{"self":[{"href":"https:\/\/www.ulisseland.com\/journal\/wp-json\/wp\/v2\/posts\/595","targetHints":{"allow":["GET"]}}],"collection":[{"href":"https:\/\/www.ulisseland.com\/journal\/wp-json\/wp\/v2\/posts"}],"about":[{"href":"https:\/\/www.ulisseland.com\/journal\/wp-json\/wp\/v2\/types\/post"}],"author":[{"embeddable":true,"href":"https:\/\/www.ulisseland.com\/journal\/wp-json\/wp\/v2\/users\/1"}],"replies":[{"embeddable":true,"href":"https:\/\/www.ulisseland.com\/journal\/wp-json\/wp\/v2\/comments?post=595"}],"version-history":[{"count":19,"href":"https:\/\/www.ulisseland.com\/journal\/wp-json\/wp\/v2\/posts\/595\/revisions"}],"predecessor-version":[{"id":922,"href":"https:\/\/www.ulisseland.com\/journal\/wp-json\/wp\/v2\/posts\/595\/revisions\/922"}],"wp:attachment":[{"href":"https:\/\/www.ulisseland.com\/journal\/wp-json\/wp\/v2\/media?parent=595"}],"wp:term":[{"taxonomy":"category","embeddable":true,"href":"https:\/\/www.ulisseland.com\/journal\/wp-json\/wp\/v2\/categories?post=595"},{"taxonomy":"post_tag","embeddable":true,"href":"https:\/\/www.ulisseland.com\/journal\/wp-json\/wp\/v2\/tags?post=595"}],"curies":[{"name":"wp","href":"https:\/\/api.w.org\/{rel}","templated":true}]}}