{"id":5932,"date":"2013-05-20T18:02:08","date_gmt":"2013-05-20T16:02:08","guid":{"rendered":"http:\/\/www.ulisseland.com\/journal\/?p=5932&#038;lang=it"},"modified":"2013-05-20T18:02:08","modified_gmt":"2013-05-20T16:02:08","slug":"nicola-zingaretti-a-sostegno-del-candidato-sindaco-sandro-bartolomeo-incontro-a-piazza-vittoria","status":"publish","type":"post","link":"https:\/\/www.ulisseland.com\/journal\/nicola-zingaretti-a-sostegno-del-candidato-sindaco-sandro-bartolomeo-incontro-a-piazza-vittoria\/","title":{"rendered":"Nicola Zingaretti a sostegno del candidato sindaco Sandro Bartolomeo. Incontro a Piazza Vittoria"},"content":{"rendered":"<figure id=\"attachment_5933\" aria-describedby=\"caption-attachment-5933\" style=\"width: 192px\" class=\"wp-caption alignleft\"><a href=\"https:\/\/www.ulisseland.com\/journal\/wp-content\/uploads\/2013\/05\/nicolazingaretti.jpg\"><img loading=\"lazy\" decoding=\"async\" class=\" wp-image-5933  \" title=\"nicolazingaretti\" src=\"https:\/\/www.ulisseland.com\/journal\/wp-content\/uploads\/2013\/05\/nicolazingaretti.jpg\" alt=\"\" width=\"192\" height=\"192\" srcset=\"https:\/\/www.ulisseland.com\/journal\/wp-content\/uploads\/2013\/05\/nicolazingaretti.jpg 400w, https:\/\/www.ulisseland.com\/journal\/wp-content\/uploads\/2013\/05\/nicolazingaretti-150x150.jpg 150w, https:\/\/www.ulisseland.com\/journal\/wp-content\/uploads\/2013\/05\/nicolazingaretti-300x300.jpg 300w, https:\/\/www.ulisseland.com\/journal\/wp-content\/uploads\/2013\/05\/nicolazingaretti-50x50.jpg 50w\" sizes=\"auto, (max-width: 192px) 100vw, 192px\" \/><\/a><figcaption id=\"caption-attachment-5933\" class=\"wp-caption-text\">Nicola Zingaretti<\/figcaption><\/figure>\n<p><strong>Mercoled\u00ec 22 maggio<\/strong>, alle ore 19.00, a Piazza Vittoria, il Presidente della Regione Nicola Zingaretti,\u00a0 incontrer\u00e0 i cittadini a sostegno del centro sinistra e del suo candidato sindaco, Sandro Bartolomeo.<\/p>\n<p>La Regione e \u00a0il Comune sono i due attori pubblici che intervengono maggiormente nel determinare la vivibilit\u00e0 della citt\u00e0.<\/p>\n<p>&#8220;<em>Sar\u00e0 l&#8217;occasione<\/em> \u2013 afferma Sandro Bartolomeo &#8211; <em>per parlare, concretamente, di interventi da realizzare insieme, come l&#8217;Ospedale del Golfo, il rilancio del trasporto pubblico locale, la citt\u00e0 dei bambini e dei ragazzi al Parco De Curtis, il museo civico alla Di Donato, il centro congressi all&#8217;Ex Seven up<\/em>&#8220;.<\/p>\n<p>In caso di maltempo l\u2019incontro si terr\u00e0, sempre alla stessa ora, presso il teatro \u2018Remigio Paone\u2019.<strong>\u00a0<\/strong><\/p>\n<p>&nbsp;<\/p>\n<p>Comitato Elettorale<\/p>\n<p>Sandro Bartolomeo Sindaco<\/p>\n","protected":false},"excerpt":{"rendered":"<p>Mercoled\u00ec 22 maggio, alle ore 19.00, a Piazza Vittoria, il Presidente della Regione Nicola Zingaretti,\u00a0 incontrer\u00e0 i cittadini a sostegno del centro sinistra e del suo candidato sindaco, Sandro Bartolomeo. La Regione e \u00a0il Comune sono i due attori pubblici che intervengono maggiormente nel determinare la vivibilit\u00e0 della citt\u00e0. &#8220;Sar\u00e0 l&#8217;occasione \u2013 afferma Sandro Bartolomeo<\/p>\n","protected":false},"author":1,"featured_media":0,"comment_status":"open","ping_status":"open","sticky":false,"template":"","format":"standard","meta":{"footnotes":""},"categories":[14,11],"tags":[],"class_list":["post-5932","post","type-post","status-publish","format-standard","hentry","category-comune-di-formia","category-enti"],"_links":{"self":[{"href":"https:\/\/www.ulisseland.com\/journal\/wp-json\/wp\/v2\/posts\/5932","targetHints":{"allow":["GET"]}}],"collection":[{"href":"https:\/\/www.ulisseland.com\/journal\/wp-json\/wp\/v2\/posts"}],"about":[{"href":"https:\/\/www.ulisseland.com\/journal\/wp-json\/wp\/v2\/types\/post"}],"author":[{"embeddable":true,"href":"https:\/\/www.ulisseland.com\/journal\/wp-json\/wp\/v2\/users\/1"}],"replies":[{"embeddable":true,"href":"https:\/\/www.ulisseland.com\/journal\/wp-json\/wp\/v2\/comments?post=5932"}],"version-history":[{"count":2,"href":"https:\/\/www.ulisseland.com\/journal\/wp-json\/wp\/v2\/posts\/5932\/revisions"}],"predecessor-version":[{"id":5935,"href":"https:\/\/www.ulisseland.com\/journal\/wp-json\/wp\/v2\/posts\/5932\/revisions\/5935"}],"wp:attachment":[{"href":"https:\/\/www.ulisseland.com\/journal\/wp-json\/wp\/v2\/media?parent=5932"}],"wp:term":[{"taxonomy":"category","embeddable":true,"href":"https:\/\/www.ulisseland.com\/journal\/wp-json\/wp\/v2\/categories?post=5932"},{"taxonomy":"post_tag","embeddable":true,"href":"https:\/\/www.ulisseland.com\/journal\/wp-json\/wp\/v2\/tags?post=5932"}],"curies":[{"name":"wp","href":"https:\/\/api.w.org\/{rel}","templated":true}]}}