{"id":5907,"date":"2013-05-15T10:02:53","date_gmt":"2013-05-15T08:02:53","guid":{"rendered":"http:\/\/www.ulisseland.com\/journal\/?p=5907&#038;lang=it"},"modified":"2013-05-15T11:33:40","modified_gmt":"2013-05-15T09:33:40","slug":"napoli-incontro-sulla-comunicazione-digitale-il-17-e-18-maggio","status":"publish","type":"post","link":"https:\/\/www.ulisseland.com\/journal\/napoli-incontro-sulla-comunicazione-digitale-il-17-e-18-maggio\/","title":{"rendered":"NAPOLI: Incontro sulla comunicazione digitale il 17 e 18 maggio"},"content":{"rendered":"<p style=\"text-align: center;\" align=\"center\"><a href=\"https:\/\/www.ulisseland.com\/journal\/wp-content\/uploads\/2013\/05\/facolt\u00e0-teologia.jpg\"><img loading=\"lazy\" decoding=\"async\" class=\"aligncenter size-full wp-image-5891\" title=\"facolt\u00e0 teologia\" src=\"https:\/\/www.ulisseland.com\/journal\/wp-content\/uploads\/2013\/05\/facolt\u00e0-teologia.jpg\" alt=\"\" width=\"220\" height=\"213\" \/><\/a><\/p>\n<p style=\"text-align: center;\" align=\"center\">PONTIFICIA FACOLT\u00c0 TEOLOGICA<\/p>\n<p style=\"text-align: center;\" align=\"center\">DELL\u2019ITALIA MERIDIONALE<\/p>\n<p style=\"text-align: center;\" align=\"center\">Sezione SAN LUIGI<\/p>\n<p style=\"text-align: center;\" align=\"center\">Via Petrarca, 115 &#8211; Napoli<strong><em><\/em><\/strong><\/p>\n<p style=\"text-align: center;\" align=\"center\"><strong><em>Scuola di Alta Formazione di Arte e Teologia<\/em><\/strong><strong><\/strong><\/p>\n<p align=\"center\"><strong>&#8212;&#8212;&#8212;&#8212;&#8212;<\/strong><\/p>\n<p align=\"center\"><strong>Napoli, Pontificia Facolt\u00e0 Teologica sez. S. Luigi:<\/strong><\/p>\n<p align=\"center\"><strong>incontro sulla comunicazione digitale il 17 e 18 maggio<\/strong><\/p>\n<p align=\"right\"><strong>comunicato stampa<\/strong><\/p>\n<p>\u00a0\u00a0\u00a0\u00a0\u00a0\u00a0\u00a0\u00a0\u00a0\u00a0\u00a0 Due giornate a <strong>Napoli<\/strong> per focalizzare l&#8217;attenzione su \u201c<strong>Social Media Marketing: l\u2019utilizzo dei social network nelle strategie di comunicazione<\/strong>\u201d, grazie all&#8217;intervento di <strong>Osvaldo Adinolfi<\/strong>, Senior Vice President Marketing di Edelman, la pi\u00f9 grande societ\u00e0 di comunicazione al mondo.<\/p>\n<p>L&#8217;appuntamento \u00e8 per <strong>venerd\u00ec 17 maggio<\/strong> dalle ore 15.30 e per <strong>sabato 18 maggio <\/strong>dalle 9.00, presso la Pontificia Facolt\u00e0 Teologica dell&#8217;Italia Meridionale, sez. San Luigi (via F. Petrarca 115), di cui \u00e8 decano <strong>Sergio Bastianel sj<\/strong>, e<strong> <\/strong>rientra nell&#8217;ambito dell&#8217;indirizzo \u201cGestione e promozione di beni ed eventi culturali\u201d della <em>Scuola di Alta Formazione di Arte e Teologia<\/em>.<\/p>\n<p>Numerose le tematiche sviluppate: La comunicazione nell\u2019era digitale; Il social networking tra facebook, twitter, linkedin, pinterest e gli altri media sociali; Le differenze tra i diversi social network ed il loro migliore utilizzo, in base all\u2019argomento ed al target; Il marketing virale (Word-Of-Mouth) e il valore del passaparola; L\u2019importanza dei blogger nelle strategie virali e di relazione: una nuova categoria di influenzatori.<\/p>\n<p>Per informazioni, consultare il sito della <em>Scuola di Alta Formazione di Arte e Teologia<\/em>, di cui \u00e8 direttore <strong>Giuseppe Manca sj <\/strong>e condirettore <strong>Giorgio Agnisola<\/strong>, <a href=\"http:\/\/www.scuolaarteteologia.it\/\">www.scuolaarteteologia.it<\/a> o telefonare al 338.1527842 o inviare un&#8217;email a <a href=\"mailto:direttore.arteteologia@pftim.it\">direttore.arteteologia@pftim.it<\/a><\/p>\n<p>&nbsp;<\/p>\n<p align=\"center\"><a href=\"https:\/\/www.ulisseland.com\/journal\/wp-content\/uploads\/2013\/05\/edelman.jpg\"><img loading=\"lazy\" decoding=\"async\" title=\"edelman\" src=\"https:\/\/www.ulisseland.com\/journal\/wp-content\/uploads\/2013\/05\/edelman-300x128.jpg\" alt=\"\" width=\"300\" height=\"128\" \/><\/a><\/p>\n<p>Edelman \u00e8 la pi\u00f9 grande societ\u00e0 di comunicazione al mondo: progetta, realizza e gestisce campagne di comunicazione integrata, in qualsiasi contesto (digitale, tradizionale) e per qualsiasi necessit\u00e0: per questo \u00e8 una struttura di successo internazionale, ma con radicate realt\u00e0 locali.<\/p>\n<p>Nasce a Chicago da un\u2019intuizione del suo fondatore Daniel J. Edelman. La sede principale \u00e8 a New York. Edelman \u00e8 una multinazionale presente nei 5 continenti. In Italia vi sono due sedi: a Milano e a Roma<\/p>\n<p>Edelman sviluppa campagne di comunicazione integrata al livello internazionale e locale. Partendo dalla strategia fino alla creativit\u00e0 ed all\u2019esecuzione: pubblicit\u00e0, eventi, siti web, sponsorizzazioni, etc.<\/p>\n<p>I clienti pi\u00f9 importanti sono: MICROSOFT, LAVAZZA, UNILEVER, PROCTER &amp; GAMBLE, STARBUCKS, LOTTOMATICA.<\/p>\n<p>&nbsp;<\/p>\n<h3 style=\"text-align: left;\" align=\"center\">dott. Osvaldo Adinolfi<em><\/em><\/h3>\n<p style=\"text-align: left;\" align=\"center\"><em>Senior Vice President Marketing<\/em><\/p>\n<p align=\"center\"><em><\/em><\/p>\n<p>Osvaldo Adinolfi \u00e8 Senior Vice President Marketing di Edelman Europe, direttore creativo di Edelman Italy, oltre che membro del Management Board dell\u2019agenzia.<\/p>\n<p>Ha una grande esperienza in campo internazionale, soprattutto per ci\u00f2 che riguarda il marketing strategico e la comunicazione integrata, sia per il settore del corporate che per quello del brand\/product.<\/p>\n<p>Laureato in giurisprudenza, ha conseguito un Master specializzandosi in marketing communication.<\/p>\n<p>Nel suo passato, ha occupato diverse posizioni senior all\u2019interno delle divisioni comunicazione di Procter &amp; Gamble, sia in Europa che negli Stati Uniti. Dal suo ingresso all\u2019interno di questo gruppo, nel 1991, \u00e8 stato responsabile di diverse categorie di prodotto: Beauty Care (Pantene, Oil of Olaz, Max Factor), Food &amp; Beverage (Pringles), e Fabric Care (Dash, Ariel).<\/p>\n<p>Da quando \u00e8 entrato in Edelman, nel 2000, si \u00e8 occupato di sviluppare e gestire diversi programmi di RP incentrati sulla gestione del brand equity e della creativit\u00e0 strategica.<\/p>\n<p>Contemporaneamente, ha fornito consulenze a livello senior ad alcuni fra i pi\u00f9 importanti clienti dell\u2019agenzia (presenti e passati), tra cui: P&amp;G, Unilever, Puma, Lottomatica, Virgin Active, Carlsberg.<\/p>\n<p>Adinolfi, inoltre, \u00e8 docente universitario e insegnante presso numerose business school.<\/p>\n<p>Ha curato tra l\u2019altro seminari di comunicazione per alcuni dei pi\u00f9 grossi gruppi, quali: Procter &amp; Gamble, Unilever, HP e Telethon.<\/p>\n<p>&nbsp;<\/p>\n<p align=\"center\">Mary Attento<\/p>\n","protected":false},"excerpt":{"rendered":"<p>PONTIFICIA FACOLT\u00c0 TEOLOGICA DELL\u2019ITALIA MERIDIONALE Sezione SAN LUIGI Via Petrarca, 115 &#8211; Napoli Scuola di Alta Formazione di Arte e Teologia &#8212;&#8212;&#8212;&#8212;&#8212; Napoli, Pontificia Facolt\u00e0 Teologica sez. S. Luigi: incontro sulla comunicazione digitale il 17 e 18 maggio comunicato stampa \u00a0\u00a0\u00a0\u00a0\u00a0\u00a0\u00a0\u00a0\u00a0\u00a0\u00a0 Due giornate a Napoli per focalizzare l&#8217;attenzione su \u201cSocial Media Marketing: l\u2019utilizzo dei social<\/p>\n","protected":false},"author":1,"featured_media":0,"comment_status":"open","ping_status":"open","sticky":false,"template":"","format":"standard","meta":{"footnotes":""},"categories":[61,12,60],"tags":[],"class_list":["post-5907","post","type-post","status-publish","format-standard","hentry","category-comune-di-napoli","category-cultura","category-incontri"],"_links":{"self":[{"href":"https:\/\/www.ulisseland.com\/journal\/wp-json\/wp\/v2\/posts\/5907","targetHints":{"allow":["GET"]}}],"collection":[{"href":"https:\/\/www.ulisseland.com\/journal\/wp-json\/wp\/v2\/posts"}],"about":[{"href":"https:\/\/www.ulisseland.com\/journal\/wp-json\/wp\/v2\/types\/post"}],"author":[{"embeddable":true,"href":"https:\/\/www.ulisseland.com\/journal\/wp-json\/wp\/v2\/users\/1"}],"replies":[{"embeddable":true,"href":"https:\/\/www.ulisseland.com\/journal\/wp-json\/wp\/v2\/comments?post=5907"}],"version-history":[{"count":4,"href":"https:\/\/www.ulisseland.com\/journal\/wp-json\/wp\/v2\/posts\/5907\/revisions"}],"predecessor-version":[{"id":5910,"href":"https:\/\/www.ulisseland.com\/journal\/wp-json\/wp\/v2\/posts\/5907\/revisions\/5910"}],"wp:attachment":[{"href":"https:\/\/www.ulisseland.com\/journal\/wp-json\/wp\/v2\/media?parent=5907"}],"wp:term":[{"taxonomy":"category","embeddable":true,"href":"https:\/\/www.ulisseland.com\/journal\/wp-json\/wp\/v2\/categories?post=5907"},{"taxonomy":"post_tag","embeddable":true,"href":"https:\/\/www.ulisseland.com\/journal\/wp-json\/wp\/v2\/tags?post=5907"}],"curies":[{"name":"wp","href":"https:\/\/api.w.org\/{rel}","templated":true}]}}