{"id":5900,"date":"2013-05-13T11:27:15","date_gmt":"2013-05-13T09:27:15","guid":{"rendered":"http:\/\/www.ulisseland.com\/journal\/?p=5900&#038;lang=it"},"modified":"2013-05-13T11:27:15","modified_gmt":"2013-05-13T09:27:15","slug":"paolo-cocomello-delegato-alloccupazione-la-crisi-ed-il-ruolo-dellamministrazione-comunale-telefree-it","status":"publish","type":"post","link":"https:\/\/www.ulisseland.com\/journal\/paolo-cocomello-delegato-alloccupazione-la-crisi-ed-il-ruolo-dellamministrazione-comunale-telefree-it\/","title":{"rendered":"Paolo Cocomello, delegato all&#8217;occupazione: La crisi ed il ruolo dell&#8217;amministrazione comunale &#8211; Telefree.it"},"content":{"rendered":"<figure id=\"attachment_5901\" aria-describedby=\"caption-attachment-5901\" style=\"width: 200px\" class=\"wp-caption alignleft\"><a href=\"https:\/\/www.ulisseland.com\/journal\/wp-content\/uploads\/2013\/05\/paolo_telefree.jpg\"><img loading=\"lazy\" decoding=\"async\" class=\"size-full wp-image-5901\" title=\"paolo_telefree\" src=\"https:\/\/www.ulisseland.com\/journal\/wp-content\/uploads\/2013\/05\/paolo_telefree.jpg\" alt=\"Paolo Cocomello\" width=\"200\" height=\"185\" \/><\/a><figcaption id=\"caption-attachment-5901\" class=\"wp-caption-text\">Paolo Cocomello<\/figcaption><\/figure>\n<p><strong>Formia<\/strong>: &#8221;Ripresa economica del territorio e creazione di nuovi posti di lavoro sono le priorit\u00e0 verso cui concentrare gli sforzi della prossima amministrazione comunale della citt\u00e0 di Formia&#8221;. Questo il pensiero forte di Paolo Cocomello candidato per la Lista Generazione Formia a sostegno di Maurizio Costa Sindaco alle prossime elezioni comunali del 26 e 27 maggio 2013. &#8220;La crisi economica che sta coinvolgendo tutti i settori produttivi, con punte drammatiche per il settore della Nautica, polo d&#8217;eccellenza del nostro territorio, sta mettendo in pericolo la sopravvivenza di molte imprese e di tantissime famiglie &#8211; afferma Paolo Cocomello, Per far fronte a questa difficile situazione di crisi produttiva e lavorativa che sta letteralmente sconvolgendo l&#8217;economia del nostro territorio, la proposta di Cocomello e di Generazione Formia \u00e8 quella di istituire una task force pubblica che abbia il compito e l&#8217;obiettivo di affrontare l&#8217;emergenza sociale e di programmare azioni concertate coinvolgendo tutte le parti sociali, le altre amministrazioni locali e le istituzioni centrali. Compito della task force dovr\u00e0 essere quello di promuovere iniziative tese a favorire lo sviluppo e la ripresa dell&#8217;economia del territorio e, soprattutto, fornire assistenza attraverso l&#8217;ascolto di tutte le persone in difficolt\u00e0, sia lavoratori che imprenditori, senza perdere di vista tutti i giovani che un&#8217;opportunit\u00e0 di lavoro non l&#8217;hanno mai avuta. &#8220;Il mio pensiero \u00e8 rivolto a tutti quei lavoratori che stanno attraversando un momento socialmente drammatico e che vedono sempre pi\u00f9 incerto il proprio futuro. A fronte di queste problematiche, il Comune di Formia di concerto con gli attori privati, dovr\u00e0 ottimizzare e rafforzare i servizi per favorire l&#8217;ingresso nel mercato del lavoro dei giovani e il re-ingresso di coloro che prima un lavoro l&#8217;avevano, attraverso l&#8217;istituzione di un delegato all&#8217;Occupazione &#8211; spiega il candidato consigliere Paolo Cocomello &#8211; si dovr\u00e0 inoltre creare il prima possibile un ufficio di placement, avente come scopo tra le altre cose quello favorire il collegamento degli inoccupati e dei disoccupati con il mondo del lavoro. La creazione di una banca dati dell&#8217;idea-progetto &#8220;open matching&#8221; con potenziali investitori costituisce un&#8217;altra idea prevista nel nostro programma. Scopo di tale iniziativa \u00e8 quello di creare un osservatorio con accesso riservato che consenta ai potenziali investitori di valutare proposte progettuali e acquistare quote azionarie per consentire la sostenibilit\u00e0 della proposta. Da queste premesse si capisce benissimo la ferma volont\u00e0 di Generazione Formia di schierarsi chiaramente dalla parte degli imprenditori, vittime dirette di questo fallimento economico, che con impegno e passione per anni hanno creato occupazione e sviluppo nel territorio del Golfo, m anche e soprattutto dalla parte dei lavoratori, vittime indirette e sacrificali dell&#8217;attuale crisi, che sono portati sempre pi\u00f9 ad affrontare tali dinamiche di incertezza lavorativa e sociale con gesti disperati e al limite della dignit\u00e0 umana. Il delegato all&#8217;occupazione dovr\u00e0 assumere un ruolo di programmazione delle politiche lavorative e di ascolto delle esigenze di imprenditori e lavoratori disoccupati, puntando a un&#8217;efficace incontro di domanda e offerta di lavoro, fungendo da vero e proprio garante territoriale all&#8217;occupazione, operando con impegno e passione al servizio della gente&#8221;.<\/p>\n<p>Articolo proveniente dal sito\u00a0<a href=\"http:\/\/www.telefree.it\/\">http:\/\/www.telefree.it<\/a><\/p>\n","protected":false},"excerpt":{"rendered":"<p>Formia: &#8221;Ripresa economica del territorio e creazione di nuovi posti di lavoro sono le priorit\u00e0 verso cui concentrare gli sforzi della prossima amministrazione comunale della citt\u00e0 di Formia&#8221;. Questo il pensiero forte di Paolo Cocomello candidato per la Lista Generazione Formia a sostegno di Maurizio Costa Sindaco alle prossime elezioni comunali del 26 e 27<\/p>\n","protected":false},"author":1,"featured_media":0,"comment_status":"open","ping_status":"open","sticky":false,"template":"","format":"standard","meta":{"footnotes":""},"categories":[14,10,11,23],"tags":[],"class_list":["post-5900","post","type-post","status-publish","format-standard","hentry","category-comune-di-formia","category-editoriale","category-enti","category-formazione"],"_links":{"self":[{"href":"https:\/\/www.ulisseland.com\/journal\/wp-json\/wp\/v2\/posts\/5900","targetHints":{"allow":["GET"]}}],"collection":[{"href":"https:\/\/www.ulisseland.com\/journal\/wp-json\/wp\/v2\/posts"}],"about":[{"href":"https:\/\/www.ulisseland.com\/journal\/wp-json\/wp\/v2\/types\/post"}],"author":[{"embeddable":true,"href":"https:\/\/www.ulisseland.com\/journal\/wp-json\/wp\/v2\/users\/1"}],"replies":[{"embeddable":true,"href":"https:\/\/www.ulisseland.com\/journal\/wp-json\/wp\/v2\/comments?post=5900"}],"version-history":[{"count":2,"href":"https:\/\/www.ulisseland.com\/journal\/wp-json\/wp\/v2\/posts\/5900\/revisions"}],"predecessor-version":[{"id":5903,"href":"https:\/\/www.ulisseland.com\/journal\/wp-json\/wp\/v2\/posts\/5900\/revisions\/5903"}],"wp:attachment":[{"href":"https:\/\/www.ulisseland.com\/journal\/wp-json\/wp\/v2\/media?parent=5900"}],"wp:term":[{"taxonomy":"category","embeddable":true,"href":"https:\/\/www.ulisseland.com\/journal\/wp-json\/wp\/v2\/categories?post=5900"},{"taxonomy":"post_tag","embeddable":true,"href":"https:\/\/www.ulisseland.com\/journal\/wp-json\/wp\/v2\/tags?post=5900"}],"curies":[{"name":"wp","href":"https:\/\/api.w.org\/{rel}","templated":true}]}}