{"id":5896,"date":"2013-05-13T09:31:54","date_gmt":"2013-05-13T07:31:54","guid":{"rendered":"http:\/\/www.ulisseland.com\/journal\/?p=5896&#038;lang=it"},"modified":"2013-05-13T09:33:23","modified_gmt":"2013-05-13T07:33:23","slug":"formia-bartolomeo-sui-rifiuti-lappalto-ai-privati-mette-a-rischio-la-citta","status":"publish","type":"post","link":"https:\/\/www.ulisseland.com\/journal\/formia-bartolomeo-sui-rifiuti-lappalto-ai-privati-mette-a-rischio-la-citta\/","title":{"rendered":"FORMIA: Bartolomeo: \u201cSui rifiuti l&#8217;appalto ai privati mette a rischio la citt\u00e0&#8230;&#8221;"},"content":{"rendered":"<figure id=\"attachment_5343\" aria-describedby=\"caption-attachment-5343\" style=\"width: 225px\" class=\"wp-caption alignleft\"><a href=\"https:\/\/www.ulisseland.com\/journal\/wp-content\/uploads\/2012\/12\/Sandro-Bartolomeo.jpg\"><img loading=\"lazy\" decoding=\"async\" class=\"size-medium wp-image-5343\" title=\"Sandro Bartolomeo\" src=\"https:\/\/www.ulisseland.com\/journal\/wp-content\/uploads\/2012\/12\/Sandro-Bartolomeo-225x300.jpg\" alt=\"\" width=\"225\" height=\"300\" srcset=\"https:\/\/www.ulisseland.com\/journal\/wp-content\/uploads\/2012\/12\/Sandro-Bartolomeo-225x300.jpg 225w, https:\/\/www.ulisseland.com\/journal\/wp-content\/uploads\/2012\/12\/Sandro-Bartolomeo-600x800.jpg 600w, https:\/\/www.ulisseland.com\/journal\/wp-content\/uploads\/2012\/12\/Sandro-Bartolomeo.jpg 768w\" sizes=\"auto, (max-width: 225px) 100vw, 225px\" \/><\/a><figcaption id=\"caption-attachment-5343\" class=\"wp-caption-text\">Sandro Bartolomeo - Candidato Sindaco<\/figcaption><\/figure>\n<p><strong>Bartolomeo: \u201cSui rifiuti l&#8217;appalto ai privati mette a rischio la citt\u00e0. Gli altri candidati si ravvedano sulle loro posizioni verso una gestione pubblica e comprensoriale&#8221;.<\/strong><\/p>\n<p>&nbsp;<\/p>\n<p>\u201c<em>Gli arresti di ieri, nell&#8217;ambito di un&#8217;inchiesta sui rifiuti nel Comune di Ponza, confermano che in questo territorio non pu\u00f2 esserci spazio per appalti a privati.<\/em><\/p>\n<p><em>Come ripetiamo da anni, la soluzione per la nostra citt\u00e0 \u00e8 una societ\u00e0 a totale capitale pubblico a cui affidare il servizio a tempo indeterminato. Dato che anche gli altri Comuni del comprensorio hanno, sui rifiuti, una gestione provvisoria, c&#8217;\u00e8 la storica occasione di dare una soluzione intercomunale e pubblica a questo settore.<\/em><\/p>\n<p><em>Purtroppo ravviso che ci sono diverse coalizioni in citt\u00e0 ancorate alla privatizzazione, malgrado questa scelta comporti il riconoscimento di un agio di impresa di diverse centinaia di migliaia di euro che potrebbero essere invece investiti per estendere la raccolta differenziata. Nella loro posizione, non c&#8217;\u00e8 inoltre nessuno strumento concreto con cui controllare i camuffamenti e le reti di collusione della malavita.<br \/>\nLa responsabilit\u00e0 dovrebbe richiamare tutti gli esponenti politici a riconsiderare le proprie posizioni, che spesso sono legate all&#8217;esigenza di distinguersi dai concorrenti o di mantenere la coerenza anche di fronte all&#8217;evidenza di un errore.<\/em><\/p>\n<p><em>Si converga tutti verso l&#8217;idea di una gestione totalmente pubblica del servizio e verso l&#8217;impegno di convocare una conferenza straordinaria con i Comuni del Golfo, in cui approvare un atto di indirizzo per una gestione unica dei servizi a rilevanza economica locali: rifiuti, ma anche acqua e trasporti.&#8221;<\/em><\/p>\n<p>Comitato Elettorale<\/p>\n<p>Sandro Bartolomeo Sindaco<\/p>\n","protected":false},"excerpt":{"rendered":"<p>Bartolomeo: \u201cSui rifiuti l&#8217;appalto ai privati mette a rischio la citt\u00e0. Gli altri candidati si ravvedano sulle loro posizioni verso una gestione pubblica e comprensoriale&#8221;. &nbsp; \u201cGli arresti di ieri, nell&#8217;ambito di un&#8217;inchiesta sui rifiuti nel Comune di Ponza, confermano che in questo territorio non pu\u00f2 esserci spazio per appalti a privati. Come ripetiamo da<\/p>\n","protected":false},"author":1,"featured_media":0,"comment_status":"open","ping_status":"open","sticky":false,"template":"","format":"standard","meta":{"footnotes":""},"categories":[14,11],"tags":[],"class_list":["post-5896","post","type-post","status-publish","format-standard","hentry","category-comune-di-formia","category-enti"],"_links":{"self":[{"href":"https:\/\/www.ulisseland.com\/journal\/wp-json\/wp\/v2\/posts\/5896","targetHints":{"allow":["GET"]}}],"collection":[{"href":"https:\/\/www.ulisseland.com\/journal\/wp-json\/wp\/v2\/posts"}],"about":[{"href":"https:\/\/www.ulisseland.com\/journal\/wp-json\/wp\/v2\/types\/post"}],"author":[{"embeddable":true,"href":"https:\/\/www.ulisseland.com\/journal\/wp-json\/wp\/v2\/users\/1"}],"replies":[{"embeddable":true,"href":"https:\/\/www.ulisseland.com\/journal\/wp-json\/wp\/v2\/comments?post=5896"}],"version-history":[{"count":3,"href":"https:\/\/www.ulisseland.com\/journal\/wp-json\/wp\/v2\/posts\/5896\/revisions"}],"predecessor-version":[{"id":5898,"href":"https:\/\/www.ulisseland.com\/journal\/wp-json\/wp\/v2\/posts\/5896\/revisions\/5898"}],"wp:attachment":[{"href":"https:\/\/www.ulisseland.com\/journal\/wp-json\/wp\/v2\/media?parent=5896"}],"wp:term":[{"taxonomy":"category","embeddable":true,"href":"https:\/\/www.ulisseland.com\/journal\/wp-json\/wp\/v2\/categories?post=5896"},{"taxonomy":"post_tag","embeddable":true,"href":"https:\/\/www.ulisseland.com\/journal\/wp-json\/wp\/v2\/tags?post=5896"}],"curies":[{"name":"wp","href":"https:\/\/api.w.org\/{rel}","templated":true}]}}