{"id":5886,"date":"2013-05-10T09:20:33","date_gmt":"2013-05-10T07:20:33","guid":{"rendered":"http:\/\/www.ulisseland.com\/journal\/?p=5886&#038;lang=it"},"modified":"2013-05-13T09:29:58","modified_gmt":"2013-05-13T07:29:58","slug":"5886","status":"publish","type":"post","link":"https:\/\/www.ulisseland.com\/journal\/5886\/","title":{"rendered":"FORMIA: Comitato elettorale Sandro Bartolomeo Sindaco"},"content":{"rendered":"<figure id=\"attachment_5343\" aria-describedby=\"caption-attachment-5343\" style=\"width: 225px\" class=\"wp-caption alignleft\"><a href=\"https:\/\/www.ulisseland.com\/journal\/wp-content\/uploads\/2012\/12\/Sandro-Bartolomeo.jpg\"><img loading=\"lazy\" decoding=\"async\" class=\"size-medium wp-image-5343\" title=\"Sandro Bartolomeo\" src=\"https:\/\/www.ulisseland.com\/journal\/wp-content\/uploads\/2012\/12\/Sandro-Bartolomeo-225x300.jpg\" alt=\"\" width=\"225\" height=\"300\" srcset=\"https:\/\/www.ulisseland.com\/journal\/wp-content\/uploads\/2012\/12\/Sandro-Bartolomeo-225x300.jpg 225w, https:\/\/www.ulisseland.com\/journal\/wp-content\/uploads\/2012\/12\/Sandro-Bartolomeo-600x800.jpg 600w, https:\/\/www.ulisseland.com\/journal\/wp-content\/uploads\/2012\/12\/Sandro-Bartolomeo.jpg 768w\" sizes=\"auto, (max-width: 225px) 100vw, 225px\" \/><\/a><figcaption id=\"caption-attachment-5343\" class=\"wp-caption-text\">Sandro Bartolomeo - Candidato Sindaco<\/figcaption><\/figure>\n<p>Il bilancio dell\u2019incontro che si \u00e8 tenuto ieri, 9 maggio, tra il candidato Sindaco Sandro Bartolomeo e le associazioni di commercianti del territorio \u00e8 da considerarsi senz\u2019altro molto positivo. A prevalere, sebbene la buona presenza di pubblico, \u00e8 stato infatti un clima molto disteso di dialogo e di confronto con il candidato chiamato a rispondere ai quesiti posti dalle varie associazioni (va rilevato che erano presenti tutte nella figura dei loro presidenti) e a illustrare i punti del suo programma elettorale, elaborati per far fronte alle esigenze degli operatori turistici e commerciali della citt\u00e0.<\/p>\n<p>Giovanni Gargano per Ascom Confcommercio, Giovanni Orlandi per il Centro Commerciale Naturale Associazione \u2018Le due torri\u2019, Mario Persico per la Proloco che solo la settimana scorsa ha inaugurato la sua nuova sede, Ferdinando D\u2019Urgolo per la Consormare, Francesco Boccia per l&#8217;Associazione Commercianti Via Rubino e\u00a0 Paolo Zangrillo, figura rappresentativa del commercio cittadino.<\/p>\n<p>A pi\u00f9 riprese, i rappresenti delle associazioni di commercianti che hanno espresso all\u2019unanimit\u00e0\u00a0 condivisione verso le proposte avanzate da Bartolomeo per il rilancio turistico locale, sono anche intervenuti ponendo questioni che da sempre gravano sullo sviluppo locale: esigenza di avere degli spazi dedicati alle famiglie e ai bambini con nuovi elementi di arredo urbano. Rispondendo a tale richiesta, Bartolomeo ha ipotizzato la possibilit\u00e0 di destinare parte della piazza che ricopre il multipiano delle Poste in un\u2019area giochi in pieno centro.<\/p>\n<p>Cos\u00ec come centrale deve diventare il recupero della spiaggia di Vendicio, spiaggia da riqualificare, da rivalutare ai fini turistici e commerciali.\u00a0 Il programma elettorale dedica un\u2019intera sezione al rilancio dell\u2019economia del mare dove, al primo posto, c\u2019\u00e8 senza dubbio la portualit\u00e0.<\/p>\n<p>Inflessibile Bartolomeo ha ribadito che il progetto &#8216;Marina di Cicerone&#8217;, incomprensibilmente ancora fermo, dovr\u00e0 divenire volano per l&#8217;economia cittadina. Nel giro di pochissimo, infatti, saranno nuovamente interpellati gli imprenditori interessati affinch\u00e9 confermino il loro impegno e, laddove ci\u00f2 non accada, il porto turistico comunque si far\u00e0.<\/p>\n<p>E poi \u00e8 stato ribadito il ruolo centrale che dovr\u00e0 ricoprire il centro Commerciale Naturale Associazione \u2018Le due torri\u2019, una realt\u00e0 ormai pi\u00f9 che avviata a Formia tanto da essere inserita nel programma di Bartolomeo e la parte, altrettanto fondamentale, della\u00a0 Proloco come punto importante di raccordo e diffusione di attivit\u00e0 promozionali e turistiche.<\/p>\n<p>Una condivisione di intenti e di propositi necessari ad uscire da una situazione di stallo che \u00e8 quella in cui si ritrova a vivere la citt\u00e0 di Formia.<\/p>\n<p>Il paradosso si consuma tutti i giorni: strumenti di grande valore a portata di mano forniti dal territorio stesso, ricco di storia e di bellezze naturalistiche come pochi probabilmente nell\u2019intera Regione, inutilizzati, lasciati ad ammuffire, o peggio ancora, a morire mentre l\u2019esodo soprattutto di giovani, capaci, competenti che non lascerebbero mai Formia per andare altrove a cercare un impiego, cresce spaventosamente con il passare degli anni.<\/p>\n<p>A questo si pu\u00f2 porre un freno, a questo si deve mettere un freno riappropriandosi\u00a0 di Formia e di quello che Formia ci offre: molto!<\/p>\n<p>&nbsp;<\/p>\n<p>Comitato Elettorale<\/p>\n<p>Sandro Bartolomeo Sindaco<\/p>\n","protected":false},"excerpt":{"rendered":"<p>Il bilancio dell\u2019incontro che si \u00e8 tenuto ieri, 9 maggio, tra il candidato Sindaco Sandro Bartolomeo e le associazioni di commercianti del territorio \u00e8 da considerarsi senz\u2019altro molto positivo. A prevalere, sebbene la buona presenza di pubblico, \u00e8 stato infatti un clima molto disteso di dialogo e di confronto con il candidato chiamato a rispondere<\/p>\n","protected":false},"author":1,"featured_media":0,"comment_status":"open","ping_status":"open","sticky":false,"template":"","format":"standard","meta":{"footnotes":""},"categories":[14,11],"tags":[],"class_list":["post-5886","post","type-post","status-publish","format-standard","hentry","category-comune-di-formia","category-enti"],"_links":{"self":[{"href":"https:\/\/www.ulisseland.com\/journal\/wp-json\/wp\/v2\/posts\/5886","targetHints":{"allow":["GET"]}}],"collection":[{"href":"https:\/\/www.ulisseland.com\/journal\/wp-json\/wp\/v2\/posts"}],"about":[{"href":"https:\/\/www.ulisseland.com\/journal\/wp-json\/wp\/v2\/types\/post"}],"author":[{"embeddable":true,"href":"https:\/\/www.ulisseland.com\/journal\/wp-json\/wp\/v2\/users\/1"}],"replies":[{"embeddable":true,"href":"https:\/\/www.ulisseland.com\/journal\/wp-json\/wp\/v2\/comments?post=5886"}],"version-history":[{"count":4,"href":"https:\/\/www.ulisseland.com\/journal\/wp-json\/wp\/v2\/posts\/5886\/revisions"}],"predecessor-version":[{"id":5889,"href":"https:\/\/www.ulisseland.com\/journal\/wp-json\/wp\/v2\/posts\/5886\/revisions\/5889"}],"wp:attachment":[{"href":"https:\/\/www.ulisseland.com\/journal\/wp-json\/wp\/v2\/media?parent=5886"}],"wp:term":[{"taxonomy":"category","embeddable":true,"href":"https:\/\/www.ulisseland.com\/journal\/wp-json\/wp\/v2\/categories?post=5886"},{"taxonomy":"post_tag","embeddable":true,"href":"https:\/\/www.ulisseland.com\/journal\/wp-json\/wp\/v2\/tags?post=5886"}],"curies":[{"name":"wp","href":"https:\/\/api.w.org\/{rel}","templated":true}]}}