{"id":5872,"date":"2013-05-08T09:44:12","date_gmt":"2013-05-08T07:44:12","guid":{"rendered":"http:\/\/www.ulisseland.com\/journal\/?p=5872&#038;lang=it"},"modified":"2013-05-08T09:46:12","modified_gmt":"2013-05-08T07:46:12","slug":"premio-letterario-internazionale-%c2%93juan-montalvo%c2%94","status":"publish","type":"post","link":"https:\/\/www.ulisseland.com\/journal\/premio-letterario-internazionale-%c2%93juan-montalvo%c2%94\/","title":{"rendered":"PREMIO LETTERARIO INTERNAZIONALE \u0093JUAN MONTALVO\u0094"},"content":{"rendered":"<figure id=\"attachment_2266\" aria-describedby=\"caption-attachment-2266\" style=\"width: 214px\" class=\"wp-caption alignleft\"><a href=\"https:\/\/www.ulisseland.com\/journal\/wp-content\/uploads\/2012\/05\/ninnj-di-stefano-bus\u00e0.jpg\"><img loading=\"lazy\" decoding=\"async\" class=\" wp-image-2266 \" title=\"ninnj di stefano bus\u00e0\" src=\"https:\/\/www.ulisseland.com\/journal\/wp-content\/uploads\/2012\/05\/ninnj-di-stefano-bus\u00e0-267x300.jpg\" alt=\"\" width=\"214\" height=\"240\" srcset=\"https:\/\/www.ulisseland.com\/journal\/wp-content\/uploads\/2012\/05\/ninnj-di-stefano-bus\u00e0-267x300.jpg 267w, https:\/\/www.ulisseland.com\/journal\/wp-content\/uploads\/2012\/05\/ninnj-di-stefano-bus\u00e0.jpg 439w\" sizes=\"auto, (max-width: 214px) 100vw, 214px\" \/><\/a><figcaption id=\"caption-attachment-2266\" class=\"wp-caption-text\">Ninnj Di Stefano Bus\u00e0<\/figcaption><\/figure>\n<p>Milano, 6 maggio 2013<\/p>\n<p>Tra i 30 finalisti estratto anche un viaggio in Ecuador Il Consolato Generale dell\u0092Ecuador a Milano e il Centro Ecuadoriano di Arte e Cultura a Milano, in collaborazione con i Dipartimenti di Lingue e Letterature Straniere e di Scienze della Mediazione Linguistica e di Studi Culturali dell\u0092Universit\u00e0 degli Studi di Milano. Rinnovano l\u0092appuntamento con la cultura, bandendo il Premio Letterario Internazionale \u0093Juan Montalvo\u0094. Un evento culturale giunto alla sua terza edizione e che quest\u0092anno \u00e8 dedicato alla figura di Montalvo, prestigioso esponente della letteratura ecuadoriana dell\u0092800. Il tema di questa edizione \u00e8: storie, geografie, paesaggi, migranti, salvaguardia del medio ambiente. Tre le sezioni previste: \u0093A\u0094 Poesia, \u0093B\u0094 Racconto, \u0093C\u0094 Fotografia. Tre anche le giurie, composte da nomi illustri della cultura italiana e internazionale. Poesia: Gianni Turchetta (Presidente), Vivian Lamarque, Ninnj di Stefano Bus\u00e0, Maurizio Cucchi, Franco Loi, Davide Rondoni, Roberto Malini, Corrado Calabr\u00f2, Alessandro Quasimodo. Racconto: Emilia Perassi (Presidente), Sveva Casati Modignani, Nicoletta Vallorani, Maria Vittoria Calvi, Gianni Vattimo, Haidar Hafez, Don Alessandro Vavassori, Adri\u00e1n Bravi. Fotografia: Maria Jij\u00f3n (Presidente), Lorry Salcedo Mitrani, Marco Carraro, Giampiero Piretto, Enrique Sep\u00falveda, Andrea Dynners. La partecipazione al premio \u00e8 gratuita e tutte le indicazioni per iscriversi e inviare la propria opera sono reperibili sul sito www.integrazioneculturale.com. I lavori vanno inviati entro il 31 maggio 2013. Oltre alla vittoria del premio, anche un sorteggio che regaler\u00e0, ad un fortunato tra loro, un viaggio di sette giorni in Ecuador con la possibilit\u00e0 di visitare il famoso Parco Nazionale Yasuni, vero paradiso della biodiversit\u00e0. La cerimonia di premiazione avr\u00e0 luogo a Milano il 22 novembre 2013<\/p>\n<p>Info <a href=\"http:\/\/www.integrazioneculturale.com\/\">www.integrazioneculturale.com<\/a> &#8211; Email premioletterarioga@hotmail.com<\/p>\n<p>&nbsp;<\/p>\n<p>Ninnj Di Stefano Bus\u00e0<\/p>\n","protected":false},"excerpt":{"rendered":"<p>Milano, 6 maggio 2013 Tra i 30 finalisti estratto anche un viaggio in Ecuador Il Consolato Generale dell\u0092Ecuador a Milano e il Centro Ecuadoriano di Arte e Cultura a Milano, in collaborazione con i Dipartimenti di Lingue e Letterature Straniere e di Scienze della Mediazione Linguistica e di Studi Culturali dell\u0092Universit\u00e0 degli Studi di Milano.<\/p>\n","protected":false},"author":1,"featured_media":0,"comment_status":"open","ping_status":"open","sticky":false,"template":"","format":"standard","meta":{"footnotes":""},"categories":[32,12,31],"tags":[],"class_list":["post-5872","post","type-post","status-publish","format-standard","hentry","category-autori","category-cultura","category-libri"],"_links":{"self":[{"href":"https:\/\/www.ulisseland.com\/journal\/wp-json\/wp\/v2\/posts\/5872","targetHints":{"allow":["GET"]}}],"collection":[{"href":"https:\/\/www.ulisseland.com\/journal\/wp-json\/wp\/v2\/posts"}],"about":[{"href":"https:\/\/www.ulisseland.com\/journal\/wp-json\/wp\/v2\/types\/post"}],"author":[{"embeddable":true,"href":"https:\/\/www.ulisseland.com\/journal\/wp-json\/wp\/v2\/users\/1"}],"replies":[{"embeddable":true,"href":"https:\/\/www.ulisseland.com\/journal\/wp-json\/wp\/v2\/comments?post=5872"}],"version-history":[{"count":5,"href":"https:\/\/www.ulisseland.com\/journal\/wp-json\/wp\/v2\/posts\/5872\/revisions"}],"predecessor-version":[{"id":5876,"href":"https:\/\/www.ulisseland.com\/journal\/wp-json\/wp\/v2\/posts\/5872\/revisions\/5876"}],"wp:attachment":[{"href":"https:\/\/www.ulisseland.com\/journal\/wp-json\/wp\/v2\/media?parent=5872"}],"wp:term":[{"taxonomy":"category","embeddable":true,"href":"https:\/\/www.ulisseland.com\/journal\/wp-json\/wp\/v2\/categories?post=5872"},{"taxonomy":"post_tag","embeddable":true,"href":"https:\/\/www.ulisseland.com\/journal\/wp-json\/wp\/v2\/tags?post=5872"}],"curies":[{"name":"wp","href":"https:\/\/api.w.org\/{rel}","templated":true}]}}