{"id":5859,"date":"2013-04-30T07:43:07","date_gmt":"2013-04-30T05:43:07","guid":{"rendered":"http:\/\/www.ulisseland.com\/journal\/?p=5859&#038;lang=it"},"modified":"2013-04-30T23:45:36","modified_gmt":"2013-04-30T21:45:36","slug":"formia-il-gruppo-tre-bit-sostiene-la-candidatura-di-paolo-cocomello-al-comune-di-formia","status":"publish","type":"post","link":"https:\/\/www.ulisseland.com\/journal\/formia-il-gruppo-tre-bit-sostiene-la-candidatura-di-paolo-cocomello-al-comune-di-formia\/","title":{"rendered":"FORMIA &#8211; Il Gruppo TRE BIT sostiene la Candidatura di PAOLO COCOMELLO al Comune di Formia"},"content":{"rendered":"<div>\n<div>\n<figure id=\"attachment_5861\" aria-describedby=\"caption-attachment-5861\" style=\"width: 50px\" class=\"wp-caption alignleft\"><a href=\"https:\/\/www.ulisseland.com\/journal\/wp-content\/uploads\/2013\/04\/Paolo-con-la-sua-KAROL.jpg\"><img loading=\"lazy\" decoding=\"async\" class=\"size-full wp-image-5861\" title=\"Paolo con la sua KAROL\" src=\"https:\/\/www.ulisseland.com\/journal\/wp-content\/uploads\/2013\/04\/Paolo-con-la-sua-KAROL.jpg\" alt=\"\" width=\"50\" height=\"50\" \/><\/a><figcaption id=\"caption-attachment-5861\" class=\"wp-caption-text\">Paolo con la sua KAROL<\/figcaption><\/figure>\n<p>La mia biografia<\/p>\n<figure id=\"attachment_5869\" aria-describedby=\"caption-attachment-5869\" style=\"width: 300px\" class=\"wp-caption alignright\"><a href=\"https:\/\/www.ulisseland.com\/journal\/wp-content\/uploads\/2013\/04\/Paolo-al-convegno-dellagroalimentare.jpg\"><img loading=\"lazy\" decoding=\"async\" class=\"size-medium wp-image-5869\" title=\"Paolo al convegno dell'Agroalimentare\" src=\"https:\/\/www.ulisseland.com\/journal\/wp-content\/uploads\/2013\/04\/Paolo-al-convegno-dellagroalimentare-300x200.jpg\" alt=\"\" width=\"300\" height=\"200\" srcset=\"https:\/\/www.ulisseland.com\/journal\/wp-content\/uploads\/2013\/04\/Paolo-al-convegno-dellagroalimentare-300x200.jpg 300w, https:\/\/www.ulisseland.com\/journal\/wp-content\/uploads\/2013\/04\/Paolo-al-convegno-dellagroalimentare-600x400.jpg 600w, https:\/\/www.ulisseland.com\/journal\/wp-content\/uploads\/2013\/04\/Paolo-al-convegno-dellagroalimentare.jpg 720w\" sizes=\"auto, (max-width: 300px) 100vw, 300px\" \/><\/a><figcaption id=\"caption-attachment-5869\" class=\"wp-caption-text\">Paolo al convegno dell&#39;Agroalimentare<\/figcaption><\/figure>\n<\/div>\n<\/div>\n<div>\n<div>\n<div>da <a href=\"https:\/\/www.facebook.com\/pages\/Paolo-Cocomello\/192900234191550\" data-hovercard=\"\/ajax\/hovercard\/page.php?id=192900234191550\">Paolo Cocomello<\/a> (<a href=\"https:\/\/www.facebook.com\/profile.php?id=192900234191550&amp;sk=notes\">Note<\/a>) Venerd\u00ec 26 aprile 2013 alle ore 17.38<\/div>\n<\/div>\n<\/div>\n<div>\n<div>\n<p>Sono nato a Formia il 04\/04\/1971. Figlio del Professor Luigi Cocomello e dell\u2019insegnante Giuditta Palladino, e terzo di tre fratelli. Mio nonno paterno fu uno dei caduti di Cefalonia. Mia nonna crebbe da sola mio padre, orfano di guerra, trasferendogli i sani valori ed i principi della cultura contadina. Mio nonno materno \u00e8 stato per diversi anni comandante della polizia stradale di Formia.<br \/>\nAvendo vissuto per tanti anni con mia nonna paterna, contadina, ho imparato il significato del lavoro e ad apprezzare il valore delle piccole cose, nel rispetto della natura e degli altri.<\/p>\n<figure id=\"attachment_5860\" aria-describedby=\"caption-attachment-5860\" style=\"width: 398px\" class=\"wp-caption aligncenter\"><a href=\"https:\/\/www.ulisseland.com\/journal\/wp-content\/uploads\/2013\/04\/Paolo-impegno-e-passione-a-servizio-della-Gente.png\"><img loading=\"lazy\" decoding=\"async\" class=\"wp-image-5860 \" title=\"Paolo impegno e passione a servizio della Gente\" src=\"https:\/\/www.ulisseland.com\/journal\/wp-content\/uploads\/2013\/04\/Paolo-impegno-e-passione-a-servizio-della-Gente.png\" alt=\"\" width=\"398\" height=\"287\" \/><\/a><figcaption id=\"caption-attachment-5860\" class=\"wp-caption-text\">Paolo impegno e passione a servizio della Gente<\/figcaption><\/figure>\n<p>I miei genitori fondarono la Tre Bit nel 1981, di cui ho assunto le redini a partire dal 1993.<br \/>\nFiniti gli studi ho prestato servizio di leva e fin da giovanissimo ho lavorato nella societ\u00e0 di famiglia. Dopo due anni di lavoro a Rieti e uno trascorso tra Milano e Brescia, sono tornato a Formia, confrontandomi negli anni con il contesto industriale del Sud pontino e vivendo le trasformazioni a esso collegate dall\u2019interno, condizione che mi ha permesso di comprendere, negli anni, i punti di forza del nostro territorio e le situazioni di difficolt\u00e0 che affronta tutt\u2019oggi.<br \/>\nNel 2008 corono il mio sogno d\u2019amore sposando Angela, dalla nostra unione nasce Karol nel luglio del 2012. Gli amici mi accusano di essere una mamma mancata tanto \u00e8 l\u2019amore che mi lega a mia figlia.<br \/>\nAttualmente ricopro la carica di direttore generale del Gruppo Tre Bit, realt\u00e0 aziendali che operano nel campo della diffusione della cultura scientifica, delle tecnologie innovative e di quella imprenditoriale, quale mezzo per promuovere e sostenere lo sviluppo civile, sociale ed economico, la valorizzazione delle risorse umane e la loro integrazione nei circuiti della produzione, della commercializzazione, dell\u2019organizzazione del lavoro e della creazione d\u2019impresa. E\u2019 impegnato nella valorizzazione del territorio, nell\u2019assistenza alle imprese e nel supporto ai processi di sviluppo sostenibile. Si occupa del trading estero per favorire la creazione e lo sviluppo di attivit\u00e0 commerciali, di produzione e di servizi tese a favorire l\u2019importazione e\/o l\u2019esportazione sia di prodotti\/servizi che di know how. Con sedi operative in Italia e all\u2019estero.<br \/>\nMi occupo soprattutto di consulenza aziendale e di formazione. Collaboro con diversi enti e soggetti privati (tra cui Confindustria, l\u2019Universit\u00e0 degli Studi di Cassino e del Lazio Meridionale, la FAI CISL nazionale, Federalimentari, l\u2019Universit\u00e0 Federico II di Napoli, l\u2019Universit\u00e0 di Perugia, la Camera di Commercio italo &#8211; tunisina e svariate aziende del settore).<br \/>\nNonostante abbia lavorato fuori dal territorio del basso Lazio per diverso tempo e il Gruppo societario che dirigo abbia sedi localizzate in tutta Italia e all\u2019estero, il mio impegno per mantenere la sede societaria principale a Formia \u00e8 sempre stato evidente. Alla luce di quanto fatto finora, il Gruppo Tre Bit \u00e8 una realt\u00e0 in forte controtendenza rispetto alla media nazionale, avendo cavalcato un trend positivo costante negli ultimi anni dal punto di vista del successo professionale. A ci\u00f2 si aggiunga che il Gruppo impiega, ad oggi, 25 collaboratori stabili e circa 50 consulenti esterni. La maggior parte delle risorse umane che sono impegnate presso la mia societ\u00e0 ha un\u2019et\u00e0 compresa tra i 18 e i 35 anni, pi\u00f9 della met\u00e0 delle quali \u00e8 rappresentata da donne: dati difficilmente riscontrabili in societ\u00e0 attive nel nostro territorio.<br \/>\nSono sempre stato impegnato nel sociale, a favore della comunit\u00e0, tramite diverse iniziative: ad esempio, sono stato presidente di una scuola calcio per tre anni; promotore di progetti di impatto sociale ed economico per la citt\u00e0 di Formia, come \u201cFormia citt\u00e0 di Cicerone\u201d, promotore di alcuni progetti significativi per la Citt\u00e0 di Formia, quali: illuminazione architettonica dei monumenti pubblici, Centro Commerciale Naturale, semplificazione amministrativa e numerosi altri.<br \/>\nSpesso mi sento rivolgere la domanda: \u00abPerch\u00e9 ti sei candidato?\u00bb. Presto detto. Per me, in qualsiasi impresa si decida di imbarcarsi, sono necessari due aspetti: Impegno e Passione. Per riuscire in qualcosa, c\u2019\u00e8 bisogno di impegno, anche a costo di sacrificare il proprio tempo libero, i propri affetti; perch\u00e9 quel qualcosa riesca bene, poi, \u00e8 necessaria la passione ed un pizzico di fortuna. Impegno e passione sono le chiavi decisive per il successo sia nella vita che nel lavoro, mantenendo fede ai propri ideali e a ci\u00f2 in cui uno crede.<br \/>\nPer me, la politica \u00e8 sempre stata partecipazione. Anche prima di decidere di candidarmi, nel mio piccolo ho sempre cercato di contribuire alla crescita ed allo sviluppo della comunit\u00e0 in cui vivo. E\u2019 con questo spirito che affronto questa nuova sfida con l\u2019augurio che tutti coloro che intendono sostenermi possano farlo \u201cpartecipando\u201d.<\/p>\n<\/div>\n<\/div>\n","protected":false},"excerpt":{"rendered":"<p>La mia biografia da Paolo Cocomello (Note) Venerd\u00ec 26 aprile 2013 alle ore 17.38 Sono nato a Formia il 04\/04\/1971. Figlio del Professor Luigi Cocomello e dell\u2019insegnante Giuditta Palladino, e terzo di tre fratelli. Mio nonno paterno fu uno dei caduti di Cefalonia. Mia nonna crebbe da sola mio padre, orfano di guerra, trasferendogli i<\/p>\n","protected":false},"author":1,"featured_media":0,"comment_status":"open","ping_status":"open","sticky":false,"template":"","format":"standard","meta":{"footnotes":""},"categories":[14,13,10,11,23],"tags":[],"class_list":["post-5859","post","type-post","status-publish","format-standard","hentry","category-comune-di-formia","category-cronaca","category-editoriale","category-enti","category-formazione"],"_links":{"self":[{"href":"https:\/\/www.ulisseland.com\/journal\/wp-json\/wp\/v2\/posts\/5859","targetHints":{"allow":["GET"]}}],"collection":[{"href":"https:\/\/www.ulisseland.com\/journal\/wp-json\/wp\/v2\/posts"}],"about":[{"href":"https:\/\/www.ulisseland.com\/journal\/wp-json\/wp\/v2\/types\/post"}],"author":[{"embeddable":true,"href":"https:\/\/www.ulisseland.com\/journal\/wp-json\/wp\/v2\/users\/1"}],"replies":[{"embeddable":true,"href":"https:\/\/www.ulisseland.com\/journal\/wp-json\/wp\/v2\/comments?post=5859"}],"version-history":[{"count":7,"href":"https:\/\/www.ulisseland.com\/journal\/wp-json\/wp\/v2\/posts\/5859\/revisions"}],"predecessor-version":[{"id":5870,"href":"https:\/\/www.ulisseland.com\/journal\/wp-json\/wp\/v2\/posts\/5859\/revisions\/5870"}],"wp:attachment":[{"href":"https:\/\/www.ulisseland.com\/journal\/wp-json\/wp\/v2\/media?parent=5859"}],"wp:term":[{"taxonomy":"category","embeddable":true,"href":"https:\/\/www.ulisseland.com\/journal\/wp-json\/wp\/v2\/categories?post=5859"},{"taxonomy":"post_tag","embeddable":true,"href":"https:\/\/www.ulisseland.com\/journal\/wp-json\/wp\/v2\/tags?post=5859"}],"curies":[{"name":"wp","href":"https:\/\/api.w.org\/{rel}","templated":true}]}}