{"id":5846,"date":"2013-04-25T21:49:43","date_gmt":"2013-04-25T19:49:43","guid":{"rendered":"http:\/\/www.ulisseland.com\/journal\/?p=5846&#038;lang=it"},"modified":"2013-04-25T21:49:43","modified_gmt":"2013-04-25T19:49:43","slug":"spigno-saturnia-celebrazione-del-25-aprile-2013-con-due-manifestazioni","status":"publish","type":"post","link":"https:\/\/www.ulisseland.com\/journal\/spigno-saturnia-celebrazione-del-25-aprile-2013-con-due-manifestazioni\/","title":{"rendered":"SPIGNO SATURNIA \u2013 Celebrazione del 25 Aprile 2013 con due manifestazioni."},"content":{"rendered":"<figure id=\"attachment_5847\" aria-describedby=\"caption-attachment-5847\" style=\"width: 300px\" class=\"wp-caption alignleft\"><a href=\"https:\/\/www.ulisseland.com\/journal\/wp-content\/uploads\/2013\/04\/DSCI0167.jpg\"><img loading=\"lazy\" decoding=\"async\" class=\"size-medium wp-image-5847\" title=\"DSCI0167\" src=\"https:\/\/www.ulisseland.com\/journal\/wp-content\/uploads\/2013\/04\/DSCI0167-300x150.jpg\" alt=\"Il Sindaco di Spigno e il Comandante Stazione Carabinieri di Minturno\" width=\"300\" height=\"150\" srcset=\"https:\/\/www.ulisseland.com\/journal\/wp-content\/uploads\/2013\/04\/DSCI0167-300x150.jpg 300w, https:\/\/www.ulisseland.com\/journal\/wp-content\/uploads\/2013\/04\/DSCI0167-1024x514.jpg 1024w, https:\/\/www.ulisseland.com\/journal\/wp-content\/uploads\/2013\/04\/DSCI0167-600x301.jpg 600w\" sizes=\"auto, (max-width: 300px) 100vw, 300px\" \/><\/a><figcaption id=\"caption-attachment-5847\" class=\"wp-caption-text\">Il Sindaco di Spigno e il Comandante Stazione Carabinieri di Minturno<\/figcaption><\/figure>\n<p>Con due manifestazioni, come l\u2019anno scorso, l\u2019Amministrazione Comunale di Spigno Saturnia ha celebrato il 68\u00b0 Anniversario della Liberazione. La Prima a Spigno Superiore e la seconda a Spigno Inferiore.<\/p>\n<p>A Spigno Nuovo in Piazza Dante, prima \u00a0un raccoglimento davanti alla stele che ricorda i caduti di Cefalonia e Koss e poi con un corteo fino alla stele marmorea che ricorda tutte le vittime civili e di guerra di Spigno Saturnia. Qui \u00e8 stata deposta una corona d\u2019alloro a ricordo di tutti i Caduti.<\/p>\n<p>E\u2019 seguito l\u2019intervento \u00a0del Presidente dell\u2019Associazione Carabinieri in congedo, Sig. Domenco Vezza, \u00a0che riportiamo integralmente:<\/p>\n<p>&nbsp;<\/p>\n<figure id=\"attachment_5854\" aria-describedby=\"caption-attachment-5854\" style=\"width: 300px\" class=\"wp-caption alignright\"><a href=\"https:\/\/www.ulisseland.com\/journal\/wp-content\/uploads\/2013\/04\/DSCI0174.jpg\"><img loading=\"lazy\" decoding=\"async\" class=\"size-medium wp-image-5854\" title=\"DSCI0174\" src=\"https:\/\/www.ulisseland.com\/journal\/wp-content\/uploads\/2013\/04\/DSCI0174-300x225.jpg\" alt=\"\" width=\"300\" height=\"225\" srcset=\"https:\/\/www.ulisseland.com\/journal\/wp-content\/uploads\/2013\/04\/DSCI0174-300x225.jpg 300w, https:\/\/www.ulisseland.com\/journal\/wp-content\/uploads\/2013\/04\/DSCI0174-1024x768.jpg 1024w, https:\/\/www.ulisseland.com\/journal\/wp-content\/uploads\/2013\/04\/DSCI0174-600x450.jpg 600w\" sizes=\"auto, (max-width: 300px) 100vw, 300px\" \/><\/a><figcaption id=\"caption-attachment-5854\" class=\"wp-caption-text\">Il Sindaco Franco Simeone<\/figcaption><\/figure>\n<p>\u201cSaluto il Sig. Sindaco, l\u2019Amministrazione Comunale, il Comando Stazione Carabinieri di Minturno, il Comando Polizia Municipale, la Sezione Carabinieri in congedo,\u00a0 l\u2019Associazione Protezione Civile e voi tutti qui intervenuti.<\/p>\n<p>Cari amici come oggi tutti sappiamo ricorre il 68\u00b0 anniversario della Liberazione, perci\u00f2, \u00e8 nostro dovere ricordare e commemorare non solo ii caduti del 2\u00b0 conflitto mondiale ma anche tutti coloro che hanno donata la propria vita per la Patria in tutti i luoghi e di tutte le guerre, comprese le vittime ciivili.<\/p>\n<p>Le difficolt\u00e0 per queste cerimonie ci sono e ad esse \u00e8 difficile rimediare perch\u00e9 strettamente collegate all\u2019appesantirsi dell\u2019et\u00e0 media di tutti i Soci. Pur tuttavia confermiamo oggi che l\u2019impegno di tutti consiste nell\u2019assicurare la continuit\u00e0 operativa dell\u2019Associazione\u00a0 anche se con programmi ridotti ed andature meno veloci.<\/p>\n<p>La presenza nella vita sociale nazionale di uomini che sono la testimonianza di fedelt\u00e0 alla Patria, da essi servita con responsabile generosit\u00e0, non possono essere declassati solamente perch\u00e9 hanno raggiunto una certa et\u00e0.<\/p>\n<p>Nell\u2019Associazione non manca l\u2019entusiasmo degli anni giovanili e non manca la consapevolezza della necessaria continuit\u00e0 associativa per la difesa dei valori morali e patriottici e della necessit\u00e0 della categoria.<\/p>\n<p>Le varie manifestazioni che si svolgono durante l\u2019anno e che mobilitano una parte della pubblica opinione, hanno come riferimento i sacrifici e gli eroismi di\u00a0 tanti connazionali.<\/p>\n<p>Vogliamo anche ricordare i nostri connazionali Ebrei eliminati nei campi di concentramento e di sterminio dai criminali nazisti, i nostri connazionali Istriani infoibati dai criminali di Tito perch\u00e9 non hanno voluto rinunziare al loro sentimento di Italianit\u00e0 e ricordare tutti i nostri Caduti per la Patria, su tutti i fronti ed in tutte le guerre:\u00a0 non \u00e8 solamente un obbligo statutario per i combattenti ma un obbligo morale per tutti gli Italiani, soprattutto per i pi\u00f9 giovani che poco sanno delle vicende della storia Patria.<\/p>\n<p>Ricordare tutti questi scomparsi vuole essere una testimonianza di gratitudine alla loro memoria ed altres\u00ec un monito perch\u00e9 mai pi\u00f9 si ripetano queste tragedie, e, che si possa vivere in un mondo di pace, di giustizia e di\u00a0 democrazia.<\/p>\n<p>Viva l\u2019Italia.\u201d<\/p>\n<p>&nbsp;<\/p>\n<p>Ha fatto seguito un breve intervento di saluto del Sindaco Rag. Franco Simeone che ha ringraziato gli organizzatori, le Associazioni, il nuovo comandante della Stazione Carabinieri di Minturno-Spigno ed il pubblico presente. Una cerimonia sobria ma significativa e che ci auguriamo abbia un eco nelle aule di tutte le Scuole spignesi.<\/p>\n<p>&nbsp;<\/p>\n<p>EDITORIALE<\/p>\n<p>LE FOTO DELLA CERIMONIA DI SPIGNO INFERIORE:<\/p>\n<div id='gallery-1' class='gallery galleryid-5846 gallery-columns-3 gallery-size-thumbnail'><figure class='gallery-item'>\n\t\t\t<div class='gallery-icon landscape'>\n\t\t\t\t<a href='https:\/\/www.ulisseland.com\/journal\/wp-content\/uploads\/2013\/04\/DSCI0177.jpg'><img loading=\"lazy\" decoding=\"async\" width=\"150\" height=\"150\" src=\"https:\/\/www.ulisseland.com\/journal\/wp-content\/uploads\/2013\/04\/DSCI0177-150x150.jpg\" class=\"attachment-thumbnail size-thumbnail\" alt=\"\" \/><\/a>\n\t\t\t<\/div><\/figure><figure class='gallery-item'>\n\t\t\t<div class='gallery-icon landscape'>\n\t\t\t\t<a href='https:\/\/www.ulisseland.com\/journal\/wp-content\/uploads\/2013\/04\/DSCI0176.jpg'><img loading=\"lazy\" decoding=\"async\" width=\"150\" height=\"150\" src=\"https:\/\/www.ulisseland.com\/journal\/wp-content\/uploads\/2013\/04\/DSCI0176-150x150.jpg\" class=\"attachment-thumbnail size-thumbnail\" alt=\"\" \/><\/a>\n\t\t\t<\/div><\/figure><figure class='gallery-item'>\n\t\t\t<div class='gallery-icon landscape'>\n\t\t\t\t<a href='https:\/\/www.ulisseland.com\/journal\/wp-content\/uploads\/2013\/04\/DSCI0175.jpg'><img loading=\"lazy\" decoding=\"async\" width=\"150\" height=\"150\" src=\"https:\/\/www.ulisseland.com\/journal\/wp-content\/uploads\/2013\/04\/DSCI0175-150x150.jpg\" class=\"attachment-thumbnail size-thumbnail\" alt=\"\" \/><\/a>\n\t\t\t<\/div><\/figure><figure class='gallery-item'>\n\t\t\t<div class='gallery-icon landscape'>\n\t\t\t\t<a href='https:\/\/www.ulisseland.com\/journal\/wp-content\/uploads\/2013\/04\/DSCI0174.jpg'><img loading=\"lazy\" decoding=\"async\" width=\"150\" height=\"150\" src=\"https:\/\/www.ulisseland.com\/journal\/wp-content\/uploads\/2013\/04\/DSCI0174-150x150.jpg\" class=\"attachment-thumbnail size-thumbnail\" alt=\"\" aria-describedby=\"gallery-1-5854\" \/><\/a>\n\t\t\t<\/div>\n\t\t\t\t<figcaption class='wp-caption-text gallery-caption' id='gallery-1-5854'>\n\t\t\t\tIl Sindaco Franco Simeone\n\t\t\t\t<\/figcaption><\/figure><figure class='gallery-item'>\n\t\t\t<div class='gallery-icon landscape'>\n\t\t\t\t<a href='https:\/\/www.ulisseland.com\/journal\/wp-content\/uploads\/2013\/04\/DSCI0173.jpg'><img loading=\"lazy\" decoding=\"async\" width=\"150\" height=\"150\" src=\"https:\/\/www.ulisseland.com\/journal\/wp-content\/uploads\/2013\/04\/DSCI0173-150x150.jpg\" class=\"attachment-thumbnail size-thumbnail\" alt=\"\" \/><\/a>\n\t\t\t<\/div><\/figure><figure class='gallery-item'>\n\t\t\t<div class='gallery-icon landscape'>\n\t\t\t\t<a href='https:\/\/www.ulisseland.com\/journal\/wp-content\/uploads\/2013\/04\/DSCI0172.jpg'><img loading=\"lazy\" decoding=\"async\" width=\"150\" height=\"150\" src=\"https:\/\/www.ulisseland.com\/journal\/wp-content\/uploads\/2013\/04\/DSCI0172-150x150.jpg\" class=\"attachment-thumbnail size-thumbnail\" alt=\"\" \/><\/a>\n\t\t\t<\/div><\/figure><figure class='gallery-item'>\n\t\t\t<div class='gallery-icon landscape'>\n\t\t\t\t<a href='https:\/\/www.ulisseland.com\/journal\/wp-content\/uploads\/2013\/04\/DSCI0171.jpg'><img loading=\"lazy\" decoding=\"async\" width=\"150\" height=\"150\" src=\"https:\/\/www.ulisseland.com\/journal\/wp-content\/uploads\/2013\/04\/DSCI0171-150x150.jpg\" class=\"attachment-thumbnail size-thumbnail\" alt=\"\" \/><\/a>\n\t\t\t<\/div><\/figure><figure class='gallery-item'>\n\t\t\t<div class='gallery-icon landscape'>\n\t\t\t\t<a href='https:\/\/www.ulisseland.com\/journal\/wp-content\/uploads\/2013\/04\/DSCI0170.jpg'><img loading=\"lazy\" decoding=\"async\" width=\"150\" height=\"150\" src=\"https:\/\/www.ulisseland.com\/journal\/wp-content\/uploads\/2013\/04\/DSCI0170-150x150.jpg\" class=\"attachment-thumbnail size-thumbnail\" alt=\"\" \/><\/a>\n\t\t\t<\/div><\/figure><figure class='gallery-item'>\n\t\t\t<div class='gallery-icon landscape'>\n\t\t\t\t<a href='https:\/\/www.ulisseland.com\/journal\/wp-content\/uploads\/2013\/04\/DSCI0169.jpg'><img loading=\"lazy\" decoding=\"async\" width=\"150\" height=\"150\" src=\"https:\/\/www.ulisseland.com\/journal\/wp-content\/uploads\/2013\/04\/DSCI0169-150x150.jpg\" class=\"attachment-thumbnail size-thumbnail\" alt=\"\" \/><\/a>\n\t\t\t<\/div><\/figure><figure class='gallery-item'>\n\t\t\t<div class='gallery-icon landscape'>\n\t\t\t\t<a href='https:\/\/www.ulisseland.com\/journal\/wp-content\/uploads\/2013\/04\/DSCI0168.jpg'><img loading=\"lazy\" decoding=\"async\" width=\"150\" height=\"150\" src=\"https:\/\/www.ulisseland.com\/journal\/wp-content\/uploads\/2013\/04\/DSCI0168-150x150.jpg\" class=\"attachment-thumbnail size-thumbnail\" alt=\"\" \/><\/a>\n\t\t\t<\/div><\/figure><figure class='gallery-item'>\n\t\t\t<div class='gallery-icon landscape'>\n\t\t\t\t<a href='https:\/\/www.ulisseland.com\/journal\/wp-content\/uploads\/2013\/04\/DSCI0167.jpg'><img loading=\"lazy\" decoding=\"async\" width=\"150\" height=\"150\" src=\"https:\/\/www.ulisseland.com\/journal\/wp-content\/uploads\/2013\/04\/DSCI0167-150x150.jpg\" class=\"attachment-thumbnail size-thumbnail\" alt=\"Il Sindaco di Spigno e il Comandante Stazione Carabinieri di Minturno\" aria-describedby=\"gallery-1-5847\" \/><\/a>\n\t\t\t<\/div>\n\t\t\t\t<figcaption class='wp-caption-text gallery-caption' id='gallery-1-5847'>\n\t\t\t\tIl Sindaco di Spigno e il Comandante Stazione Carabinieri di Minturno\n\t\t\t\t<\/figcaption><\/figure>\n\t\t<\/div>\n\n","protected":false},"excerpt":{"rendered":"<p>Con due manifestazioni, come l\u2019anno scorso, l\u2019Amministrazione Comunale di Spigno Saturnia ha celebrato il 68\u00b0 Anniversario della Liberazione. La Prima a Spigno Superiore e la seconda a Spigno Inferiore. A Spigno Nuovo in Piazza Dante, prima \u00a0un raccoglimento davanti alla stele che ricorda i caduti di Cefalonia e Koss e poi con un corteo fino<\/p>\n","protected":false},"author":1,"featured_media":0,"comment_status":"open","ping_status":"open","sticky":false,"template":"","format":"standard","meta":{"footnotes":""},"categories":[28,13,11],"tags":[],"class_list":["post-5846","post","type-post","status-publish","format-standard","hentry","category-comune-di-spigno-saturnia","category-cronaca","category-enti"],"_links":{"self":[{"href":"https:\/\/www.ulisseland.com\/journal\/wp-json\/wp\/v2\/posts\/5846","targetHints":{"allow":["GET"]}}],"collection":[{"href":"https:\/\/www.ulisseland.com\/journal\/wp-json\/wp\/v2\/posts"}],"about":[{"href":"https:\/\/www.ulisseland.com\/journal\/wp-json\/wp\/v2\/types\/post"}],"author":[{"embeddable":true,"href":"https:\/\/www.ulisseland.com\/journal\/wp-json\/wp\/v2\/users\/1"}],"replies":[{"embeddable":true,"href":"https:\/\/www.ulisseland.com\/journal\/wp-json\/wp\/v2\/comments?post=5846"}],"version-history":[{"count":1,"href":"https:\/\/www.ulisseland.com\/journal\/wp-json\/wp\/v2\/posts\/5846\/revisions"}],"predecessor-version":[{"id":5858,"href":"https:\/\/www.ulisseland.com\/journal\/wp-json\/wp\/v2\/posts\/5846\/revisions\/5858"}],"wp:attachment":[{"href":"https:\/\/www.ulisseland.com\/journal\/wp-json\/wp\/v2\/media?parent=5846"}],"wp:term":[{"taxonomy":"category","embeddable":true,"href":"https:\/\/www.ulisseland.com\/journal\/wp-json\/wp\/v2\/categories?post=5846"},{"taxonomy":"post_tag","embeddable":true,"href":"https:\/\/www.ulisseland.com\/journal\/wp-json\/wp\/v2\/tags?post=5846"}],"curies":[{"name":"wp","href":"https:\/\/api.w.org\/{rel}","templated":true}]}}