{"id":5842,"date":"2013-04-19T07:04:44","date_gmt":"2013-04-19T05:04:44","guid":{"rendered":"http:\/\/www.ulisseland.com\/journal\/?p=5842&#038;lang=it"},"modified":"2013-04-19T07:04:44","modified_gmt":"2013-04-19T05:04:44","slug":"priverno-un-1-maggio-immersi-nella-natura","status":"publish","type":"post","link":"https:\/\/www.ulisseland.com\/journal\/priverno-un-1-maggio-immersi-nella-natura\/","title":{"rendered":"PRIVERNO \u2013 Un 1\u00b0 MAGGIO immersi nella natura"},"content":{"rendered":"<table style=\"width: 23px; height: 21px;\" border=\"0\" cellspacing=\"0\" cellpadding=\"0\">\n<tbody>\n<tr>\n<td width=\"5\"><\/td>\n<td valign=\"top\" width=\"763\"><\/td>\n<\/tr>\n<\/tbody>\n<\/table>\n<p>Buongiorno,<\/p>\n<p>in allegato la brochure relativa all&#8217;evento che si svolger\u00e0 il 1 maggio, a Priverno, nel Parco di San Martino. Molte delle informazioni potranno essere desunte dalla brochure stessa.<\/p>\n<p><a href=\"https:\/\/www.ulisseland.com\/journal\/wp-content\/uploads\/2013\/04\/alla-bella-fattoria_1-maggio.pdf\">alla bella fattoria_1 maggio<\/a><\/p>\n<p>In aggiunta va detto che la manifestazione, voluta dal sindaco Umberto Macci, \u00e8 stata realizzata in collaborazione con l&#8217;Azienda Faunistico Venatoria e l&#8217;associazione di tiro a volo &#8216;Macall\u00e8&#8217;.<\/p>\n<p>&nbsp;<\/p>\n<p>L&#8217;idea &#8211; che nasce dalla considerazione di quanto importante sia il rapporto dei bambini con la natura e con gli animali, un rapporto che spesso viene ignorato o sottovalutato poich\u00e8 ci concentriamo su altro e che necessita, perci\u00f2, di essere riscoperto &#8211;\u00a0\u00e8 quella di dedicare un&#8217;intera giornata ai bambini mettendoli in contatto con diversi animali (capre, pecore, cavalli, asini, pavoni, conigli, galline, cani etc).<\/p>\n<p>All&#8217;interno del castello, infatti, verr\u00e0 allestito uno spazio che sar\u00e0 riempito da questi ed altri animali. I bambini potranno avvicinarsi, giocare con loro, guardare in diretta come, ad esempio, si nutrono, si puliscono.<\/p>\n<p>Una giornata immersi nella natura ma con fini educativi perch\u00e8 per i piccoli \u00e8 sempre un grande divertimento stare con gli animali imparando anche come ci si prende cura di loro.<\/p>\n<p>Oltre a questa che sar\u00e0 l&#8217;attivit\u00e0 predominante, sono in programma diverse iniziative sempre a carattere ludico &#8211; didattico organizzate anche dalla ludoteca comunale.<\/p>\n<p>Ci sar\u00e0, infatti, il ludobus e alcuni gonfiabili. A tutto questo\u00a0va aggiunto\u00a0che comunque il parco giochi, di recente inaugurazione, con un punto ristoro sar\u00e0 a completa disposizione dei bambini cos\u00ec come un&#8217;altra attivit\u00e0, sempre legata al mondo della fattoria, che \u00e8 la trasformazione del formaggio e della mozzarella. Sar\u00e0 infatti presente uno stand dove i bambini potranno assistere a questa procedura e fare domande.<\/p>\n<p>Alle\u00a0famiglie presenti &#8211; che vorranno naturalmente &#8211; sar\u00e0 data la possibilit\u00e0 di adottare un cane.<\/p>\n<p>Nel pomeriggio poi ci sar\u00e0 musica dal vivo.<\/p>\n<p>Insomma un modo diverso di trascorrere il 1 maggio.<\/p>\n<p>&nbsp;<\/p>\n<p>Buona giornata e grazie per la collaborazione<\/p>\n<p>&nbsp;<\/p>\n<p>&nbsp;<\/p>\n<p>Benedetta Castelli<\/p>\n<p>Ufficio Staff del Sindaco<\/p>\n<p>Comune di Priverno<\/p>\n","protected":false},"excerpt":{"rendered":"<p>Buongiorno, in allegato la brochure relativa all&#8217;evento che si svolger\u00e0 il 1 maggio, a Priverno, nel Parco di San Martino. Molte delle informazioni potranno essere desunte dalla brochure stessa. alla bella fattoria_1 maggio In aggiunta va detto che la manifestazione, voluta dal sindaco Umberto Macci, \u00e8 stata realizzata in collaborazione con l&#8217;Azienda Faunistico Venatoria e<\/p>\n","protected":false},"author":1,"featured_media":0,"comment_status":"open","ping_status":"open","sticky":false,"template":"","format":"standard","meta":{"footnotes":""},"categories":[16,13],"tags":[],"class_list":["post-5842","post","type-post","status-publish","format-standard","hentry","category-comune-di-priverno","category-cronaca"],"_links":{"self":[{"href":"https:\/\/www.ulisseland.com\/journal\/wp-json\/wp\/v2\/posts\/5842","targetHints":{"allow":["GET"]}}],"collection":[{"href":"https:\/\/www.ulisseland.com\/journal\/wp-json\/wp\/v2\/posts"}],"about":[{"href":"https:\/\/www.ulisseland.com\/journal\/wp-json\/wp\/v2\/types\/post"}],"author":[{"embeddable":true,"href":"https:\/\/www.ulisseland.com\/journal\/wp-json\/wp\/v2\/users\/1"}],"replies":[{"embeddable":true,"href":"https:\/\/www.ulisseland.com\/journal\/wp-json\/wp\/v2\/comments?post=5842"}],"version-history":[{"count":1,"href":"https:\/\/www.ulisseland.com\/journal\/wp-json\/wp\/v2\/posts\/5842\/revisions"}],"predecessor-version":[{"id":5844,"href":"https:\/\/www.ulisseland.com\/journal\/wp-json\/wp\/v2\/posts\/5842\/revisions\/5844"}],"wp:attachment":[{"href":"https:\/\/www.ulisseland.com\/journal\/wp-json\/wp\/v2\/media?parent=5842"}],"wp:term":[{"taxonomy":"category","embeddable":true,"href":"https:\/\/www.ulisseland.com\/journal\/wp-json\/wp\/v2\/categories?post=5842"},{"taxonomy":"post_tag","embeddable":true,"href":"https:\/\/www.ulisseland.com\/journal\/wp-json\/wp\/v2\/tags?post=5842"}],"curies":[{"name":"wp","href":"https:\/\/api.w.org\/{rel}","templated":true}]}}