{"id":5833,"date":"2013-04-19T06:47:45","date_gmt":"2013-04-19T04:47:45","guid":{"rendered":"http:\/\/www.ulisseland.com\/journal\/?p=5833&#038;lang=it"},"modified":"2013-04-19T06:47:45","modified_gmt":"2013-04-19T04:47:45","slug":"gaeta-dal-20-al-28-aprile-la-sesta-edizione-dello-yacht-med-festival","status":"publish","type":"post","link":"https:\/\/www.ulisseland.com\/journal\/gaeta-dal-20-al-28-aprile-la-sesta-edizione-dello-yacht-med-festival\/","title":{"rendered":"GAETA \u2013 Dal 20 al 28 Aprile  la sesta edizione dello Yacht Med Festival"},"content":{"rendered":"<p>&nbsp;<\/p>\n<figure id=\"attachment_5836\" aria-describedby=\"caption-attachment-5836\" style=\"width: 630px\" class=\"wp-caption alignleft\"><a href=\"https:\/\/www.ulisseland.com\/journal\/wp-content\/uploads\/2013\/04\/YMF.jpg\"><img loading=\"lazy\" decoding=\"async\" class=\"size-full wp-image-5836\" title=\"YMF\" src=\"https:\/\/www.ulisseland.com\/journal\/wp-content\/uploads\/2013\/04\/YMF.jpg\" alt=\"\" width=\"630\" height=\"420\" srcset=\"https:\/\/www.ulisseland.com\/journal\/wp-content\/uploads\/2013\/04\/YMF.jpg 630w, https:\/\/www.ulisseland.com\/journal\/wp-content\/uploads\/2013\/04\/YMF-300x200.jpg 300w, https:\/\/www.ulisseland.com\/journal\/wp-content\/uploads\/2013\/04\/YMF-600x400.jpg 600w\" sizes=\"auto, (max-width: 630px) 100vw, 630px\" \/><\/a><figcaption id=\"caption-attachment-5836\" class=\"wp-caption-text\">Yacht Med Festival 2013<\/figcaption><\/figure>\n<p align=\"left\">Si inaugura sabato prossimo, a Gaeta, la sesta edizione dello Yacht Med Festival, in programma dal 20 al 28 aprile.<\/p>\n<p align=\"left\">La conferenza stampa di presentazione, svoltasi nell\u2019aula magna dell\u2019Istituto Nautico \u201cG. Caboto\u201d di Gaeta e moderato dalla conduttrice di Linea Blu Donatella Bianchi, ha visto la partecipazione di numerosi partner della Fiera Internazionale dell\u2019Economia del Mare.<\/p>\n<p align=\"left\">Ad aprire i lavori, il <strong>Preside dell\u2019Istituto Nautico \u201cG. Caboto\u201d Salvatore Di Tucci<\/strong> e il <strong>Sindaco di Gaeta Cosmo Mitrano<\/strong>.<\/p>\n<p align=\"left\">\u201cLa nostra partecipazione a questa edizione dello Yacht Med Festival\u201d ha commentato il <strong>preside Di Tucci<\/strong>\u201csar\u00e0 notevole. Questo \u00e8 il quarto anno consecutivo in cui organizziamo il Seminario Nazionale degli Istituti nautici italiani e registreremo il 90% di partecipazione, con il coinvolgimento anche dei Ministeri dei Trasporti e dell\u2019Istruzione. L\u2019evento \u00e8 sempre pi\u00f9 grande e ne siamo orgogliosi. Qust\u2019anno si consolida e si traduce in operativit\u00e0 la convenzione sottoscritta nel 2012 tra gli istituti nautici italiani. L\u2019Istituto Caboto esiste da 159 anni, ma continua a crescere. Abbiamo infatti ottenuto l\u201980% in pi\u00f9 di iscrizioni dello scorso anno, grazie anche al lavoro svolto dallo Yacht Med Festival\u201d.<\/p>\n<figure id=\"attachment_5834\" aria-describedby=\"caption-attachment-5834\" style=\"width: 300px\" class=\"wp-caption alignright\"><a href=\"https:\/\/www.ulisseland.com\/journal\/wp-content\/uploads\/2013\/04\/YMF2013.jpg\"><img loading=\"lazy\" decoding=\"async\" class=\"size-medium wp-image-5834\" title=\"YMF2013\" src=\"https:\/\/www.ulisseland.com\/journal\/wp-content\/uploads\/2013\/04\/YMF2013-300x199.jpg\" alt=\"\" width=\"300\" height=\"199\" srcset=\"https:\/\/www.ulisseland.com\/journal\/wp-content\/uploads\/2013\/04\/YMF2013-300x199.jpg 300w, https:\/\/www.ulisseland.com\/journal\/wp-content\/uploads\/2013\/04\/YMF2013-1024x682.jpg 1024w, https:\/\/www.ulisseland.com\/journal\/wp-content\/uploads\/2013\/04\/YMF2013-600x399.jpg 600w, https:\/\/www.ulisseland.com\/journal\/wp-content\/uploads\/2013\/04\/YMF2013.jpg 2000w\" sizes=\"auto, (max-width: 300px) 100vw, 300px\" \/><\/a><figcaption id=\"caption-attachment-5834\" class=\"wp-caption-text\">YMF2013<\/figcaption><\/figure>\n<p align=\"left\">A seguire il <strong>Sindaco Mitrano<\/strong>: \u201cLo Yacht Med Festival \u00e8 una grande vetrina per la citt\u00e0 di Gaeta. Quando sei anni fa nessuno parlava di economia dl mare, il presidente Zottola ha avuto il merito e la capacit\u00e0 di avviare un percorso che oggi supera anche i momenti di crisi. E\u2019 un grande attrattore per l\u2019intero territorio regionale e non solo per il Golfo di Gaeta, grazie alla scelta intelligente di coniugare il mare all&#8217;enogastronomia e alle produzioni del territorio. Recentemente anche la Commissione Europea ha individuato nell\u2019economia blu il settore adatto a creare crescita e occupazione. A Gaeta si \u00e8 ormai consolidato un modello che vede tutti insieme lavorare ad obiettivo importante per tutta Italia. I piccoli disagi logistici sono ben ripagati dall\u2019indotto che l\u2019evento procura, incomparabile con qualunque altro evento. Quest\u2019anno abbiamo voluto condividere ogni dettaglio organizzativo in modo da rendere meno invasivo l\u2019impatto\u201d.<\/p>\n<p align=\"left\">Il <strong>Presidente della Camera di Commercio di Latina Vincenzo Zottola<\/strong>\u201cLo Yacht Med Festival \u00e8 frutto di una grande sinergia istituzionale e riteniamo sia diventata la vetrina giusta per parlare di economia del mare. Siamo la prova che l\u2019integrazione aiuta a superare la crisi. Durante i Primi Stati Generali delle Camere di Commercio sull\u2019Economia del Mare verranno affrontati due filoni che per noi sono strategici: trasporti e logistica da un lato e turismo dall\u2019altro. 57 Camere di Commercio italiane affronteranno i problemi concreti delle imprese operanti nei vari settori legati all&#8217;economia del mare. Cos\u00ec come faranno le Assonautiche durante la Prima Conferenza di Sistema. Stiamo lavorando ad una pi\u00f9 idonea rappresentazione economica del mare per indirizzare meglio gli investimenti pubblici verso un settore strategico per la nostra economia nazionale.<\/p>\n<figure id=\"attachment_5835\" aria-describedby=\"caption-attachment-5835\" style=\"width: 300px\" class=\"wp-caption alignright\"><a href=\"https:\/\/www.ulisseland.com\/journal\/wp-content\/uploads\/2013\/04\/YachtMedFestival2013.jpg\"><img loading=\"lazy\" decoding=\"async\" class=\"size-medium wp-image-5835\" title=\"YachtMedFestival2013\" src=\"https:\/\/www.ulisseland.com\/journal\/wp-content\/uploads\/2013\/04\/YachtMedFestival2013-300x199.jpg\" alt=\"\" width=\"300\" height=\"199\" srcset=\"https:\/\/www.ulisseland.com\/journal\/wp-content\/uploads\/2013\/04\/YachtMedFestival2013-300x199.jpg 300w, https:\/\/www.ulisseland.com\/journal\/wp-content\/uploads\/2013\/04\/YachtMedFestival2013-1024x682.jpg 1024w, https:\/\/www.ulisseland.com\/journal\/wp-content\/uploads\/2013\/04\/YachtMedFestival2013-600x399.jpg 600w, https:\/\/www.ulisseland.com\/journal\/wp-content\/uploads\/2013\/04\/YachtMedFestival2013.jpg 2000w\" sizes=\"auto, (max-width: 300px) 100vw, 300px\" \/><\/a><figcaption id=\"caption-attachment-5835\" class=\"wp-caption-text\">YMF2013<\/figcaption><\/figure>\n<p>Per fare un esempio il turismo nautico e balneare in Italia superano anche quello legato alle citt\u00e0 d&#8217;arte. Ma l\u2019edizione 2013 cresce anche sotto il profilo dell\u2019interesse delle imprese, con un incremento di espositori e imbarcazioni esposte. Speriamo che l\u2019Autorit\u00e0 portuale preveda una riorganizzazione del waterfront di Gaeta in modo da consentirci di aumentare ancora di pi\u00f9 la partecipazione\u201d.<\/p>\n<p>&nbsp;<\/p>\n<p>Tra i protagonisti pi\u00f9 importanti della sesta edizione dello Yacht Med Festival, le Forze Armate e le Forze dell\u2019Ordine.<\/p>\n<p>In loro rappresentanza sono intervenuti il <strong>Comandante della Scuola Nautica della Guardia di Finanza Col Marcello Marzocca <\/strong>e<strong> il Vicecomandante della Capitaneria di Porto di Gaeta Nicola Latinista.<\/strong><\/p>\n<p>Il<strong> Colonello Marzocca, <\/strong>partner degli eventi collegati al 2\u00b0 Festival Internazionale dell\u2019Editoria del Mare organizzato dalla Libreria Internazionale il Mare, ha sottolineato: \u201cIl nostro \u00e8 un contributo doverono perch\u00e9 la Scuola Nautica \u00e8 una parte importante della citt\u00e0 di Gaeta e perch\u00e9 la collaborazione culturale, che \u00e8 tipica degli istituti di istruzione in generale, lo \u00e8 ancora di pi\u00f9 per quelli militari in particolare. La nave Scuola Giorgio Cini, che ospiter\u00e0 la rassegna Libridimare, ricorda nel nome una benemerita formazione in ambito culturale. In particolare quest\u2019anno verranno valorizzati gli scritti pi\u00f9 significativi di Vittorio G. Rossi, importante scrittore, che \u00e8 stato Ufficiale della Guardia di Finanza e primo comandante della Scuola Nautica della Guardia di Finanza al momento della sua fondazione a Pola nel 1926 e che rappresenta per noi motivo di orgoglio e di vanto. La Caserma Bausan ospiter\u00e0 una mostra con alcuni rostri delle navi Romane e Cartaginesi ritrovati nelle acque delle Egadi e il Castello aragonese rester\u00e0 aperto per chi volesse visitarlo. Il 25 aprile alle 10 un Convegno di Archeologia subacquea vedr\u00e0 la partecipazione del Professor Sebastiano Tusa, dell\u2019Ammiraglio Domenico Carro, del Professor Claudio Mocchegiani, del Restauratore Giovanni Gallo e della Dottoressa Annalisa Zarattini\u201d.<\/p>\n<p>Per<strong> il Vicecomandante della Capitaneria di Porto Latinista: <\/strong>\u201csiamo onorati di poter dare anche quest\u2019anno il nostro contributo ad un manifestazione sempre pi\u00f9 importante per il nostro Paese. Quest\u2019anno in particolare abbiamo organizzato una mostra fotografica \u201c\u2026attraverso la storia\u201d in collaborazione con l\u2019Associazione \u201cGaeta in bianco e nero\u201d presso la nostra sede, il Bastione Poterna. La mostra racconta la storia della Capitaneria di Porto di Gaeta dalle origini fino ad oggi, raccontando cos\u00ec in qualche modo anche un pezzo di storia della citt\u00e0\u201d<em>.<\/em><\/p>\n<p>&nbsp;<\/p>\n<p>In rappresentanza delle imprese nautiche, cuore dell\u2019area yacht, \u00e8 intervenuto<strong> il Presidente di Consormare del Golfo Nando D&#8217;urgolo: \u201c<\/strong>Lo<strong> <\/strong>Yacht Med Festival \u00e8 un progetto ambizioso perch\u00e9 ampio e necessita della collaborazione di tutti. In questi anni abbiamo ottenuto risultati sempre pi\u00f9 importanti per le imprese, soprattutto in un momento di crisi come questo. L\u2019area Yacht sar\u00e0 caratterizzata da numerose imbarcazioni, da un\u2019ampia area dedicata al charter e al brokeraggio sia a vela che a motore, dando ai diportisti la possibilit\u00e0 di effettuare prove a mare nello splendido scenario del Golfo. Molto attesa la suggestiva sfilata notturna delle imbarcazioni prevista sabato 27 aprile alle ore 20. Si rinnova, inoltre, anche quest\u2019anno l\u2019appuntamento con la gara di pesca responsabile per i bambini e di pesca al tonno con rilascio\u201d.<\/p>\n<p>&nbsp;<\/p>\n<p><strong>Il Presidente della Lega Navale di Gaeta Giacomo Bonelli <\/strong>ha illustrato la grande novit\u00e0 di questa edizione, il<strong> <\/strong>Villaggio dello sport, \u201cun\u2019area che grazie alla collaborazione di Forze Armate e associazioni, sar\u00e0 animata tutti i giorni da eventi per adulti e per ragazzi, con attivit\u00e0 dimostrative e momenti di confronto. Parteciperanno campioni olimpionici di fama nazionale e non mancheranno le gare in mare. Tra queste vorrei citare Veleggiando tra storia e leggenda, la gara non competitiva di domenica 21 in cui le barche toccheranno i maggiori punti di valore del nostro territorio, legando cos\u00ec allo sport la promozione turistica\u201d.<\/p>\n<p align=\"left\">\n<p align=\"left\">Il Direttore Dott. Sergio Monforte<\/p>\n","protected":false},"excerpt":{"rendered":"<p>&nbsp; Si inaugura sabato prossimo, a Gaeta, la sesta edizione dello Yacht Med Festival, in programma dal 20 al 28 aprile. La conferenza stampa di presentazione, svoltasi nell\u2019aula magna dell\u2019Istituto Nautico \u201cG. Caboto\u201d di Gaeta e moderato dalla conduttrice di Linea Blu Donatella Bianchi, ha visto la partecipazione di numerosi partner della Fiera Internazionale dell\u2019Economia<\/p>\n","protected":false},"author":1,"featured_media":0,"comment_status":"open","ping_status":"open","sticky":false,"template":"","format":"standard","meta":{"footnotes":""},"categories":[20,13,10,11],"tags":[],"class_list":["post-5833","post","type-post","status-publish","format-standard","hentry","category-comune-di-gaeta","category-cronaca","category-editoriale","category-enti"],"_links":{"self":[{"href":"https:\/\/www.ulisseland.com\/journal\/wp-json\/wp\/v2\/posts\/5833","targetHints":{"allow":["GET"]}}],"collection":[{"href":"https:\/\/www.ulisseland.com\/journal\/wp-json\/wp\/v2\/posts"}],"about":[{"href":"https:\/\/www.ulisseland.com\/journal\/wp-json\/wp\/v2\/types\/post"}],"author":[{"embeddable":true,"href":"https:\/\/www.ulisseland.com\/journal\/wp-json\/wp\/v2\/users\/1"}],"replies":[{"embeddable":true,"href":"https:\/\/www.ulisseland.com\/journal\/wp-json\/wp\/v2\/comments?post=5833"}],"version-history":[{"count":1,"href":"https:\/\/www.ulisseland.com\/journal\/wp-json\/wp\/v2\/posts\/5833\/revisions"}],"predecessor-version":[{"id":5837,"href":"https:\/\/www.ulisseland.com\/journal\/wp-json\/wp\/v2\/posts\/5833\/revisions\/5837"}],"wp:attachment":[{"href":"https:\/\/www.ulisseland.com\/journal\/wp-json\/wp\/v2\/media?parent=5833"}],"wp:term":[{"taxonomy":"category","embeddable":true,"href":"https:\/\/www.ulisseland.com\/journal\/wp-json\/wp\/v2\/categories?post=5833"},{"taxonomy":"post_tag","embeddable":true,"href":"https:\/\/www.ulisseland.com\/journal\/wp-json\/wp\/v2\/tags?post=5833"}],"curies":[{"name":"wp","href":"https:\/\/api.w.org\/{rel}","templated":true}]}}