{"id":5813,"date":"2013-03-19T23:08:12","date_gmt":"2013-03-19T22:08:12","guid":{"rendered":"http:\/\/www.ulisseland.com\/journal\/?p=5813&#038;lang=it"},"modified":"2013-03-19T23:08:12","modified_gmt":"2013-03-19T22:08:12","slug":"napoli-pontificia-facolta-teologica-sez-s-luigi-bolpagni-e-gamberini-incontrano-raul-gabriel-il-5-aprile","status":"publish","type":"post","link":"https:\/\/www.ulisseland.com\/journal\/napoli-pontificia-facolta-teologica-sez-s-luigi-bolpagni-e-gamberini-incontrano-raul-gabriel-il-5-aprile\/","title":{"rendered":"Napoli, Pontificia Facolt\u00e0 Teologica sez. S. Luigi: Bolpagni e Gamberini incontrano Raul Gabriel il 5 aprile"},"content":{"rendered":"<p align=\"center\">\n<p align=\"center\">PONTIFICIA FACOLT\u00c0 TEOLOGICA<\/p>\n<p align=\"center\">DELL\u2019ITALIA MERIDIONALE<\/p>\n<p align=\"center\">Sezione SAN LUIGI<\/p>\n<p align=\"center\">Via Petrarca, 115 &#8211; Napoli<strong><em><\/em><\/strong><\/p>\n<p align=\"center\"><strong><em>Scuola di Alta Formazione di Arte e Teologia<\/em><\/strong><strong><\/strong><\/p>\n<p align=\"center\"><strong>&#8212;&#8212;&#8212;&#8212;&#8212;<\/strong><\/p>\n<p align=\"center\">\n<p align=\"center\">\n<p align=\"center\"><strong>Napoli, Pontificia Facolt\u00e0 Teologica sez. S. Luigi:<\/strong><\/p>\n<p align=\"center\"><strong>Bolpagni e Gamberini incontrano Raul Gabriel il 5 aprile<\/strong><\/p>\n<p align=\"center\">\n<p align=\"right\"><strong><em>comunicato stampa<\/em><\/strong><\/p>\n<p align=\"right\">\n<p align=\"right\">\n<p>\u00a0\u00a0\u00a0\u00a0\u00a0\u00a0\u00a0\u00a0 \u00ab<strong>Prospettive dell&#8217;arte contemporanea nel sacro. La nuova <em>Via Crucis<\/em> di Raul Gabriel<\/strong>\u00bb \u00e8 il titolo della tavola rotonda, che si terr\u00e0 <strong>venerd\u00ec 5 aprile 2013<\/strong> alle ore 17 a Napoli presso la Pontificia Facolt\u00e0 Teologica dell&#8217;Italia Meridionale, sez. San Luigi (via F. Petrarca 115), di cui \u00e8 decano <strong>Sergio Bastianel sj<\/strong>. <strong>Sul tema e sull&#8217;opera, oltre all&#8217;artista argentino, si confronteranno <\/strong><strong>Paolo <\/strong><em><strong>Bolpagni <\/strong>e<\/em><strong> <\/strong><strong>Paolo <\/strong><em><strong>Gamberini<\/strong><\/em><strong> sj con l&#8217;intento di approfondire l&#8217;argomento e valorizzare un&#8217;arte che suscita sempre pi\u00f9 interesse anche da parte dei pi\u00f9 giovani.<\/strong><\/p>\n<p>Per informazioni, consultare il sito della <em>Scuola di Alta Formazione di Arte e Teologia<\/em>, di cui \u00e8 direttore il prof.<strong> Giuseppe Manca S.I. <\/strong>e condirettore il prof. <strong>Giorgio Agnisola<\/strong>, <a href=\"http:\/\/www.scuolaarteteologia.it\/\">www.scuolaarteteologia.it<\/a> o telefonare al 338.1527842 o inviare un&#8217;email a direttore.arteteologia@pftim.it<\/p>\n<p>&nbsp;<\/p>\n<p>Paolo Bolpagni \u00e8 direttore Collezione Paolo VI a Concesio (BS), critico e professore di istituzioni arte contemporanea presso l&#8217;Universit\u00e0 Cattolica di Brescia.<\/p>\n<p>Raul Gabriel, artista italo-argentino (Buenos Aires 1966), vive e lavora tra Londra e Milano. Presente con le sue opere artistiche alla Fondazione Mudima di Milano nel 2003, alla Quadriennale di Roma 2003-2005; a Londra alla Broadbent Gallery nel 2006, a Berlino e Miami nel 2008-2009. Premiato alla Facolt\u00e0 di Architettura della Sapienza di Roma per il suo progetto Silkocoons all&#8217;EXPO mondiale di Shangai 2010.<\/p>\n<p>Paolo Gamberini S.I. \u00e8 docente di Teologia dogmatica presso la Pontificia Facolt\u00e0 Teologica dell&#8217;Italia Meridionale Sez. San Luigi.<\/p>\n<p>&nbsp;<\/p>\n<p>&nbsp;<\/p>\n<pre>,,,,,,,,,,,,,,,,,,,,,,,,,,,,,,,,,,,,,,,,,,,,,,,,,,,,,,,,,,,,,,,,,,,,,,,,,,,,,,,,,,,,,,,,,,,,,,,,<\/pre>\n<p>PONTIFICIA FACOLT\u00c0 TEOLOGICA DELL\u2019ITALIA MERIDIONALE<\/p>\n<p>sezione SAN LUIGI &#8211; via Petrarca 115, NAPOLI 80122<\/p>\n<p><strong><em>Scuola di Alta Formazione di Arte e Teologia<\/em><\/strong><\/p>\n<p>www.scuolaarteteologia.it &#8211; www.pftim.it\/sluigi &#8211; tel. 338.1527842 <em>direttore.arteteologia@pftim.it <\/em>&#8211;<\/p>\n<p><em>segreteria.sl@pftim.it<\/em> &#8211; <em>segreteria.arteteologia@pftim.it<\/em><\/p>\n<p>&nbsp;<\/p>\n<p><em>comunicazione e<\/em><em> media relations<\/em>: Mary Attento <a href=\"mailto:m.atten@tin.it\">m.atten@tin.it<\/a><\/p>\n<p>&nbsp;<\/p>\n<p align=\"center\"><strong>Ringrazio i responsabili delle redazioni, i colleghi giornalisti e tutti gli operatori dell\u2019informazione<\/strong><\/p>\n<p align=\"center\"><strong>per l\u2019attenzione riservata all\u2019evento.<\/strong><\/p>\n<p>&nbsp;<\/p>\n<p>Questa e-mail circolare, inviata in Ccn alle redazioni o a persone a scopo informativo riguardo eventi culturali, sanitari e\/o politici, non contiene pubblicit\u00e0 n\u00e9 promozione di tipo commerciale. Coscienti che e-mail indesiderate possono essere oggetto di disturbo, La preghiamo di accettare le nostre scuse, se la presente non dovesse essere di Suo interesse. A norma della Legge 675\/96, abbiamo reperito il Suo indirizzo di posta elettronica navigando in rete o da e-mail che lo hanno reso pubblico. Questo messaggio, inoltre, non pu\u00f2 essere considerato spam poich\u00e9 include la possibilit\u00e0 di essere rimosso da ulteriori invii di posta elettronica. Qualora non intendesse ricevere altre comunicazioni, pu\u00f2 chiedere la cancellazione del Suo nominativo inviando una e-mail allo stesso indirizzo. Grazie.<strong><\/strong><\/p>\n<p><strong>P<\/strong><strong> <\/strong>Per favore, pensate all\u2019ambiente prima di stampare questa e-mail e\/o i documenti allegati.<\/p>\n<p>Please consider your environmental responsibility before printing this e-mail.<\/p>\n<p>&nbsp;<\/p>\n","protected":false},"excerpt":{"rendered":"<p>PONTIFICIA FACOLT\u00c0 TEOLOGICA DELL\u2019ITALIA MERIDIONALE Sezione SAN LUIGI Via Petrarca, 115 &#8211; Napoli Scuola di Alta Formazione di Arte e Teologia &#8212;&#8212;&#8212;&#8212;&#8212; Napoli, Pontificia Facolt\u00e0 Teologica sez. S. Luigi: Bolpagni e Gamberini incontrano Raul Gabriel il 5 aprile comunicato stampa \u00a0\u00a0\u00a0\u00a0\u00a0\u00a0\u00a0\u00a0 \u00abProspettive dell&#8217;arte contemporanea nel sacro. La nuova Via Crucis di Raul Gabriel\u00bb \u00e8 il<\/p>\n","protected":false},"author":1,"featured_media":0,"comment_status":"open","ping_status":"open","sticky":false,"template":"","format":"standard","meta":{"footnotes":""},"categories":[13,12],"tags":[],"class_list":["post-5813","post","type-post","status-publish","format-standard","hentry","category-cronaca","category-cultura"],"_links":{"self":[{"href":"https:\/\/www.ulisseland.com\/journal\/wp-json\/wp\/v2\/posts\/5813","targetHints":{"allow":["GET"]}}],"collection":[{"href":"https:\/\/www.ulisseland.com\/journal\/wp-json\/wp\/v2\/posts"}],"about":[{"href":"https:\/\/www.ulisseland.com\/journal\/wp-json\/wp\/v2\/types\/post"}],"author":[{"embeddable":true,"href":"https:\/\/www.ulisseland.com\/journal\/wp-json\/wp\/v2\/users\/1"}],"replies":[{"embeddable":true,"href":"https:\/\/www.ulisseland.com\/journal\/wp-json\/wp\/v2\/comments?post=5813"}],"version-history":[{"count":1,"href":"https:\/\/www.ulisseland.com\/journal\/wp-json\/wp\/v2\/posts\/5813\/revisions"}],"predecessor-version":[{"id":5814,"href":"https:\/\/www.ulisseland.com\/journal\/wp-json\/wp\/v2\/posts\/5813\/revisions\/5814"}],"wp:attachment":[{"href":"https:\/\/www.ulisseland.com\/journal\/wp-json\/wp\/v2\/media?parent=5813"}],"wp:term":[{"taxonomy":"category","embeddable":true,"href":"https:\/\/www.ulisseland.com\/journal\/wp-json\/wp\/v2\/categories?post=5813"},{"taxonomy":"post_tag","embeddable":true,"href":"https:\/\/www.ulisseland.com\/journal\/wp-json\/wp\/v2\/tags?post=5813"}],"curies":[{"name":"wp","href":"https:\/\/api.w.org\/{rel}","templated":true}]}}