{"id":5800,"date":"2013-03-19T22:52:53","date_gmt":"2013-03-19T21:52:53","guid":{"rendered":"http:\/\/www.ulisseland.com\/journal\/?p=5800&#038;lang=it"},"modified":"2013-03-19T22:52:53","modified_gmt":"2013-03-19T21:52:53","slug":"formia-riunito-il-comitato-cittadino-delludc","status":"publish","type":"post","link":"https:\/\/www.ulisseland.com\/journal\/formia-riunito-il-comitato-cittadino-delludc\/","title":{"rendered":"FORMIA: Riunito il Comitato cittadino dell\u2019UDC"},"content":{"rendered":"<figure id=\"attachment_5802\" aria-describedby=\"caption-attachment-5802\" style=\"width: 352px\" class=\"wp-caption alignleft\"><a href=\"https:\/\/www.ulisseland.com\/journal\/wp-content\/uploads\/2013\/03\/Michele-Forte.jpg\"><img loading=\"lazy\" decoding=\"async\" class=\" wp-image-5802\" title=\"Michele Forte\" src=\"https:\/\/www.ulisseland.com\/journal\/wp-content\/uploads\/2013\/03\/Michele-Forte.jpg\" alt=\"\" width=\"352\" height=\"296\" srcset=\"https:\/\/www.ulisseland.com\/journal\/wp-content\/uploads\/2013\/03\/Michele-Forte.jpg 352w, https:\/\/www.ulisseland.com\/journal\/wp-content\/uploads\/2013\/03\/Michele-Forte-300x252.jpg 300w\" sizes=\"auto, (max-width: 352px) 100vw, 352px\" \/><\/a><figcaption id=\"caption-attachment-5802\" class=\"wp-caption-text\">Sen. Michele Forte<\/figcaption><\/figure>\n<p>Il Comitato cittadino dell\u2019Udc ha riunito nel pomeriggio di ieri i quadri dirigenti del partito allargato al gruppo consiliare ed agli assessori, per una valutazione ed un\u2019analisi del voto politico, in prospettiva dell\u2019imminente tornata amministrativa di maggio. All\u2019assemblea presieduta dal segretario Giuseppe Di Nitto \u00e8 intervento anche il sindaco Michele Forte.<\/p>\n<p>\u201c Il risultato di Formia &#8211; bisogna prendere atto &#8211; non \u00e8 stato soddisfacente, siamo stati in parte penalizzati come Udc dalla concorrenza alla Camera del simbolo della lista civica di Monti. Un elemento di disorientamento per il nostro elettorato che si \u00e8 ritrovato sulla scheda per le Regionali anche un ulteriore simbolo diverso. Ci\u00f2 non significa ricercare a tutti i costi delle attenuanti ma un aspetto va rimarcato: alle politiche del 2008 l\u2019Udc alla Camera aveva preso 2.963 voti contro i 2.056 del 2013. A questo dato bisogna per\u00f2 aggiungere i 1.579 voti della lista civica per Monti, per un totale complessivo di 3.635 voti. Dal raffronto tra le due elezioni c\u2019\u00e8 in termini numerici un incremento di 672 voti. Da questo punto di vista abbiamo combattuto una buona battaglia, in coerenza con i nostri valori.<\/p>\n<figure id=\"attachment_5801\" aria-describedby=\"caption-attachment-5801\" style=\"width: 300px\" class=\"wp-caption alignright\"><a href=\"https:\/\/www.ulisseland.com\/journal\/wp-content\/uploads\/2013\/03\/Giuseppe-Di-Nitto.jpg\"><img loading=\"lazy\" decoding=\"async\" class=\"size-medium wp-image-5801\" title=\"Giuseppe Di Nitto\" src=\"https:\/\/www.ulisseland.com\/journal\/wp-content\/uploads\/2013\/03\/Giuseppe-Di-Nitto-300x262.jpg\" alt=\"\" width=\"300\" height=\"262\" srcset=\"https:\/\/www.ulisseland.com\/journal\/wp-content\/uploads\/2013\/03\/Giuseppe-Di-Nitto-300x262.jpg 300w, https:\/\/www.ulisseland.com\/journal\/wp-content\/uploads\/2013\/03\/Giuseppe-Di-Nitto.jpg 349w\" sizes=\"auto, (max-width: 300px) 100vw, 300px\" \/><\/a><figcaption id=\"caption-attachment-5801\" class=\"wp-caption-text\">Giuseppe Di Nitto<\/figcaption><\/figure>\n<p>Tutti i partiti storici hanno sub\u00ecto un forte ridimensionamento elettorale, dalle urne \u00e8 uscito un voto populista e di protesta che ha premiato l\u2019antipolitica del Movimento 5 Stelle. Riflessioni e considerazioni allarmanti su uno scenario di instabilit\u00e0 governativa che molto probabilmente ci riporter\u00e0 di nuovo al voto\u201d.<\/p>\n<p>Il dibattito si \u00e8 poi spostato sulle elezioni amministrative di fine maggio.<\/p>\n<p>\u201cIl nostro obiettivo \u00e8 supportare come partito l\u2019azione dell\u2019amministrazione comunale in carica &#8211; dichiara il segretario Giuseppe Di Nitto &#8211; ed \u00e8 fondamentale in questo momento allargare e rafforzare la sfera del consenso attorno alla figura del sindaco e alla sua linea programmatica di continuit\u00e0. L\u2019opera di rinnovamento della citt\u00e0 va completata, in gioco ci sono progetti e finanziamenti PLUS per oltre 8 milioni di euro, cantieri aperti, interventi in via di ultimazione. Non \u00e8 pensabile passare la mano, in questa fase c\u2019\u00e8 bisogno di unit\u00e0 e responsabilit\u00e0 da parte di tutte le forze politiche della coalizione di governo. L\u2019appello \u00e8 rivolto in primis al PDL per l\u2019apertura di un confronto sereno e costruttivo finalizzato a concordare e concertare una piattaforma programmatica rispondente alle esigenze di una citt\u00e0 che stiamo innovando e modernizzando.<\/p>\n<p>Il compito dell\u2019Udc \u00e8 creare i presupposti per un rafforzamento di tutta la coalizione di governo. E\u2019 mia intenzione intensificare il rapporto con le forze politiche di maggioranza, le associazioni, il volontariato e le espressioni della societ\u00e0 civile,\u00a0 creando i presupposti necessari per un coinvolgimento nella proposta e nell\u2019azione di crescita della citt\u00e0. Siamo disponibili &#8211; conclude Di Nitto &#8211;\u00a0 al confronto con tutti, ritengo in questo particolare momento politico ed economico intensificare la presenza del partito a sostegno delle problematiche sociali delle famiglie. Un partito pi\u00f9 vicino ai bisogni dei cittadini e del territorio al servizio nella continuit\u00e0 di un\u2019idea e di un progetto vincente\u201d.<\/p>\n<p>Il Direttore Dott. Sergio Monforte<\/p>\n","protected":false},"excerpt":{"rendered":"<p>Il Comitato cittadino dell\u2019Udc ha riunito nel pomeriggio di ieri i quadri dirigenti del partito allargato al gruppo consiliare ed agli assessori, per una valutazione ed un\u2019analisi del voto politico, in prospettiva dell\u2019imminente tornata amministrativa di maggio. All\u2019assemblea presieduta dal segretario Giuseppe Di Nitto \u00e8 intervento anche il sindaco Michele Forte. \u201c Il risultato di<\/p>\n","protected":false},"author":1,"featured_media":0,"comment_status":"open","ping_status":"open","sticky":false,"template":"","format":"standard","meta":{"footnotes":""},"categories":[14,13],"tags":[],"class_list":["post-5800","post","type-post","status-publish","format-standard","hentry","category-comune-di-formia","category-cronaca"],"_links":{"self":[{"href":"https:\/\/www.ulisseland.com\/journal\/wp-json\/wp\/v2\/posts\/5800","targetHints":{"allow":["GET"]}}],"collection":[{"href":"https:\/\/www.ulisseland.com\/journal\/wp-json\/wp\/v2\/posts"}],"about":[{"href":"https:\/\/www.ulisseland.com\/journal\/wp-json\/wp\/v2\/types\/post"}],"author":[{"embeddable":true,"href":"https:\/\/www.ulisseland.com\/journal\/wp-json\/wp\/v2\/users\/1"}],"replies":[{"embeddable":true,"href":"https:\/\/www.ulisseland.com\/journal\/wp-json\/wp\/v2\/comments?post=5800"}],"version-history":[{"count":1,"href":"https:\/\/www.ulisseland.com\/journal\/wp-json\/wp\/v2\/posts\/5800\/revisions"}],"predecessor-version":[{"id":5803,"href":"https:\/\/www.ulisseland.com\/journal\/wp-json\/wp\/v2\/posts\/5800\/revisions\/5803"}],"wp:attachment":[{"href":"https:\/\/www.ulisseland.com\/journal\/wp-json\/wp\/v2\/media?parent=5800"}],"wp:term":[{"taxonomy":"category","embeddable":true,"href":"https:\/\/www.ulisseland.com\/journal\/wp-json\/wp\/v2\/categories?post=5800"},{"taxonomy":"post_tag","embeddable":true,"href":"https:\/\/www.ulisseland.com\/journal\/wp-json\/wp\/v2\/tags?post=5800"}],"curies":[{"name":"wp","href":"https:\/\/api.w.org\/{rel}","templated":true}]}}