{"id":5790,"date":"2013-03-18T09:32:21","date_gmt":"2013-03-18T08:32:21","guid":{"rendered":"http:\/\/www.ulisseland.com\/journal\/?p=5790&#038;lang=it"},"modified":"2013-03-18T09:34:40","modified_gmt":"2013-03-18T08:34:40","slug":"formia-verso-le-elezioni-amministrative","status":"publish","type":"post","link":"https:\/\/www.ulisseland.com\/journal\/formia-verso-le-elezioni-amministrative\/","title":{"rendered":"FORMIA \u2013 Verso le Elezioni Amministrative"},"content":{"rendered":"<figure id=\"attachment_5795\" aria-describedby=\"caption-attachment-5795\" style=\"width: 277px\" class=\"wp-caption alignleft\"><a href=\"https:\/\/www.ulisseland.com\/journal\/wp-content\/uploads\/2013\/03\/Maurizio-Costa.jpg\"><img loading=\"lazy\" decoding=\"async\" class=\"size-medium wp-image-5795\" title=\"Maurizio Costa\" src=\"https:\/\/www.ulisseland.com\/journal\/wp-content\/uploads\/2013\/03\/Maurizio-Costa-277x300.jpg\" alt=\"\" width=\"277\" height=\"300\" srcset=\"https:\/\/www.ulisseland.com\/journal\/wp-content\/uploads\/2013\/03\/Maurizio-Costa-277x300.jpg 277w, https:\/\/www.ulisseland.com\/journal\/wp-content\/uploads\/2013\/03\/Maurizio-Costa.jpg 440w\" sizes=\"auto, (max-width: 277px) 100vw, 277px\" \/><\/a><figcaption id=\"caption-attachment-5795\" class=\"wp-caption-text\">Maurizio Costa<\/figcaption><\/figure>\n<p>Presentata, a Formia, una prima coalizione civica, pronta a concorrere nelle prossime consultazioni amministrative di Maggio, per il rinnovo del Sindaco e dell\u2019amministrazione cittadina. Per il momento, la coalizione \u00e8 composta da quattro liste, approntate e facenti capo ad esponenti di diverse estrazioni politiche, proprio a testimonianza della volont\u00e0 di superare taluni rigidi, quanto superati schieramenti, per dar vita ad un pi\u00f9 ampio movimento che possa coagulare e rappresentare l\u2019esigenza di cambiamento della base elettorale.<\/p>\n<p>&nbsp;<\/p>\n<p>&nbsp;<\/p>\n<p>Della coalizione fanno parte: \u201cIdea Domani\u201d, con l\u2019Avv. Pasquale Cardillo Cupo ed il dott. Nicola Limongi; \u201cMovimento per Formia\u201d, con l\u2019Avv. Massimo Giovanchelli ed il consigliere provinciale Mauro Sasso; \u201cSi pu\u00f2 fare &#8211; Insieme per Formia\u201d, lista composta da professionisti ed esponenti di categoria e \u201cCultural Club\u201d, il movimento che fa capo all\u2019imprenditore Carmine Barone.<\/p>\n<figure id=\"attachment_5797\" aria-describedby=\"caption-attachment-5797\" style=\"width: 300px\" class=\"wp-caption alignleft\"><a href=\"https:\/\/www.ulisseland.com\/journal\/wp-content\/uploads\/2013\/03\/Pasquale-Cardillo-Cupo.jpg\"><img loading=\"lazy\" decoding=\"async\" class=\"size-medium wp-image-5797\" title=\"Pasquale Cardillo Cupo\" src=\"https:\/\/www.ulisseland.com\/journal\/wp-content\/uploads\/2013\/03\/Pasquale-Cardillo-Cupo-300x300.jpg\" alt=\"\" width=\"300\" height=\"300\" srcset=\"https:\/\/www.ulisseland.com\/journal\/wp-content\/uploads\/2013\/03\/Pasquale-Cardillo-Cupo-300x300.jpg 300w, https:\/\/www.ulisseland.com\/journal\/wp-content\/uploads\/2013\/03\/Pasquale-Cardillo-Cupo-150x150.jpg 150w, https:\/\/www.ulisseland.com\/journal\/wp-content\/uploads\/2013\/03\/Pasquale-Cardillo-Cupo-50x50.jpg 50w, https:\/\/www.ulisseland.com\/journal\/wp-content\/uploads\/2013\/03\/Pasquale-Cardillo-Cupo.jpg 440w\" sizes=\"auto, (max-width: 300px) 100vw, 300px\" \/><\/a><figcaption id=\"caption-attachment-5797\" class=\"wp-caption-text\">Pasquale Cardillo Cupo<\/figcaption><\/figure>\n<p>In questa fase iniziale, i vari esponenti hanno proposto a candidato a Sindaco il dott. Maurizio Costa, pur manifestando la massima apertura al dialogo con altre forze politiche, sia per quanto riguarda ovviamente il programma ed un ampliamento della coalizione, che la candidatura a Sindaco di Formia.<\/p>\n<p>\u201cOrgogliosamente, hanno sottolineato gli esponenti intervenuti nel corso della conferenza stampa di presentazione, vogliamo rimarcare che siamo stati i primi ad elaborare una idea diversa,\u00a0 e verifichiamo con piacere che il seme gettato ha dato i suoi frutti ed oggi tante realt\u00e0 sono pronte a salire nell\u2019agone politico per provare a cambiare davvero il futuro della citt\u00e0.<\/p>\n<p>Purtroppo nel 2008, Idea Domani e Movimento per<\/p>\n<figure id=\"attachment_5796\" aria-describedby=\"caption-attachment-5796\" style=\"width: 262px\" class=\"wp-caption alignleft\"><a href=\"https:\/\/www.ulisseland.com\/journal\/wp-content\/uploads\/2013\/03\/Nicola-Limongi.jpg\"><img loading=\"lazy\" decoding=\"async\" class=\"size-medium wp-image-5796\" title=\"Nicola Limongi\" src=\"https:\/\/www.ulisseland.com\/journal\/wp-content\/uploads\/2013\/03\/Nicola-Limongi-262x300.jpg\" alt=\"\" width=\"262\" height=\"300\" srcset=\"https:\/\/www.ulisseland.com\/journal\/wp-content\/uploads\/2013\/03\/Nicola-Limongi-262x300.jpg 262w, https:\/\/www.ulisseland.com\/journal\/wp-content\/uploads\/2013\/03\/Nicola-Limongi.jpg 460w\" sizes=\"auto, (max-width: 262px) 100vw, 262px\" \/><\/a><figcaption id=\"caption-attachment-5796\" class=\"wp-caption-text\">Nicola Limongi<\/figcaption><\/figure>\n<p>Formia, pur rimanendo su posizioni alternative, provarono ad offrire una soluzione politica innovativa, ma sebbene la citt\u00e0 offri un buon riscontro, i tempi non erano ancora maturi.<\/p>\n<p>Per tali ragioni nel corso di questi anni \u00e8 cominciato un lungo e proficuo percorso programmatico e funzionale alla unione degli sforzi ed alla creazione di una vera alternativa ; sempre per tale motivo oggi le nostre realt\u00e0 di base cittadina si incontrano con cadenza quasi quotidiana ed oggi lanciano un appello alla politica affinch\u00e9 si unisca ai nostri sforzi al fine di creare quella terza via di cui oggi Formia ha urgente bisogno.<\/p>\n<p>Non vogliamo e non possiamo porre limiti ai contributi di chi vorr\u00e0 sostenere questo sforzo, se non quelli dettati dalla seriet\u00e0 e dalla meritocrazia, paletti non contrattabili che costituiranno il faro della nostra azione e che ci porter\u00e0 a sostenere un candidato sindaco alle prossime elezioni\u00a0 al Comune di Formia.<\/p>\n<figure id=\"attachment_5794\" aria-describedby=\"caption-attachment-5794\" style=\"width: 275px\" class=\"wp-caption alignleft\"><a href=\"https:\/\/www.ulisseland.com\/journal\/wp-content\/uploads\/2013\/03\/Massimo-Giovanchelli.jpg\"><img loading=\"lazy\" decoding=\"async\" class=\"size-medium wp-image-5794\" title=\"Massimo Giovanchelli\" src=\"https:\/\/www.ulisseland.com\/journal\/wp-content\/uploads\/2013\/03\/Massimo-Giovanchelli-275x300.jpg\" alt=\"\" width=\"275\" height=\"300\" srcset=\"https:\/\/www.ulisseland.com\/journal\/wp-content\/uploads\/2013\/03\/Massimo-Giovanchelli-275x300.jpg 275w, https:\/\/www.ulisseland.com\/journal\/wp-content\/uploads\/2013\/03\/Massimo-Giovanchelli.jpg 440w\" sizes=\"auto, (max-width: 275px) 100vw, 275px\" \/><\/a><figcaption id=\"caption-attachment-5794\" class=\"wp-caption-text\">Massimo Giovanchelli<\/figcaption><\/figure>\n<p>Abbiamo individuato un percorso che pu\u00f2 unire proposte concrete che possono cambiare ed innovare in maniera proficua la politica della nostra citt\u00e0, e siamo convinti che nel periodo che ancora ci separa dalle elezioni, unitamente agli amici che vorranno unirsi a noi, saremo presto in condizione di presentare la nostra proposta ai cittadini, per cambiarci tutti insieme la citt\u00e0\u201d.<\/p>\n<p>Il Direttore Dott. Sergio Monforte<\/p>\n<p>&nbsp;<\/p>\n<p>&nbsp;<\/p>\n<p>&nbsp;<\/p>\n<p>&nbsp;<\/p>\n<p>&nbsp;<\/p>\n<figure id=\"attachment_5791\" aria-describedby=\"caption-attachment-5791\" style=\"width: 269px\" class=\"wp-caption alignright\"><a href=\"https:\/\/www.ulisseland.com\/journal\/wp-content\/uploads\/2013\/03\/Carmine-Barone.jpg\"><img loading=\"lazy\" decoding=\"async\" class=\"size-medium wp-image-5791\" title=\"Carmine Barone\" src=\"https:\/\/www.ulisseland.com\/journal\/wp-content\/uploads\/2013\/03\/Carmine-Barone-269x300.jpg\" alt=\"\" width=\"269\" height=\"300\" srcset=\"https:\/\/www.ulisseland.com\/journal\/wp-content\/uploads\/2013\/03\/Carmine-Barone-269x300.jpg 269w, https:\/\/www.ulisseland.com\/journal\/wp-content\/uploads\/2013\/03\/Carmine-Barone.jpg 440w\" sizes=\"auto, (max-width: 269px) 100vw, 269px\" \/><\/a><figcaption id=\"caption-attachment-5791\" class=\"wp-caption-text\">Carmine Barone<\/figcaption><\/figure>\n<p>&nbsp;<\/p>\n<figure id=\"attachment_5793\" aria-describedby=\"caption-attachment-5793\" style=\"width: 300px\" class=\"wp-caption alignleft\"><a href=\"https:\/\/www.ulisseland.com\/journal\/wp-content\/uploads\/2013\/03\/Idea_20Domani1.jpg\"><img loading=\"lazy\" decoding=\"async\" class=\"size-medium wp-image-5793\" title=\"Idea_20Domani1\" src=\"https:\/\/www.ulisseland.com\/journal\/wp-content\/uploads\/2013\/03\/Idea_20Domani1-300x276.jpg\" alt=\"\" width=\"300\" height=\"276\" srcset=\"https:\/\/www.ulisseland.com\/journal\/wp-content\/uploads\/2013\/03\/Idea_20Domani1-300x276.jpg 300w, https:\/\/www.ulisseland.com\/journal\/wp-content\/uploads\/2013\/03\/Idea_20Domani1.jpg 530w\" sizes=\"auto, (max-width: 300px) 100vw, 300px\" \/><\/a><figcaption id=\"caption-attachment-5793\" class=\"wp-caption-text\">Idea Domani<\/figcaption><\/figure>\n<div class=\"mceTemp\">\n<figure id=\"attachment_5792\" aria-describedby=\"caption-attachment-5792\" style=\"width: 300px\" class=\"wp-caption alignleft\"><a href=\"https:\/\/www.ulisseland.com\/journal\/wp-content\/uploads\/2013\/03\/Idea-Domani.jpg\"><img loading=\"lazy\" decoding=\"async\" class=\"size-medium wp-image-5792\" title=\"Idea Domani\" src=\"https:\/\/www.ulisseland.com\/journal\/wp-content\/uploads\/2013\/03\/Idea-Domani-300x218.jpg\" alt=\"\" width=\"300\" height=\"218\" srcset=\"https:\/\/www.ulisseland.com\/journal\/wp-content\/uploads\/2013\/03\/Idea-Domani-300x218.jpg 300w, https:\/\/www.ulisseland.com\/journal\/wp-content\/uploads\/2013\/03\/Idea-Domani-600x437.jpg 600w, https:\/\/www.ulisseland.com\/journal\/wp-content\/uploads\/2013\/03\/Idea-Domani.jpg 611w\" sizes=\"auto, (max-width: 300px) 100vw, 300px\" \/><\/a><figcaption id=\"caption-attachment-5792\" class=\"wp-caption-text\">Presentazione Idea Domani<\/figcaption><\/figure>\n<\/div>\n","protected":false},"excerpt":{"rendered":"<p>Presentata, a Formia, una prima coalizione civica, pronta a concorrere nelle prossime consultazioni amministrative di Maggio, per il rinnovo del Sindaco e dell\u2019amministrazione cittadina. Per il momento, la coalizione \u00e8 composta da quattro liste, approntate e facenti capo ad esponenti di diverse estrazioni politiche, proprio a testimonianza della volont\u00e0 di superare taluni rigidi, quanto superati<\/p>\n","protected":false},"author":1,"featured_media":0,"comment_status":"open","ping_status":"open","sticky":false,"template":"","format":"standard","meta":{"footnotes":""},"categories":[14,13,11],"tags":[],"class_list":["post-5790","post","type-post","status-publish","format-standard","hentry","category-comune-di-formia","category-cronaca","category-enti"],"_links":{"self":[{"href":"https:\/\/www.ulisseland.com\/journal\/wp-json\/wp\/v2\/posts\/5790","targetHints":{"allow":["GET"]}}],"collection":[{"href":"https:\/\/www.ulisseland.com\/journal\/wp-json\/wp\/v2\/posts"}],"about":[{"href":"https:\/\/www.ulisseland.com\/journal\/wp-json\/wp\/v2\/types\/post"}],"author":[{"embeddable":true,"href":"https:\/\/www.ulisseland.com\/journal\/wp-json\/wp\/v2\/users\/1"}],"replies":[{"embeddable":true,"href":"https:\/\/www.ulisseland.com\/journal\/wp-json\/wp\/v2\/comments?post=5790"}],"version-history":[{"count":2,"href":"https:\/\/www.ulisseland.com\/journal\/wp-json\/wp\/v2\/posts\/5790\/revisions"}],"predecessor-version":[{"id":5799,"href":"https:\/\/www.ulisseland.com\/journal\/wp-json\/wp\/v2\/posts\/5790\/revisions\/5799"}],"wp:attachment":[{"href":"https:\/\/www.ulisseland.com\/journal\/wp-json\/wp\/v2\/media?parent=5790"}],"wp:term":[{"taxonomy":"category","embeddable":true,"href":"https:\/\/www.ulisseland.com\/journal\/wp-json\/wp\/v2\/categories?post=5790"},{"taxonomy":"post_tag","embeddable":true,"href":"https:\/\/www.ulisseland.com\/journal\/wp-json\/wp\/v2\/tags?post=5790"}],"curies":[{"name":"wp","href":"https:\/\/api.w.org\/{rel}","templated":true}]}}