{"id":5782,"date":"2013-03-18T09:10:25","date_gmt":"2013-03-18T08:10:25","guid":{"rendered":"http:\/\/www.ulisseland.com\/journal\/?p=5782&#038;lang=it"},"modified":"2013-03-18T09:10:25","modified_gmt":"2013-03-18T08:10:25","slug":"gaeta-avviato-il-restauro-della-chiesa-della-ss-maria-di-porto-salvo","status":"publish","type":"post","link":"https:\/\/www.ulisseland.com\/journal\/gaeta-avviato-il-restauro-della-chiesa-della-ss-maria-di-porto-salvo\/","title":{"rendered":"GAETA: Avviato il restauro della Chiesa della  SS. Maria di Porto Salvo"},"content":{"rendered":"<figure id=\"attachment_5783\" aria-describedby=\"caption-attachment-5783\" style=\"width: 420px\" class=\"wp-caption alignright\"><a href=\"https:\/\/www.ulisseland.com\/journal\/wp-content\/uploads\/2013\/03\/Gaeta-Chiesa-degli-Scalzi.jpg\"><img loading=\"lazy\" decoding=\"async\" class=\" wp-image-5783\" title=\"Gaeta Chiesa degli Scalzi\" src=\"https:\/\/www.ulisseland.com\/journal\/wp-content\/uploads\/2013\/03\/Gaeta-Chiesa-degli-Scalzi.jpg\" alt=\"\" width=\"420\" height=\"409\" srcset=\"https:\/\/www.ulisseland.com\/journal\/wp-content\/uploads\/2013\/03\/Gaeta-Chiesa-degli-Scalzi.jpg 540w, https:\/\/www.ulisseland.com\/journal\/wp-content\/uploads\/2013\/03\/Gaeta-Chiesa-degli-Scalzi-300x292.jpg 300w, https:\/\/www.ulisseland.com\/journal\/wp-content\/uploads\/2013\/03\/Gaeta-Chiesa-degli-Scalzi-50x50.jpg 50w\" sizes=\"auto, (max-width: 420px) 100vw, 420px\" \/><\/a><figcaption id=\"caption-attachment-5783\" class=\"wp-caption-text\">Gaeta Chiesa degli Scalzi - Santa Maria di Porto Salvo<\/figcaption><\/figure>\n<p>Aprir\u00e0 nei prossimi giorni, a Gaeta, il cantiere per la realizzazione dell\u2019importante intervento di restauro\u00a0 e consolidamento della Chiesa della SS. Maria di Porto Salvo, comunemente detta \u201cdegli Scalzi\u201d. L\u2019edificio sacro, che fa parte del patrimonio\u00a0 comunale,\u00a0 \u00e8 sede della Parrocchia di SS. Cosma e Damiano dal 1944, quando la chiesa dei Santi Medici\u00a0 \u00e8 stata distrutta (ricostruita poi nel dopoguerra).<\/p>\n<p>Il Sindaco Cosmo Mitrano comunica con soddisfazione l\u2019imminente avvio dei lavori\u00a0\u00a0 \u201ctanto attesi dai fedeli della comunit\u00e0 parrocchiale di SS. Cosma e Damiano e dall\u2019intera citt\u00e0 di Gaeta, volti a ridare\u00a0 lustro alla storica chiesa della SS. Maria di Porto Salvo, fatta costruire nel 1624,\u00a0 insieme al convento, dai Padri Agostiniani Scalzi nel quartiere gaetano dei pescatori e degli artigiani. Durante l\u2019assedio del 1861 il convento fu distrutto mentre la chiesa si salv\u00f2 ed \u00e8 tuttora visibile in tutta la sua maestosit\u00e0, da anni per\u00f2 necessita di questo intervento di manutenzione straordinaria\u00a0 in grado di restituire all\u2019edificio sacro tutto il fascino del suo prestigioso passato\u201d.<\/p>\n<p>I lavori, dal costo complessivo di 150.000 euro, sono finanziati dal Ministero dell\u2019Economia e Finanze che nel 2006\u00a0 ha erogato un contributo di 200.000 euro al Comune di Gaeta, di cui 50.000 euro sono gi\u00e0 stati utilizzati dalla precedente Amministrazione per opere realizzate nello spazio esterno di pertinenza della chiesa.<\/p>\n<p>La ditta appaltatrice dell\u2019intervento, la RCR Edilizia srl di Napoli, dovr\u00e0 procedere al rifacimento della facciata esterna della chiesa degli Scalzi, alle opere di consolidamento e ristrutturazione del campanile,\u00a0 ad interventi di\u00a0 manutenzione ordinaria e straordinaria all\u2019interno della chiesa e dell\u2019oratorio.<\/p>\n<p>\u201cL\u2019avvio dei lavori di restauro e consolidamento della chiesa della Madonna di\u00a0 Porto Salvo \u00e8 frutto dell\u2019impegno e della passione che questa Amministrazione sta impiegando nella gestione pubblica del territorio \u2013 afferma l\u2019Assessore alle Opere Pubbliche\u00a0 Cristian Leccese &#8211; Purtroppo ancora una volta siamo costretti a sottolineare come siano numerose le situazioni critiche della nostra citt\u00e0 che necessitano di interventi da parte della Pubblica Amministrazione, ma le risorse economiche comunali sono davvero risicate e non ci consentono di agire in tempi rapidi. Ci\u00f2 non significa mettere i problemi nel cassetto, anzi ci spinge a raddoppiare i nostri sforzi per soddisfare le tante esigenze del territorio\u201d.<\/p>\n<p>Il Direttore Dott. Sergio Monforte<\/p>\n","protected":false},"excerpt":{"rendered":"<p>Aprir\u00e0 nei prossimi giorni, a Gaeta, il cantiere per la realizzazione dell\u2019importante intervento di restauro\u00a0 e consolidamento della Chiesa della SS. Maria di Porto Salvo, comunemente detta \u201cdegli Scalzi\u201d. L\u2019edificio sacro, che fa parte del patrimonio\u00a0 comunale,\u00a0 \u00e8 sede della Parrocchia di SS. Cosma e Damiano dal 1944, quando la chiesa dei Santi Medici\u00a0 \u00e8<\/p>\n","protected":false},"author":1,"featured_media":0,"comment_status":"open","ping_status":"open","sticky":false,"template":"","format":"standard","meta":{"footnotes":""},"categories":[20,13,11],"tags":[],"class_list":["post-5782","post","type-post","status-publish","format-standard","hentry","category-comune-di-gaeta","category-cronaca","category-enti"],"_links":{"self":[{"href":"https:\/\/www.ulisseland.com\/journal\/wp-json\/wp\/v2\/posts\/5782","targetHints":{"allow":["GET"]}}],"collection":[{"href":"https:\/\/www.ulisseland.com\/journal\/wp-json\/wp\/v2\/posts"}],"about":[{"href":"https:\/\/www.ulisseland.com\/journal\/wp-json\/wp\/v2\/types\/post"}],"author":[{"embeddable":true,"href":"https:\/\/www.ulisseland.com\/journal\/wp-json\/wp\/v2\/users\/1"}],"replies":[{"embeddable":true,"href":"https:\/\/www.ulisseland.com\/journal\/wp-json\/wp\/v2\/comments?post=5782"}],"version-history":[{"count":1,"href":"https:\/\/www.ulisseland.com\/journal\/wp-json\/wp\/v2\/posts\/5782\/revisions"}],"predecessor-version":[{"id":5784,"href":"https:\/\/www.ulisseland.com\/journal\/wp-json\/wp\/v2\/posts\/5782\/revisions\/5784"}],"wp:attachment":[{"href":"https:\/\/www.ulisseland.com\/journal\/wp-json\/wp\/v2\/media?parent=5782"}],"wp:term":[{"taxonomy":"category","embeddable":true,"href":"https:\/\/www.ulisseland.com\/journal\/wp-json\/wp\/v2\/categories?post=5782"},{"taxonomy":"post_tag","embeddable":true,"href":"https:\/\/www.ulisseland.com\/journal\/wp-json\/wp\/v2\/tags?post=5782"}],"curies":[{"name":"wp","href":"https:\/\/api.w.org\/{rel}","templated":true}]}}