{"id":5752,"date":"2013-03-18T08:04:35","date_gmt":"2013-03-18T07:04:35","guid":{"rendered":"http:\/\/www.ulisseland.com\/journal\/?p=5752&#038;lang=it"},"modified":"2013-03-18T08:04:35","modified_gmt":"2013-03-18T07:04:35","slug":"isole-pontine-presto-un-nuovo-collegamento-veloce-con-formia","status":"publish","type":"post","link":"https:\/\/www.ulisseland.com\/journal\/isole-pontine-presto-un-nuovo-collegamento-veloce-con-formia\/","title":{"rendered":"ISOLE PONTINE: Presto un nuovo collegamento veloce con Formia"},"content":{"rendered":"<figure id=\"attachment_5755\" aria-describedby=\"caption-attachment-5755\" style=\"width: 227px\" class=\"wp-caption alignleft\"><a href=\"https:\/\/www.ulisseland.com\/journal\/wp-content\/uploads\/2013\/03\/Sindaco-di-Ventotene-Giuseppe-Assenso.jpg\"><img loading=\"lazy\" decoding=\"async\" class=\"size-medium wp-image-5755\" title=\"Sindaco di Ventotene Giuseppe Assenso\" src=\"https:\/\/www.ulisseland.com\/journal\/wp-content\/uploads\/2013\/03\/Sindaco-di-Ventotene-Giuseppe-Assenso-227x300.jpg\" alt=\"\" width=\"227\" height=\"300\" srcset=\"https:\/\/www.ulisseland.com\/journal\/wp-content\/uploads\/2013\/03\/Sindaco-di-Ventotene-Giuseppe-Assenso-227x300.jpg 227w, https:\/\/www.ulisseland.com\/journal\/wp-content\/uploads\/2013\/03\/Sindaco-di-Ventotene-Giuseppe-Assenso.jpg 559w\" sizes=\"auto, (max-width: 227px) 100vw, 227px\" \/><\/a><figcaption id=\"caption-attachment-5755\" class=\"wp-caption-text\">Sindaco di Ventotene Giuseppe Assenso<\/figcaption><\/figure>\n<p>E&#8217; previsto per gioved\u00ec 21 marzo il ripristino dei collegamenti effettuati tra Formia e le isole pontine mediante una unit\u00e0 veloce, oltre a quelli assicurati dalla motonave \u201cTetide\u201d. La societ\u00e0 Laziomar ha infatti comunicato che sono in via di espletamento tutte le procedure necessarie al noleggio di un mezzo sostitutivo dell\u2019aliscafo \u201cMonte Gargano\u201d, fermo per danni. L&#8217;unit\u00e0 veloce consentir\u00e0 la riattivazione delle corse da Formia per Ventotene e Ponza &#8211; e viceversa &#8211; secondo gli orari di linea, con prima partenza da Formia per Ponza alle ore 9,00.<br \/>\nConsapevole dei disagi venutisi a creare, la Laziomar si scusa con l&#8217;utenza ed assicura che, dal momento in cui si \u00e8 verificata l&#8217;avaria dell&#8217;aliscafo Monte Gargano, \u00e8 stato profuso il massimo impegno per ristabilire il servizio con la necessaria tempestivit\u00e0, anche in considerazione del periodo stagionale e delle imminenti festivit\u00e0 pasquali, che storicamente fanno registrare un aumento del numero dei passeggeri.<\/p>\n<figure id=\"attachment_5753\" aria-describedby=\"caption-attachment-5753\" style=\"width: 300px\" class=\"wp-caption alignright\"><a href=\"https:\/\/www.ulisseland.com\/journal\/wp-content\/uploads\/2013\/03\/Aliscafo-Laziomar.jpg\"><img loading=\"lazy\" decoding=\"async\" class=\"size-medium wp-image-5753\" title=\"Aliscafo Laziomar\" src=\"https:\/\/www.ulisseland.com\/journal\/wp-content\/uploads\/2013\/03\/Aliscafo-Laziomar-300x189.jpg\" alt=\"\" width=\"300\" height=\"189\" srcset=\"https:\/\/www.ulisseland.com\/journal\/wp-content\/uploads\/2013\/03\/Aliscafo-Laziomar-300x189.jpg 300w, https:\/\/www.ulisseland.com\/journal\/wp-content\/uploads\/2013\/03\/Aliscafo-Laziomar-600x379.jpg 600w, https:\/\/www.ulisseland.com\/journal\/wp-content\/uploads\/2013\/03\/Aliscafo-Laziomar.jpg 975w\" sizes=\"auto, (max-width: 300px) 100vw, 300px\" \/><\/a><figcaption id=\"caption-attachment-5753\" class=\"wp-caption-text\">Aliscafo Laziomar<\/figcaption><\/figure>\n<p>Inoltre, la societ\u00e0 di navigazione rende noto che \u00e8 on line il nuovo sito della Laziomar, con il principale obiettivo di fornire all&#8217;utenza informazioni utili e puntuali circa i servizi di collegamento ed eventuali impedimenti dovuti alle condizioni meteorologiche o ad altri fattori.<\/p>\n<p>Nonostante tali assicurazioni, per\u00f2, il sindaco di Ventotene, Giuseppe Assenso, tenuto conto del disagio venutasi a creare a causa dei danni occorsi all\u2019aliscafo Monte Gargano e considerato che gi\u00e0 da una settimana le comunit\u00e0 isolane di Ventotene e Ponza sono collegate con Formia solo attraverso una corsa giornaliera del traghetto Tetide, ha scritto alla Laziomar ed alla Regione Lazio, sollecitando di anticipare il ripristino dei collegamenti, anche attraverso una nave veloce della Snav, a marted\u00ec 19 marzo, anzich\u00e9 al 21, condividendo le proteste dei cittadini e delle associazioni di categoria di Ventotene (ASSCOM, AVIAP) e di Ponza (Confcommercio), in previsione della festivit\u00e0 di San Giuseppe, che potrebbe portare sulle isole i primi turisti.<\/p>\n<figure id=\"attachment_5754\" aria-describedby=\"caption-attachment-5754\" style=\"width: 473px\" class=\"wp-caption alignright\"><a href=\"https:\/\/www.ulisseland.com\/journal\/wp-content\/uploads\/2013\/03\/Ponza-porto2.jpg\"><img loading=\"lazy\" decoding=\"async\" class=\"size-full wp-image-5754\" title=\"Ponza porto2\" src=\"https:\/\/www.ulisseland.com\/journal\/wp-content\/uploads\/2013\/03\/Ponza-porto2.jpg\" alt=\"\" width=\"473\" height=\"629\" srcset=\"https:\/\/www.ulisseland.com\/journal\/wp-content\/uploads\/2013\/03\/Ponza-porto2.jpg 473w, https:\/\/www.ulisseland.com\/journal\/wp-content\/uploads\/2013\/03\/Ponza-porto2-225x300.jpg 225w\" sizes=\"auto, (max-width: 473px) 100vw, 473px\" \/><\/a><figcaption id=\"caption-attachment-5754\" class=\"wp-caption-text\">Il Porto di Ponza<\/figcaption><\/figure>\n<p>Il Direttore Dott. Sergio Monforte<\/p>\n","protected":false},"excerpt":{"rendered":"<p>E&#8217; previsto per gioved\u00ec 21 marzo il ripristino dei collegamenti effettuati tra Formia e le isole pontine mediante una unit\u00e0 veloce, oltre a quelli assicurati dalla motonave \u201cTetide\u201d. La societ\u00e0 Laziomar ha infatti comunicato che sono in via di espletamento tutte le procedure necessarie al noleggio di un mezzo sostitutivo dell\u2019aliscafo \u201cMonte Gargano\u201d, fermo per<\/p>\n","protected":false},"author":1,"featured_media":0,"comment_status":"open","ping_status":"open","sticky":false,"template":"","format":"standard","meta":{"footnotes":""},"categories":[14,18,38,13,11],"tags":[],"class_list":["post-5752","post","type-post","status-publish","format-standard","hentry","category-comune-di-formia","category-comune-di-ponza","category-comune-di-ventotene","category-cronaca","category-enti"],"_links":{"self":[{"href":"https:\/\/www.ulisseland.com\/journal\/wp-json\/wp\/v2\/posts\/5752","targetHints":{"allow":["GET"]}}],"collection":[{"href":"https:\/\/www.ulisseland.com\/journal\/wp-json\/wp\/v2\/posts"}],"about":[{"href":"https:\/\/www.ulisseland.com\/journal\/wp-json\/wp\/v2\/types\/post"}],"author":[{"embeddable":true,"href":"https:\/\/www.ulisseland.com\/journal\/wp-json\/wp\/v2\/users\/1"}],"replies":[{"embeddable":true,"href":"https:\/\/www.ulisseland.com\/journal\/wp-json\/wp\/v2\/comments?post=5752"}],"version-history":[{"count":1,"href":"https:\/\/www.ulisseland.com\/journal\/wp-json\/wp\/v2\/posts\/5752\/revisions"}],"predecessor-version":[{"id":5756,"href":"https:\/\/www.ulisseland.com\/journal\/wp-json\/wp\/v2\/posts\/5752\/revisions\/5756"}],"wp:attachment":[{"href":"https:\/\/www.ulisseland.com\/journal\/wp-json\/wp\/v2\/media?parent=5752"}],"wp:term":[{"taxonomy":"category","embeddable":true,"href":"https:\/\/www.ulisseland.com\/journal\/wp-json\/wp\/v2\/categories?post=5752"},{"taxonomy":"post_tag","embeddable":true,"href":"https:\/\/www.ulisseland.com\/journal\/wp-json\/wp\/v2\/tags?post=5752"}],"curies":[{"name":"wp","href":"https:\/\/api.w.org\/{rel}","templated":true}]}}