{"id":5739,"date":"2013-03-14T08:24:56","date_gmt":"2013-03-14T07:24:56","guid":{"rendered":"http:\/\/www.ulisseland.com\/journal\/?p=5739&#038;lang=it"},"modified":"2013-03-18T08:51:27","modified_gmt":"2013-03-18T07:51:27","slug":"redazionale-nuovo-papa-e-largentino-jorge-mario-bergoglio-si-chiamera-francesco","status":"publish","type":"post","link":"https:\/\/www.ulisseland.com\/journal\/redazionale-nuovo-papa-e-largentino-jorge-mario-bergoglio-si-chiamera-francesco\/","title":{"rendered":"EDITORIALE: Nuovo Papa &#8211; \u00e8 l\u2019argentino Jorge Mario Bergoglio. Si chiamer\u00e0 FRANCESCO"},"content":{"rendered":"<figure id=\"attachment_5743\" aria-describedby=\"caption-attachment-5743\" style=\"width: 290px\" class=\"wp-caption aligncenter\"><a href=\"https:\/\/www.ulisseland.com\/journal\/wp-content\/uploads\/2013\/03\/Papa-Francesco-I\u00b0.jpg\"><img loading=\"lazy\" decoding=\"async\" class=\"size-full wp-image-5743\" title=\"Papa Francesco I\u00b0\" src=\"https:\/\/www.ulisseland.com\/journal\/wp-content\/uploads\/2013\/03\/Papa-Francesco-I\u00b0.jpg\" alt=\"\" width=\"290\" height=\"174\" \/><\/a><figcaption id=\"caption-attachment-5743\" class=\"wp-caption-text\">Il Nuovo Papa Francesco i\u00b0 saluta la folla in S. Pietro<\/figcaption><\/figure>\n<h2 style=\"text-align: justify;\"><span style=\"text-decoration: underline; font-size: medium;\">Argentino, arcivescovo di Buenos Aires, con genitori italiani, ha 76 anni. Cardinale dal 2001. Ha studiato da chimico prima di entrare nella compagnia di Ges\u00f9 a 33 anni. Nominato cardinale da Wojtyla, ha chiesto ai suoi compagni di non seguirlo a Roma, ma di dare i soldi ai poveri.<\/span><\/h2>\n<figure id=\"attachment_5744\" aria-describedby=\"caption-attachment-5744\" style=\"width: 302px\" class=\"wp-caption aligncenter\"><a href=\"https:\/\/www.ulisseland.com\/journal\/wp-content\/uploads\/2013\/03\/Papa-Francesco-in-preghiera-alla-sua-prima-uscita-in-S.-Pietro.jpg\"><img loading=\"lazy\" decoding=\"async\" class=\"size-full wp-image-5744\" title=\"Papa Francesco in preghiera alla sua prima uscita in S. Pietro\" src=\"https:\/\/www.ulisseland.com\/journal\/wp-content\/uploads\/2013\/03\/Papa-Francesco-in-preghiera-alla-sua-prima-uscita-in-S.-Pietro.jpg\" alt=\"\" width=\"302\" height=\"302\" srcset=\"https:\/\/www.ulisseland.com\/journal\/wp-content\/uploads\/2013\/03\/Papa-Francesco-in-preghiera-alla-sua-prima-uscita-in-S.-Pietro.jpg 302w, https:\/\/www.ulisseland.com\/journal\/wp-content\/uploads\/2013\/03\/Papa-Francesco-in-preghiera-alla-sua-prima-uscita-in-S.-Pietro-150x150.jpg 150w, https:\/\/www.ulisseland.com\/journal\/wp-content\/uploads\/2013\/03\/Papa-Francesco-in-preghiera-alla-sua-prima-uscita-in-S.-Pietro-300x300.jpg 300w, https:\/\/www.ulisseland.com\/journal\/wp-content\/uploads\/2013\/03\/Papa-Francesco-in-preghiera-alla-sua-prima-uscita-in-S.-Pietro-50x50.jpg 50w\" sizes=\"auto, (max-width: 302px) 100vw, 302px\" \/><\/a><figcaption id=\"caption-attachment-5744\" class=\"wp-caption-text\">Papa Francesco in preghiera alla sua prima uscita in S. Pietro<\/figcaption><\/figure>\n<p><strong><br \/>\n<\/strong><\/p>\n<p>L\u2019argentino<strong>\u00a0<\/strong><strong>Jose Mario Bergoglio<\/strong>\u00a0\u00e8 il nuovo Papa. Si chiamer\u00e0 Francesco. Ha 76 anni, \u00e8 l\u2019arcivescovo di Buenos Aires ed \u00e8 il primo Pontefice sudamericano, fa parte della Compagnia di Ges\u00f9 e arriv\u00f2 secondo dietro Ratzinger allo scorso conclave. E\u2019 diventato prete ha 33 anni nel 1969 e prima di diventare gesuita ha studiato da chimico. Quando fu nominato cardinale nel 2001 ordin\u00f2 ai suoi di non andare a Roma ma di dare i soldi per il viaggio in Italia ai poveri. Oppositore del lusso e degli sprechi, \u00e8 di origini piemontesi ed \u00e8 considerato uno dei favoriti del cardinale Martini. Vive da sempre in umilt\u00e0, infatti da quando \u00e8 arcivescovo di<strong>\u00a0<\/strong><strong>Buenos Aires<\/strong>\u00a0ha scelto un piccolo appartamento al posto di quello lussuoso adiacente alla cattedrale. E\u2019 diventato molto popolare quando c\u2019\u00e8 stata la crisi economica in Argentina: un punto di orientamento rispetto alla reputazione di politici e burocrati del Paese. Nel 2000 ha chiesto alla Chiesa argentina un atto di pubblica penitenza per le colpe commesse durante gli anni della dittatura. E quando all\u2019ultimo sinodo dei vescovi, nel 2001, gli chiesero di avere un ruolo di peso, lui rispose: \u201cPer carit\u00e0, in curia muoio\u201d.\u00a0<a href=\"http:\/\/www.ilfattoquotidiano.it\/2013\/03\/13\/conclave-2013-fumata-bianca-eletto-il-nuovo-papa\/528395\/\" target=\"_self\">E\u2019 stato eletto al secondo giorno di Conclave e alla quinta votazione \u00e8 arrivata la fumata bianca<\/a>.<\/p>\n<figure id=\"attachment_5742\" aria-describedby=\"caption-attachment-5742\" style=\"width: 261px\" class=\"wp-caption alignright\"><a href=\"https:\/\/www.ulisseland.com\/journal\/wp-content\/uploads\/2013\/03\/Roma-ore-19-circa-La-fumata-bianca-in-Vaticano.jpg\"><img loading=\"lazy\" decoding=\"async\" class=\"size-full wp-image-5742\" title=\"Roma ore 19 circa - La fumata bianca in Vaticano\" src=\"https:\/\/www.ulisseland.com\/journal\/wp-content\/uploads\/2013\/03\/Roma-ore-19-circa-La-fumata-bianca-in-Vaticano.jpg\" alt=\"\" width=\"261\" height=\"193\" \/><\/a><figcaption id=\"caption-attachment-5742\" class=\"wp-caption-text\">Roma ore 19 circa - La fumata bianca in Vaticano<\/figcaption><\/figure>\n<p><strong><em><span style=\"text-decoration: underline;\">DALLA FUMATA BIANCA AL NUOVO PAPA, LA CRONACA ORA PER ORA<\/span><\/em><\/strong><\/p>\n<p><strong>21.38 \u2013 Padre Lombardi: \u201cDomenica primo Angelus di Papa Francesco\u201d \u2013<\/strong><strong>\u00a0<\/strong>E\u2019 gi\u00e0 fitta l\u2019agenda di appuntamenti di Papa Bergoglio. Domani terr\u00e0 una Messa nella Cappella Sistina alle 17. Venerd\u00ec alle 11 nella Sala Clementina ricever\u00e0 in udienza i cardinali, sabato alle 11 nell\u2019aula Paolo VI ci sar\u00e0 l\u2019incontro con i media. Domenica il primo Angelus di Papa Francesco e marted\u00ec 19 alle 9.30 la messa inaugurale di insediamento del pontificato. Il calendario degli appuntamenti di Papa Francesco \u00e8 stato illustrato da Padre Lombardi.<\/p>\n<p>LA REDAZIONE<\/p>\n","protected":false},"excerpt":{"rendered":"<p>Argentino, arcivescovo di Buenos Aires, con genitori italiani, ha 76 anni. Cardinale dal 2001. Ha studiato da chimico prima di entrare nella compagnia di Ges\u00f9 a 33 anni. Nominato cardinale da Wojtyla, ha chiesto ai suoi compagni di non seguirlo a Roma, ma di dare i soldi ai poveri. L\u2019argentino\u00a0Jose Mario Bergoglio\u00a0\u00e8 il nuovo Papa.<\/p>\n","protected":false},"author":1,"featured_media":0,"comment_status":"open","ping_status":"open","sticky":false,"template":"","format":"standard","meta":{"footnotes":""},"categories":[13,10],"tags":[58],"class_list":["post-5739","post","type-post","status-publish","format-standard","hentry","category-cronaca","category-editoriale","tag-eletto-papa-francesco"],"_links":{"self":[{"href":"https:\/\/www.ulisseland.com\/journal\/wp-json\/wp\/v2\/posts\/5739","targetHints":{"allow":["GET"]}}],"collection":[{"href":"https:\/\/www.ulisseland.com\/journal\/wp-json\/wp\/v2\/posts"}],"about":[{"href":"https:\/\/www.ulisseland.com\/journal\/wp-json\/wp\/v2\/types\/post"}],"author":[{"embeddable":true,"href":"https:\/\/www.ulisseland.com\/journal\/wp-json\/wp\/v2\/users\/1"}],"replies":[{"embeddable":true,"href":"https:\/\/www.ulisseland.com\/journal\/wp-json\/wp\/v2\/comments?post=5739"}],"version-history":[{"count":5,"href":"https:\/\/www.ulisseland.com\/journal\/wp-json\/wp\/v2\/posts\/5739\/revisions"}],"predecessor-version":[{"id":5772,"href":"https:\/\/www.ulisseland.com\/journal\/wp-json\/wp\/v2\/posts\/5739\/revisions\/5772"}],"wp:attachment":[{"href":"https:\/\/www.ulisseland.com\/journal\/wp-json\/wp\/v2\/media?parent=5739"}],"wp:term":[{"taxonomy":"category","embeddable":true,"href":"https:\/\/www.ulisseland.com\/journal\/wp-json\/wp\/v2\/categories?post=5739"},{"taxonomy":"post_tag","embeddable":true,"href":"https:\/\/www.ulisseland.com\/journal\/wp-json\/wp\/v2\/tags?post=5739"}],"curies":[{"name":"wp","href":"https:\/\/api.w.org\/{rel}","templated":true}]}}