{"id":5723,"date":"2013-03-10T20:22:08","date_gmt":"2013-03-10T19:22:08","guid":{"rendered":"http:\/\/www.ulisseland.com\/journal\/?p=5723&#038;lang=it"},"modified":"2013-03-10T20:22:08","modified_gmt":"2013-03-10T19:22:08","slug":"formia-i-dirigenti-della-confcommercio-denunciano-laumento-della-pressione-fiscale-per-il-passaggio-dalla-tarsu-alla-tares","status":"publish","type":"post","link":"https:\/\/www.ulisseland.com\/journal\/formia-i-dirigenti-della-confcommercio-denunciano-laumento-della-pressione-fiscale-per-il-passaggio-dalla-tarsu-alla-tares\/","title":{"rendered":"FORMIA: I dirigenti della Confcommercio denunciano l\u2019aumento della pressione fiscale per il passaggio dalla TARSU alla  TARES"},"content":{"rendered":"<figure id=\"attachment_5725\" aria-describedby=\"caption-attachment-5725\" style=\"width: 300px\" class=\"wp-caption alignleft\"><a href=\"https:\/\/www.ulisseland.com\/journal\/wp-content\/uploads\/2013\/03\/Gianni-Gargano1.jpg\"><img loading=\"lazy\" decoding=\"async\" class=\"size-medium wp-image-5725\" title=\"Gianni Gargano1\" src=\"https:\/\/www.ulisseland.com\/journal\/wp-content\/uploads\/2013\/03\/Gianni-Gargano1-300x249.jpg\" alt=\"\" width=\"300\" height=\"249\" srcset=\"https:\/\/www.ulisseland.com\/journal\/wp-content\/uploads\/2013\/03\/Gianni-Gargano1-300x249.jpg 300w, https:\/\/www.ulisseland.com\/journal\/wp-content\/uploads\/2013\/03\/Gianni-Gargano1.jpg 343w\" sizes=\"auto, (max-width: 300px) 100vw, 300px\" \/><\/a><figcaption id=\"caption-attachment-5725\" class=\"wp-caption-text\">Il Pres. Ascom Gianni Gargano<\/figcaption><\/figure>\n<p>In una lettera indirizzata al sindaco Michele Forte, agli assessori comunali ed ai capigruppo consiliari, i dirigenti di categoria dell\u2019Ascom-Confcommercio &#8211; Gianni Gargano, Giancarlo Simeone, Raffaele Bartolomeo, Lorenzo Michele Girardi, Marrigo Rosato, Ferdinando D\u2019Urgolo, Pietro Tucciarone, Vincenzo Mirante e Giovanni Scarpellino \u2013 denunciano come, a decorrere dal 1\u00b0 gennaio 2013, \u00e8 stata istituita in tutti\u00a0 i\u00a0 Comuni del territorio nazionale\u00a0 il\u00a0 nuovo tributo\u00a0 comunale sui\u00a0 rifiuti\u00a0 e\u00a0 sui servizi, a copertura dei costi relativi al servizio di\u00a0 gestione\u00a0 dei rifiuti urbani e di quello relativo ai servizi indivisibili dei comuni.<\/p>\n<p>Tale tributo, denominato TARES, sottolineano i predetti, rischia di diventare una vera mannaia per tutte le attivit\u00e0 commerciali, turistiche, i pubblici esercizi e specialmente su quelle che hanno grandi superfici come i ristoranti, gli alberghi e gli stabilimenti balneari se non verranno applicate, in sede di approvazione del Regolamento Comunale ex comma 22, dell\u2019art. 14, alcune riduzioni previste dalla norma istitutiva medesima.<\/p>\n<p>Infatti, dopo aver sottoposto agli esperti del settore l\u2019art 14 della legge, si ritiene di dover manifestare la preoccupazione delle categorie nel caso di una non corretta applicazione della norma da parte del Comune di Formia, sul rischio di aumenti insostenibili per le attivit\u00e0 che si sviluppano su medie e grandi superfici, gi\u00e0 provate dalla crisi economica in atto, per non parlare della grave concorrenza sleale che si verrebbe a creare tra zone turistiche e commerciali omogenee ma appartenenti a comuni diversi.<\/p>\n<p>La TARES rischia inoltre di produrre effetti devastanti su tutto il comparto commerciale della nostra citt\u00e0 poich\u00e9, secondo le analisi e le simulazioni effettuate dalla FIPE-Confcommercio Nazionale, produrr\u00e0 aumenti che variano da un minimo del 300% fino al 690%, a seconda della tipologia commerciale e\/o della attivit\u00e0.<\/p>\n<p>Per queste ragioni il Regolamento Comunale dovrebbe, a nostro avviso, tener conto di alcune disposizioni che potrebbero garantire la applicazione del tributo in misura pi\u00f9 equa e meno impattante su tutte le aziende ed in particolare per quelle che dispongono di grandi superfici.<\/p>\n<figure id=\"attachment_5724\" aria-describedby=\"caption-attachment-5724\" style=\"width: 300px\" class=\"wp-caption alignleft\"><a href=\"https:\/\/www.ulisseland.com\/journal\/wp-content\/uploads\/2013\/03\/Mercato.jpg\"><img loading=\"lazy\" decoding=\"async\" class=\"size-medium wp-image-5724\" title=\"Mercato\" src=\"https:\/\/www.ulisseland.com\/journal\/wp-content\/uploads\/2013\/03\/Mercato-300x200.jpg\" alt=\"\" width=\"300\" height=\"200\" srcset=\"https:\/\/www.ulisseland.com\/journal\/wp-content\/uploads\/2013\/03\/Mercato-300x200.jpg 300w, https:\/\/www.ulisseland.com\/journal\/wp-content\/uploads\/2013\/03\/Mercato.jpg 531w\" sizes=\"auto, (max-width: 300px) 100vw, 300px\" \/><\/a><figcaption id=\"caption-attachment-5724\" class=\"wp-caption-text\">Il Mercato di Formia<\/figcaption><\/figure>\n<p>Si chiede che, in sede di adozione del suddetto regolamento, si valutino quei correttivi che potrebbero contenere gli affetti della TARES applicando le seguenti proposte e tenendo conto dei seguenti elementi di valutazione:<\/p>\n<p>1)\u00a0\u00a0 per le attivit\u00e0 intestatarie\u00a0 di grandi superfici le aree andrebbero calcolate in scaglioni di cinquecento metri quadrati oltre i quali stabilire, ex comma 19, dell\u2019art. 14, percentuali di riduzione ed esenzioni;<\/p>\n<p>2)\u00a0\u00a0 applicazione per tutte le attivit\u00e0 commerciali, ed i pubblici esercizi (ristoranti, bar, pub ecc.), di un adeguato coefficiente di riduzione cos\u00ec come disposto dal comma 18, dell\u2019art. 14, in quanto il Comune di Formia svolge il servizio di raccolta differenziata dei rifiuti attraverso il principio del \u201cporta a porta\u201d per le attivit\u00e0 commerciali e turistico-ricreative;<\/p>\n<p>3)\u00a0\u00a0 applicazione riduzione del 30 %\u00a0 in ossequio a quanto disposto in\u00a0\u00a0\u00a0\u00a0 tal senso dal comma 15, lettera c), dell\u2019art. 14, in presenza di una reale stagionalit\u00e0 delle attivit\u00e0\u00a0 e per le aree occupate in modo ricorrente, come previste dal titolo autorizzatorio.<\/p>\n<p>A tal fine, i dirigenti Ascom chiedono agli amministratori comunali unj incontro chiarificatore.<\/p>\n<p>Il Direttore Dott. Sergio Monforte<\/p>\n","protected":false},"excerpt":{"rendered":"<p>In una lettera indirizzata al sindaco Michele Forte, agli assessori comunali ed ai capigruppo consiliari, i dirigenti di categoria dell\u2019Ascom-Confcommercio &#8211; Gianni Gargano, Giancarlo Simeone, Raffaele Bartolomeo, Lorenzo Michele Girardi, Marrigo Rosato, Ferdinando D\u2019Urgolo, Pietro Tucciarone, Vincenzo Mirante e Giovanni Scarpellino \u2013 denunciano come, a decorrere dal 1\u00b0 gennaio 2013, \u00e8 stata istituita in tutti\u00a0<\/p>\n","protected":false},"author":1,"featured_media":0,"comment_status":"open","ping_status":"open","sticky":false,"template":"","format":"standard","meta":{"footnotes":""},"categories":[14,13,11],"tags":[],"class_list":["post-5723","post","type-post","status-publish","format-standard","hentry","category-comune-di-formia","category-cronaca","category-enti"],"_links":{"self":[{"href":"https:\/\/www.ulisseland.com\/journal\/wp-json\/wp\/v2\/posts\/5723","targetHints":{"allow":["GET"]}}],"collection":[{"href":"https:\/\/www.ulisseland.com\/journal\/wp-json\/wp\/v2\/posts"}],"about":[{"href":"https:\/\/www.ulisseland.com\/journal\/wp-json\/wp\/v2\/types\/post"}],"author":[{"embeddable":true,"href":"https:\/\/www.ulisseland.com\/journal\/wp-json\/wp\/v2\/users\/1"}],"replies":[{"embeddable":true,"href":"https:\/\/www.ulisseland.com\/journal\/wp-json\/wp\/v2\/comments?post=5723"}],"version-history":[{"count":1,"href":"https:\/\/www.ulisseland.com\/journal\/wp-json\/wp\/v2\/posts\/5723\/revisions"}],"predecessor-version":[{"id":5726,"href":"https:\/\/www.ulisseland.com\/journal\/wp-json\/wp\/v2\/posts\/5723\/revisions\/5726"}],"wp:attachment":[{"href":"https:\/\/www.ulisseland.com\/journal\/wp-json\/wp\/v2\/media?parent=5723"}],"wp:term":[{"taxonomy":"category","embeddable":true,"href":"https:\/\/www.ulisseland.com\/journal\/wp-json\/wp\/v2\/categories?post=5723"},{"taxonomy":"post_tag","embeddable":true,"href":"https:\/\/www.ulisseland.com\/journal\/wp-json\/wp\/v2\/tags?post=5723"}],"curies":[{"name":"wp","href":"https:\/\/api.w.org\/{rel}","templated":true}]}}