{"id":5693,"date":"2013-03-06T12:35:52","date_gmt":"2013-03-06T11:35:52","guid":{"rendered":"http:\/\/www.ulisseland.com\/journal\/?p=5693&#038;lang=it"},"modified":"2013-03-06T12:35:52","modified_gmt":"2013-03-06T11:35:52","slug":"presentato-a-genova-lo-yacht-med-festival-di-gaeta","status":"publish","type":"post","link":"https:\/\/www.ulisseland.com\/journal\/presentato-a-genova-lo-yacht-med-festival-di-gaeta\/","title":{"rendered":"Presentato a Genova lo Yacht Med Festival di Gaeta"},"content":{"rendered":"<figure id=\"attachment_5694\" aria-describedby=\"caption-attachment-5694\" style=\"width: 300px\" class=\"wp-caption alignleft\"><a href=\"https:\/\/www.ulisseland.com\/journal\/wp-content\/uploads\/2013\/03\/La-presentazione-dello-Yacht-Med-Festival-al-Comune-di-Genova.jpg\"><img loading=\"lazy\" decoding=\"async\" class=\"size-medium wp-image-5694\" title=\"La presentazione dello Yacht Med Festival al Comune di Genova\" src=\"https:\/\/www.ulisseland.com\/journal\/wp-content\/uploads\/2013\/03\/La-presentazione-dello-Yacht-Med-Festival-al-Comune-di-Genova-300x225.jpg\" alt=\"\" width=\"300\" height=\"225\" srcset=\"https:\/\/www.ulisseland.com\/journal\/wp-content\/uploads\/2013\/03\/La-presentazione-dello-Yacht-Med-Festival-al-Comune-di-Genova-300x225.jpg 300w, https:\/\/www.ulisseland.com\/journal\/wp-content\/uploads\/2013\/03\/La-presentazione-dello-Yacht-Med-Festival-al-Comune-di-Genova-600x450.jpg 600w, https:\/\/www.ulisseland.com\/journal\/wp-content\/uploads\/2013\/03\/La-presentazione-dello-Yacht-Med-Festival-al-Comune-di-Genova.jpg 973w\" sizes=\"auto, (max-width: 300px) 100vw, 300px\" \/><\/a><figcaption id=\"caption-attachment-5694\" class=\"wp-caption-text\">La presentazione dello Yacht Med Festival al Comune di Genova<\/figcaption><\/figure>\n<p>Il sindaco di Genova Marco Doria<strong> <\/strong>e gli assessori Pino Boero e Francesco Oddone hanno ricevuto a Palazzo Tursi il sindaco di Gaeta Cosmo Mitrano ed il presidente della Camera di Commercio di Latina Vincenzo Zottola, che hanno colto l&#8217;occasione della trasferta a Genova per visitare anche il Museo del Mare, dove sono stati ricevuti dalla presidente del Mu.Ma, Maria Paola Profumo.<\/p>\n<p>Durante l&#8217;incontro \u00e8 stata illustrata la sesta edizione dello Yacht Med Festival-Fiera Internazionale dell&#8217;Economia del Mare, in programma a Gaeta dal 20 al 28 aprile prossimi, ed \u00e8 stato presentato il Museo del Mare che, nello stesso mese, verr\u00e0 inaugurato nell&#8217;ex Caserma Cosenz, situata nella zona medievale della citt\u00e0 laziale.<\/p>\n<p>Nel porgere il benvenuto agli ospiti, il sindaco Doria ha sottolineato il valore che il Museo Galata riveste per Genova e ha espresso apprezzamento per il fatto che l&#8217;esperienza genovese ispiri analoghe iniziative. &#8220;Questo rapporto potr\u00e0 contribuire ad estendere lo scambio turistico tra Genova e altre aree del Paese&#8221; ha detto.<\/p>\n<p>&#8220;E\u2019 un onore poter presentare le nostre iniziative a Genova &#8211; ha spiegato Cosmo Mitrano. &#8211; La nostra visita tende a rafforzare i legami tra le nostre citt\u00e0, cercando di fare tesoro delle vostre competenze ed esperienze. In particolare, per quanto riguarda la futura gestione del nostro Museo del Mare, auspichiamo interscambi e collaborazioni gestionali e scientifiche&#8221;.<\/p>\n<p>Il presidente della Camera di Commercio di Latina Vincenzo Zottola ha osservato che &#8220;lo Yacht Med Festival \u00e8 un evento cresciuto negli anni sino a diventare un vero e proprio punto di riferimento per l\u2019Economia del Mare. Gaeta e Genova sono due tra le realt\u00e0 italiane che vantano una pi\u00f9 forte tradizione marinara e marittima e il binomio ormai consolidato nel tempo \u00e8 motivo di grande importanza. Sono certo che da questa collaborazione si svilupperanno sempre maggiori opportunit\u00e0 di sviluppo per le imprese e per i settori legati al mare\u201d.<\/p>\n<p>&nbsp;<\/p>\n<p>Il Direttore<\/p>\n<p>Dott. Sergio Monforte<\/p>\n","protected":false},"excerpt":{"rendered":"<p>Il sindaco di Genova Marco Doria e gli assessori Pino Boero e Francesco Oddone hanno ricevuto a Palazzo Tursi il sindaco di Gaeta Cosmo Mitrano ed il presidente della Camera di Commercio di Latina Vincenzo Zottola, che hanno colto l&#8217;occasione della trasferta a Genova per visitare anche il Museo del Mare, dove sono stati ricevuti<\/p>\n","protected":false},"author":1,"featured_media":0,"comment_status":"open","ping_status":"open","sticky":false,"template":"","format":"standard","meta":{"footnotes":""},"categories":[20,11],"tags":[],"class_list":["post-5693","post","type-post","status-publish","format-standard","hentry","category-comune-di-gaeta","category-enti"],"_links":{"self":[{"href":"https:\/\/www.ulisseland.com\/journal\/wp-json\/wp\/v2\/posts\/5693","targetHints":{"allow":["GET"]}}],"collection":[{"href":"https:\/\/www.ulisseland.com\/journal\/wp-json\/wp\/v2\/posts"}],"about":[{"href":"https:\/\/www.ulisseland.com\/journal\/wp-json\/wp\/v2\/types\/post"}],"author":[{"embeddable":true,"href":"https:\/\/www.ulisseland.com\/journal\/wp-json\/wp\/v2\/users\/1"}],"replies":[{"embeddable":true,"href":"https:\/\/www.ulisseland.com\/journal\/wp-json\/wp\/v2\/comments?post=5693"}],"version-history":[{"count":1,"href":"https:\/\/www.ulisseland.com\/journal\/wp-json\/wp\/v2\/posts\/5693\/revisions"}],"predecessor-version":[{"id":5695,"href":"https:\/\/www.ulisseland.com\/journal\/wp-json\/wp\/v2\/posts\/5693\/revisions\/5695"}],"wp:attachment":[{"href":"https:\/\/www.ulisseland.com\/journal\/wp-json\/wp\/v2\/media?parent=5693"}],"wp:term":[{"taxonomy":"category","embeddable":true,"href":"https:\/\/www.ulisseland.com\/journal\/wp-json\/wp\/v2\/categories?post=5693"},{"taxonomy":"post_tag","embeddable":true,"href":"https:\/\/www.ulisseland.com\/journal\/wp-json\/wp\/v2\/tags?post=5693"}],"curies":[{"name":"wp","href":"https:\/\/api.w.org\/{rel}","templated":true}]}}