{"id":5675,"date":"2013-03-06T11:45:19","date_gmt":"2013-03-06T10:45:19","guid":{"rendered":"http:\/\/www.ulisseland.com\/journal\/?p=5675&#038;lang=it"},"modified":"2013-03-06T11:45:19","modified_gmt":"2013-03-06T10:45:19","slug":"movimento-cittadini-lavoratori-il-progetto-di-riordino-istituzionale-si-conferma-esigenza-primaria-per-il-riequilibrio-territoriale-e-la-coesione-sociale-della-regione-lazio","status":"publish","type":"post","link":"https:\/\/www.ulisseland.com\/journal\/movimento-cittadini-lavoratori-il-progetto-di-riordino-istituzionale-si-conferma-esigenza-primaria-per-il-riequilibrio-territoriale-e-la-coesione-sociale-della-regione-lazio\/","title":{"rendered":"MOVIMENTO CITTADINI LAVORATORI:  IL PROGETTO  DI RIORDINO ISTITUZIONALE  SI CONFERMA  ESIGENZA  PRIMARIA  PER  IL RIEQUILIBRIO TERRITORIALE E LA COESIONE  SOCIALE DELLA REGIONE LAZIO"},"content":{"rendered":"<figure id=\"attachment_5676\" aria-describedby=\"caption-attachment-5676\" style=\"width: 156px\" class=\"wp-caption alignleft\"><a href=\"https:\/\/www.ulisseland.com\/journal\/wp-content\/uploads\/2013\/03\/assessore-DARCO-Silvio.jpg\"><img loading=\"lazy\" decoding=\"async\" class=\" wp-image-5676 \" title=\"assessore D'ARCO Silvio\" src=\"https:\/\/www.ulisseland.com\/journal\/wp-content\/uploads\/2013\/03\/assessore-DARCO-Silvio-223x300.jpg\" alt=\"\" width=\"156\" height=\"210\" srcset=\"https:\/\/www.ulisseland.com\/journal\/wp-content\/uploads\/2013\/03\/assessore-DARCO-Silvio-223x300.jpg 223w, https:\/\/www.ulisseland.com\/journal\/wp-content\/uploads\/2013\/03\/assessore-DARCO-Silvio.jpg 571w\" sizes=\"auto, (max-width: 156px) 100vw, 156px\" \/><\/a><figcaption id=\"caption-attachment-5676\" class=\"wp-caption-text\">Assessore D&#39;ARCO Silvio<\/figcaption><\/figure>\n<p align=\"center\"><strong><em>Silvio D\u2019Arco: \u201ccontinueremo\u00a0 con nuova linfa\u00a0 a sostenere\u00a0 il progetto riformatore di Roma Capitale e della Regione delle Province\u00a0 &#8211; Non saremo mai un nuovo partito, \u00a0ma un movimento politico-culturale riformatore<\/em><\/strong><em>.<\/em><\/p>\n<p>\u201cForti delle nostre convinzioni , ed anche per onorare il\u00a0 consenso ricevuto nei territori provinciali di Roma, Latina e Frosinone, continueremo il nostro impegno per portare a compimento il necessario progetto riordino istituzionale della Regione Lazio\u201d.\u00a0 Gli oltre <strong>11 mila voti <\/strong>raccolti\u00a0 a livello regionale, afferma l\u2019Assessore Provinciale Silvio D\u2019Arco,\u00a0 ci incoraggiano a proseguire con maggiore convinzione le nostre battaglie autenticamente riformiste per ottenere una Regione davvero pi\u00f9 moderna e solidale, pi\u00f9 vicina ai cittadini e ai\u00a0 Sistemi territoriali provinciali.<\/p>\n<figure id=\"attachment_5677\" aria-describedby=\"caption-attachment-5677\" style=\"width: 210px\" class=\"wp-caption alignright\"><a href=\"https:\/\/www.ulisseland.com\/journal\/wp-content\/uploads\/2013\/03\/Armando-Cusani.jpg\"><img loading=\"lazy\" decoding=\"async\" class=\" wp-image-5677 \" title=\"Armando Cusani\" src=\"https:\/\/www.ulisseland.com\/journal\/wp-content\/uploads\/2013\/03\/Armando-Cusani-300x198.jpg\" alt=\"\" width=\"210\" height=\"139\" srcset=\"https:\/\/www.ulisseland.com\/journal\/wp-content\/uploads\/2013\/03\/Armando-Cusani-300x198.jpg 300w, https:\/\/www.ulisseland.com\/journal\/wp-content\/uploads\/2013\/03\/Armando-Cusani-1024x679.jpg 1024w, https:\/\/www.ulisseland.com\/journal\/wp-content\/uploads\/2013\/03\/Armando-Cusani-600x397.jpg 600w\" sizes=\"auto, (max-width: 210px) 100vw, 210px\" \/><\/a><figcaption id=\"caption-attachment-5677\" class=\"wp-caption-text\">Armando Cusani<\/figcaption><\/figure>\n<p>In queste ultime\u00a0 elezioni , continua l\u2019Assessore D\u2019Arco, riemerge con maggiore\u00a0 evidenza il forte squilibrio esistente, anche in termini di rappresentanza politica, tra Roma e il resto del Lazio : 39 consiglieri eletti nell\u2019Area romana e solo 11 nei territori provinciali.<\/p>\n<p>In questo scenario sar\u00e0 ancora pi\u00f9 difficile fare giungere al nuovo Governo regionale i bisogni e le attese legittime delle comunit\u00e0 territoriali. Sar\u00e0 pi\u00f9 difficile, conclude D\u2019Arco, portare avanti\u00a0 anche i progetti infrastrutturali gi\u00e0 condivisi , con particolare riferimento particolare agli interventi\u00a0 pi\u00f9 essenziali connessi al sistema della\u00a0 mobilit\u00e0 delle persone e delle merci e delle infrastrutture sociali e sanitarie provinciali.<strong><\/strong><\/p>\n<p>Per questi motivi rafforzeremo l\u2019organizzazione del movimento e le nostre azioni politico- istituzionali per confrontarci\u00a0 laicamente e costruttivamente con il nuovo Presidente Zingaretti senza fare sconti a nessuno, cos\u00ec come abbiamo gi\u00e0 fatto\u00a0 molto criticamente e in piena libert\u00e0 nei confronti della precedente Giunta Polverini.<\/p>\n<p>Il Direttore<\/p>\n<p>Dott. Sergio Monforte<\/p>\n","protected":false},"excerpt":{"rendered":"<p>Silvio D\u2019Arco: \u201ccontinueremo\u00a0 con nuova linfa\u00a0 a sostenere\u00a0 il progetto riformatore di Roma Capitale e della Regione delle Province\u00a0 &#8211; Non saremo mai un nuovo partito, \u00a0ma un movimento politico-culturale riformatore. \u201cForti delle nostre convinzioni , ed anche per onorare il\u00a0 consenso ricevuto nei territori provinciali di Roma, Latina e Frosinone, continueremo il nostro impegno<\/p>\n","protected":false},"author":1,"featured_media":0,"comment_status":"open","ping_status":"open","sticky":false,"template":"","format":"standard","meta":{"footnotes":""},"categories":[15,54,57,11],"tags":[],"class_list":["post-5675","post","type-post","status-publish","format-standard","hentry","category-comune-di-frosinone","category-comune-di-latina","category-comune-di-roma","category-enti"],"_links":{"self":[{"href":"https:\/\/www.ulisseland.com\/journal\/wp-json\/wp\/v2\/posts\/5675","targetHints":{"allow":["GET"]}}],"collection":[{"href":"https:\/\/www.ulisseland.com\/journal\/wp-json\/wp\/v2\/posts"}],"about":[{"href":"https:\/\/www.ulisseland.com\/journal\/wp-json\/wp\/v2\/types\/post"}],"author":[{"embeddable":true,"href":"https:\/\/www.ulisseland.com\/journal\/wp-json\/wp\/v2\/users\/1"}],"replies":[{"embeddable":true,"href":"https:\/\/www.ulisseland.com\/journal\/wp-json\/wp\/v2\/comments?post=5675"}],"version-history":[{"count":2,"href":"https:\/\/www.ulisseland.com\/journal\/wp-json\/wp\/v2\/posts\/5675\/revisions"}],"predecessor-version":[{"id":5679,"href":"https:\/\/www.ulisseland.com\/journal\/wp-json\/wp\/v2\/posts\/5675\/revisions\/5679"}],"wp:attachment":[{"href":"https:\/\/www.ulisseland.com\/journal\/wp-json\/wp\/v2\/media?parent=5675"}],"wp:term":[{"taxonomy":"category","embeddable":true,"href":"https:\/\/www.ulisseland.com\/journal\/wp-json\/wp\/v2\/categories?post=5675"},{"taxonomy":"post_tag","embeddable":true,"href":"https:\/\/www.ulisseland.com\/journal\/wp-json\/wp\/v2\/tags?post=5675"}],"curies":[{"name":"wp","href":"https:\/\/api.w.org\/{rel}","templated":true}]}}