{"id":5654,"date":"2013-03-06T10:35:38","date_gmt":"2013-03-06T09:35:38","guid":{"rendered":"http:\/\/www.ulisseland.com\/journal\/?p=5654&#038;lang=it"},"modified":"2013-03-06T10:35:38","modified_gmt":"2013-03-06T09:35:38","slug":"formia-polemiche-sulla-rotatoria-di-santa-croce","status":"publish","type":"post","link":"https:\/\/www.ulisseland.com\/journal\/formia-polemiche-sulla-rotatoria-di-santa-croce\/","title":{"rendered":"FORMIA: Polemiche sulla rotatoria di Santa Croce"},"content":{"rendered":"<p><a href=\"https:\/\/www.ulisseland.com\/journal\/wp-content\/uploads\/2013\/03\/Presentazione-del-progetto-per-la-rotatoria-di-Santa-Croce.jpg\"><img loading=\"lazy\" decoding=\"async\" class=\"alignleft  wp-image-5655\" title=\"Presentazione del progetto per la rotatoria di Santa Croce\" src=\"https:\/\/www.ulisseland.com\/journal\/wp-content\/uploads\/2013\/03\/Presentazione-del-progetto-per-la-rotatoria-di-Santa-Croce.jpg\" alt=\"\" width=\"269\" height=\"182\" srcset=\"https:\/\/www.ulisseland.com\/journal\/wp-content\/uploads\/2013\/03\/Presentazione-del-progetto-per-la-rotatoria-di-Santa-Croce.jpg 2076w, https:\/\/www.ulisseland.com\/journal\/wp-content\/uploads\/2013\/03\/Presentazione-del-progetto-per-la-rotatoria-di-Santa-Croce-300x202.jpg 300w, https:\/\/www.ulisseland.com\/journal\/wp-content\/uploads\/2013\/03\/Presentazione-del-progetto-per-la-rotatoria-di-Santa-Croce-1024x692.jpg 1024w, https:\/\/www.ulisseland.com\/journal\/wp-content\/uploads\/2013\/03\/Presentazione-del-progetto-per-la-rotatoria-di-Santa-Croce-600x405.jpg 600w\" sizes=\"auto, (max-width: 269px) 100vw, 269px\" \/><\/a>\u00a0<strong>Il Sindaco Michele Forte: \u00a0\u201cqualcuno ha cercato di contestare l\u2019opera\u201d.<\/strong><strong>\u00a0<\/strong><\/p>\n<p>\u201cQualcuno ha cercato di mettersi di traverso, per impedire l\u2019inizio dei lavori per la realizzazione della rotatoria a Santa Croce, ma l\u2019intervento si far\u00e0 e dovr\u00e0 partire da subito, cos\u00ec come annunciato dal direttore generale dell\u2019Astral, ing. Claudio Di Biagio, in occasione dell\u2019incontro avuto con i residenti del quartiere\u201d.<\/p>\n<p>Esprime rabbia ed indignazione il sindaco Forte dopo aver appreso da parte del presidente dell\u2019Astral, Tommaso Luzzi che alcuni cittadini si sarebbero recati a Roma, presso la sede dell\u2019Azienda Strade Lazio Spa,\u00a0 per protestare contro la progettazione e l\u2019avvio dei lavori.<\/p>\n<p>\u201cE\u2019 un fatto molto grave che qualche operatore commerciale del posto, pur di difendere l\u2019interesse privato abbia cercato di boicottare un intervento pubblico di cos\u00ec rilevante spessore sul piano della sicurezza stradale e del riordino della viabilit\u00e0, in un incrocio che ha gi\u00e0 fatto registrare incidenti mortali. Ricordo a queste persone, sobillate da qualche pseudo politico del posto, che la messa in sicurezza dell\u2019area \u00e8 stata espressamente sollecitata dal Prefetto di Latina, dalle Forze dell\u2019Ordine e dal comitato di quartiere di Santa Croce. Con loro ho avuto una serie di incontri su un progetto concordato con l\u2019allora presidente dell\u2019Astral Titta Giorgi. L\u2019urgenza di mettere in sicurezza un incrocio pericoloso mi aveva spinto &#8211; in mancanza di risposte da parte dell\u2019Astral, dovute al cambio di presidenza &#8211; a trasferire su Santa Croce il finanziamento provinciale per la rotatoria sulla Flacca, nella zona antistante Largo Paone. In seguito l\u2019infrastruttura a Santa Croce \u00e8 poi rientrata nell\u2019appalto di completamento e messa in sicurezza del tratto della SR Cassino &#8211; Formia, usufruendo di un finanziamento regionale aggiuntivo di \u20ac 378.000. Per far partire con immediatezza i lavori all\u2019incrocio dell\u2019Appia \u2013 aggiunge il sindaco &#8211;\u00a0 ho richiesto all\u2019Astral di iniziare l\u2019intervento da Santa Croce anzich\u00e9 da Cassino. Sull\u2019iter progettuale c\u2019\u00e8 gi\u00e0 l\u2019accordo bonario raggiunto con i privati per l\u2019esproprio di circa 400 metri di terreno da utilizzare come area per il servizio dei parcheggi. L\u2019opera \u00e8 considerata strategica ed urgente e va realizzata in tempi rapidi (fine maggio-inizio giugno) se qualche operatore commerciale del luogo ha qualcosa da sottoporre al sindaco pu\u00f2 venire liberamente in Comune anzich\u00e9 rivolgersi all\u2019Astral. Da parte mia c\u2019\u00e8 la massima disponibilit\u00e0 al confronto\u00a0 &#8211; conclude il Sindaco &#8211; anche se sul problema i cittadini del quartiere hanno riconosciuto ed apprezzato pubblicamente l\u2019impegno del sottoscritto e l\u2019importanza del lavoro che stiamo realizzando\u201d.<\/p>\n<p>Il Direttore<\/p>\n<p>Dott. Sergio Monforte<\/p>\n","protected":false},"excerpt":{"rendered":"<p>\u00a0Il Sindaco Michele Forte: \u00a0\u201cqualcuno ha cercato di contestare l\u2019opera\u201d.\u00a0 \u201cQualcuno ha cercato di mettersi di traverso, per impedire l\u2019inizio dei lavori per la realizzazione della rotatoria a Santa Croce, ma l\u2019intervento si far\u00e0 e dovr\u00e0 partire da subito, cos\u00ec come annunciato dal direttore generale dell\u2019Astral, ing. Claudio Di Biagio, in occasione dell\u2019incontro avuto con<\/p>\n","protected":false},"author":1,"featured_media":0,"comment_status":"open","ping_status":"open","sticky":false,"template":"","format":"standard","meta":{"footnotes":""},"categories":[14,11],"tags":[],"class_list":["post-5654","post","type-post","status-publish","format-standard","hentry","category-comune-di-formia","category-enti"],"_links":{"self":[{"href":"https:\/\/www.ulisseland.com\/journal\/wp-json\/wp\/v2\/posts\/5654","targetHints":{"allow":["GET"]}}],"collection":[{"href":"https:\/\/www.ulisseland.com\/journal\/wp-json\/wp\/v2\/posts"}],"about":[{"href":"https:\/\/www.ulisseland.com\/journal\/wp-json\/wp\/v2\/types\/post"}],"author":[{"embeddable":true,"href":"https:\/\/www.ulisseland.com\/journal\/wp-json\/wp\/v2\/users\/1"}],"replies":[{"embeddable":true,"href":"https:\/\/www.ulisseland.com\/journal\/wp-json\/wp\/v2\/comments?post=5654"}],"version-history":[{"count":2,"href":"https:\/\/www.ulisseland.com\/journal\/wp-json\/wp\/v2\/posts\/5654\/revisions"}],"predecessor-version":[{"id":5657,"href":"https:\/\/www.ulisseland.com\/journal\/wp-json\/wp\/v2\/posts\/5654\/revisions\/5657"}],"wp:attachment":[{"href":"https:\/\/www.ulisseland.com\/journal\/wp-json\/wp\/v2\/media?parent=5654"}],"wp:term":[{"taxonomy":"category","embeddable":true,"href":"https:\/\/www.ulisseland.com\/journal\/wp-json\/wp\/v2\/categories?post=5654"},{"taxonomy":"post_tag","embeddable":true,"href":"https:\/\/www.ulisseland.com\/journal\/wp-json\/wp\/v2\/tags?post=5654"}],"curies":[{"name":"wp","href":"https:\/\/api.w.org\/{rel}","templated":true}]}}