{"id":5592,"date":"2013-02-18T11:29:17","date_gmt":"2013-02-18T10:29:17","guid":{"rendered":"http:\/\/www.ulisseland.com\/journal\/?p=5592&#038;lang=it"},"modified":"2013-02-18T11:31:50","modified_gmt":"2013-02-18T10:31:50","slug":"mario-liberace-espone-a-via-margutta","status":"publish","type":"post","link":"https:\/\/www.ulisseland.com\/journal\/mario-liberace-espone-a-via-margutta\/","title":{"rendered":"Mario  Liberace espone a Via Margutta"},"content":{"rendered":"<figure id=\"attachment_5612\" aria-describedby=\"caption-attachment-5612\" style=\"width: 300px\" class=\"wp-caption alignleft\"><a href=\"https:\/\/www.ulisseland.com\/journal\/wp-content\/uploads\/2013\/02\/Mario-Liberace.jpg\"><img loading=\"lazy\" decoding=\"async\" class=\"size-medium wp-image-5612\" title=\"Mario Liberace\" src=\"https:\/\/www.ulisseland.com\/journal\/wp-content\/uploads\/2013\/02\/Mario-Liberace-300x272.jpg\" alt=\"\" width=\"300\" height=\"272\" srcset=\"https:\/\/www.ulisseland.com\/journal\/wp-content\/uploads\/2013\/02\/Mario-Liberace-300x272.jpg 300w, https:\/\/www.ulisseland.com\/journal\/wp-content\/uploads\/2013\/02\/Mario-Liberace-600x544.jpg 600w, https:\/\/www.ulisseland.com\/journal\/wp-content\/uploads\/2013\/02\/Mario-Liberace.jpg 642w\" sizes=\"auto, (max-width: 300px) 100vw, 300px\" \/><\/a><figcaption id=\"caption-attachment-5612\" class=\"wp-caption-text\">Il Pittore Mario Liberace<\/figcaption><\/figure>\n<p>Ben otto tele dell\u2019ultima produzione pittorica dell\u2019artista formiano Mario Liberace saranno esposte, prossimamente, a Via Margutta, in una mostra collettiva. Un vernissage-cocktail che vede la presenza di altri cinque artisti con &#8220;LINGUAGGI DIVERSI&#8221;, che spaziano dalla pittura alla scultura. La mostra si inaugurer\u00e0 a Roma il 23 febbraio e rester\u00e0 aperta fino al 2 marzo. In questo contesto, \u00a0Liberace presenta le sue ultime opere, \u201cfrutto, come sottolinea il critico e suo estimatore, prof. Pasquale Scipione, di una evoluzione artistica caratterizzata dalla sua continua ricerca di cromie sempre pi\u00f9 raffinate, liberandosi gradualmente di segni e forme che rinviino alla semplice realt\u00e0, dalla quale parte per distaccarsene nel momento creativo con tonalit\u00e0 sempre pi\u00f9 originali\u201d. Nelle tele, che saranno esposte in via Margutta, ritroviamo arditi accostamenti di tonalit\u00e0 diverse che liquidano le forme, sempre pi\u00f9 a vantaggio della dimensione cromatica che induce un&#8217;immediata emozione nell&#8217;osservatore. Significativi sono i titoli delle opere presenti: \u201cBig Bang di una galassia: destrutturazione della materia\u201d, \u201cLe cinque fontane\u201d, \u201cRiflessi oltre la citt\u00e0\u201d, \u201cVera punta dello spirito\u201d, \u201cLo sguardo dell&#8217;universo\u201d, \u201cRicordo di Londra\u201d, \u201cCosmo incomunicabile\u201d.<br \/>\nParafrasando un grande poeta francese che affermava &#8220;De la nuance avant toute chose de la nuance encore et toujours&#8221;, il prof. Scipione aggiunge che Mario Liberace, partendo da una ispirazione post-impressionistica, con incursioni e sconfinamenti nell&#8217;astrattismo, ha sempre pi\u00f9 affinato le sue capacit\u00e0 tecniche e creative, con la ricerca di uno stile personale che non si \u00e8 mai arrestata. I contatti sempre pi\u00f9 fecondi con l&#8217;arte contemporanea lo hanno portato verso nuovi approdi, pur non rinnegando la sua precedente attivit\u00e0 artistica. La sua esperienza estetica, tuttavia, non soggiace a dettami formali rigidi: libero come le emozioni che sa trasmetterci con le sue opere, rinnovandosi sia nel linguaggio cromatico, con prevalenza del blu e del rosso con campiture caratterizzate da nuances meravigliose, sia in quello formale considerandolo irrilevante per la sua espressione creativa. La prossima mostra a Via Margutta sar\u00e0 anche un momento di scambio culturale tra artisti di formazione e linguaggi differenti che non sono in competizione tra di loro, ma rappresentano tendenze artistiche diverse e che sollecitano lo spettatore\/osservatore a riconoscere le &#8220;forme espressive&#8221; proprie di ogni artista dal pittore allo scultore. L&#8217;opera d&#8217;arte, nella sua universalit\u00e0, ha un primato nella coscienza di chi entra nel suo giuoco perch\u00e9 i suoi significati vanno oltre quanto il singolo artista rappresenta o esprima. Sono altrettanto fonemi visivi che stimolano sentimenti o emozioni lasciando all&#8217;osservatore lo spazio mentale di ricrearli o sublimarli.<\/p>\n<figure id=\"attachment_5611\" aria-describedby=\"caption-attachment-5611\" style=\"width: 586px\" class=\"wp-caption aligncenter\"><a href=\"https:\/\/www.ulisseland.com\/journal\/wp-content\/uploads\/2013\/02\/Quadro-Liberace2.jpg\"><img loading=\"lazy\" decoding=\"async\" class=\"size-large wp-image-5611\" title=\"Quadro Liberace2\" src=\"https:\/\/www.ulisseland.com\/journal\/wp-content\/uploads\/2013\/02\/Quadro-Liberace2-1024x567.jpg\" alt=\"\" width=\"586\" height=\"324\" srcset=\"https:\/\/www.ulisseland.com\/journal\/wp-content\/uploads\/2013\/02\/Quadro-Liberace2-1024x567.jpg 1024w, https:\/\/www.ulisseland.com\/journal\/wp-content\/uploads\/2013\/02\/Quadro-Liberace2-300x166.jpg 300w, https:\/\/www.ulisseland.com\/journal\/wp-content\/uploads\/2013\/02\/Quadro-Liberace2-600x332.jpg 600w\" sizes=\"auto, (max-width: 586px) 100vw, 586px\" \/><\/a><figcaption id=\"caption-attachment-5611\" class=\"wp-caption-text\">Un dipinto di Liberace<\/figcaption><\/figure>\n<p>Il Direttore Dott. Sergio Monforte<\/p>\n","protected":false},"excerpt":{"rendered":"<p>Ben otto tele dell\u2019ultima produzione pittorica dell\u2019artista formiano Mario Liberace saranno esposte, prossimamente, a Via Margutta, in una mostra collettiva. Un vernissage-cocktail che vede la presenza di altri cinque artisti con &#8220;LINGUAGGI DIVERSI&#8221;, che spaziano dalla pittura alla scultura. La mostra si inaugurer\u00e0 a Roma il 23 febbraio e rester\u00e0 aperta fino al 2 marzo.<\/p>\n","protected":false},"author":1,"featured_media":0,"comment_status":"open","ping_status":"open","sticky":false,"template":"","format":"standard","meta":{"footnotes":""},"categories":[12,49],"tags":[],"class_list":["post-5592","post","type-post","status-publish","format-standard","hentry","category-cultura","category-moda-e-arte"],"_links":{"self":[{"href":"https:\/\/www.ulisseland.com\/journal\/wp-json\/wp\/v2\/posts\/5592","targetHints":{"allow":["GET"]}}],"collection":[{"href":"https:\/\/www.ulisseland.com\/journal\/wp-json\/wp\/v2\/posts"}],"about":[{"href":"https:\/\/www.ulisseland.com\/journal\/wp-json\/wp\/v2\/types\/post"}],"author":[{"embeddable":true,"href":"https:\/\/www.ulisseland.com\/journal\/wp-json\/wp\/v2\/users\/1"}],"replies":[{"embeddable":true,"href":"https:\/\/www.ulisseland.com\/journal\/wp-json\/wp\/v2\/comments?post=5592"}],"version-history":[{"count":3,"href":"https:\/\/www.ulisseland.com\/journal\/wp-json\/wp\/v2\/posts\/5592\/revisions"}],"predecessor-version":[{"id":5617,"href":"https:\/\/www.ulisseland.com\/journal\/wp-json\/wp\/v2\/posts\/5592\/revisions\/5617"}],"wp:attachment":[{"href":"https:\/\/www.ulisseland.com\/journal\/wp-json\/wp\/v2\/media?parent=5592"}],"wp:term":[{"taxonomy":"category","embeddable":true,"href":"https:\/\/www.ulisseland.com\/journal\/wp-json\/wp\/v2\/categories?post=5592"},{"taxonomy":"post_tag","embeddable":true,"href":"https:\/\/www.ulisseland.com\/journal\/wp-json\/wp\/v2\/tags?post=5592"}],"curies":[{"name":"wp","href":"https:\/\/api.w.org\/{rel}","templated":true}]}}