{"id":5584,"date":"2013-02-07T10:49:16","date_gmt":"2013-02-07T09:49:16","guid":{"rendered":"http:\/\/www.ulisseland.com\/journal\/?p=5584&#038;lang=it"},"modified":"2013-02-07T10:49:16","modified_gmt":"2013-02-07T09:49:16","slug":"un-piano-regionale-per-loccupazione-giovanile-nel-lazio-e-per-lo-sviluppo-delle-citta-del-golfo","status":"publish","type":"post","link":"https:\/\/www.ulisseland.com\/journal\/un-piano-regionale-per-loccupazione-giovanile-nel-lazio-e-per-lo-sviluppo-delle-citta-del-golfo\/","title":{"rendered":"UN  PIANO REGIONALE PER L\u2019OCCUPAZIONE GIOVANILE  NEL LAZIO E PER LO SVILUPPO DELLE CITTA\u2019 DEL GOLFO"},"content":{"rendered":"<figure id=\"attachment_5585\" aria-describedby=\"caption-attachment-5585\" style=\"width: 245px\" class=\"wp-caption alignleft\"><a href=\"https:\/\/www.ulisseland.com\/journal\/wp-content\/uploads\/2013\/02\/Silvio-DArco1.jpg\"><img loading=\"lazy\" decoding=\"async\" class=\"size-medium wp-image-5585\" title=\"Silvio D'Arco1\" src=\"https:\/\/www.ulisseland.com\/journal\/wp-content\/uploads\/2013\/02\/Silvio-DArco1-245x300.jpg\" alt=\"\" width=\"245\" height=\"300\" srcset=\"https:\/\/www.ulisseland.com\/journal\/wp-content\/uploads\/2013\/02\/Silvio-DArco1-245x300.jpg 245w, https:\/\/www.ulisseland.com\/journal\/wp-content\/uploads\/2013\/02\/Silvio-DArco1-836x1024.jpg 836w, https:\/\/www.ulisseland.com\/journal\/wp-content\/uploads\/2013\/02\/Silvio-DArco1-600x734.jpg 600w\" sizes=\"auto, (max-width: 245px) 100vw, 245px\" \/><\/a><figcaption id=\"caption-attachment-5585\" class=\"wp-caption-text\">Silvio D&#39;Arco<\/figcaption><\/figure>\n<p>La situazione sociale\u00a0 \u00e8 molto grave, ha affermato l\u2019assessore provinciale Silvio D\u2019Arco, candidato al Consiglio Regionale con la lista civica MCL, \u00a0ed \u00a0in particolare\u00a0 la disoccupazione giovanile. Di fronte\u00a0 a questa emergenza le istituzioni\u00a0 nazionali e regionali hanno il dovere di mettere in campo misure urgenti e straordinarie\u00a0 per favorire\u00a0 la ripresa\u00a0 occupazionale.<\/p>\n<p>In tale\u00a0 contesto tra i punti qualificanti\u00a0 del nostro programma, dichiara D\u2019Arco, ci sar\u00e0 una proposta\u00a0 operativa e concreta per dare vita ad un organico\u00a0 Piano regionale straordinario\u00a0 per l\u2019occupazione Giovanile\u00a0 e,\u00a0 poi anche una proposta di legge regionale puntuale\u00a0 finalizzata\u00a0 ad incentivare\u00a0 l\u2019imprenditoria femminile\u00a0 che tiene conto\u00a0 della necessaria\u00a0 conciliazione dei tempi di lavoro delle donne.<\/p>\n<p>Il\u00a0 PIANO PER L\u2019OCCUPAZIONE GIOVANILE far\u00e0 leva in particolare sui tirocini formativi nelle imprese, sulla detassazione degli oneri sociali delle imprese per favorire le assunzioni dei giovani in cerca di prima occupazione, istituendo a tal fine un apposito fondo regionale\u00a0 su cui far confluire sia risorse finanziarie regionali che\u00a0 i\u00a0 finanziamenti previsti dal Fondo Sociale Europei (quelli gi\u00e0 esistenti 2007\/2013 e quelli che verranno stanziati dal prossimo Programma\u00a0 Quadro\u00a0 2020 dell\u2019Unione Europea).<\/p>\n<p>LA PROPOSTA DILEGGE PER L\u2019IMPRENDITORIA FEMMINILE si baser\u00e0 fondamentalmente sui criteri\u00a0 della legge nazionale 215\/92, prevedendo per\u00f2 procedure pi\u00f9 snelle e tempi certi di erogazione dei finanziamenti , nonch\u00e9, misure puntuali\u00a0 finalizzate alla\u00a0 conciliazione\u00a0\u00a0 dei tempi di lavoro delle donne, incentivando\u00a0 in particolare il lavoro part-time e il telelavoro.<\/p>\n<p>Le proposte sopra indicate, sottolinea D\u2019Arco , non sono solo idee, n\u00e9 tantomeno\u00a0 motivi\u00a0 elettoralistici\u00a0\u00a0 dell\u2019ultima ora.<\/p>\n<p>Si tratta di progetti sociali concreti\u00a0 e fattibili,\u00a0 gi\u00e0 formalmente definiti in tutti i loro\u00a0 aspetti amministrativi e finanziari che saranno presentati da MCL nei primi 100 giorni del nuovo Consiglio Regionale del Lazio.<\/p>\n<p>L\u2019Assessore D\u2019Arco rilancia, quindi,\u00a0 il tema dei servizi e delle infrastrutture\u00a0\u00a0 per il Sud Pontino.<\/p>\n<p>Si tratta di 3 azioni strategiche per rilanciare concretamente lo sviluppo economico e produttivo delle citt\u00e0 del Golfo di Gaeta, i cui progetti sono gi\u00e0 in fase avanzata e in parte anche finanziati.<\/p>\n<p>Progetti, quindi, fattibili e realizzabili nel breve e medio periodo. Purtroppo, fino ad ora, \u00e8 mancata solo la reale volont\u00e0 politica da parte della Regione Lazio.<\/p>\n<p>Penso in particolare, dichiara D\u2019Arco, ai 19 milioni di euro destinati alla Littorina Gaeta Formia, resi disponibili dai\u00a0 Fondi Strutturali Europei, letteralmente\u00a0 definanziati dalla Giunta Polverini a favore di altre opere similari dell\u2019area romana ed inoltre, ai 5 milioni di euro stanziati dalla precedente Giunta regionale Marrazzo destinati alla realizzazione del progetto stradale di collegamento\u00a0 e interconnessione commerciale tra il MOF di Fondi ed il Porto di Gaeta\u00a0 Infine, conclude D\u2019Arco , penso al Distretto Regionale della Nautica che prevedeva nei suoi indirizzi programmatici la realizzazione di un Polo della Nautica inteso come Centro Servizi Integrato a supporto delle attivit\u00e0 produttive connesse alla\u00a0 Cantieristica Navale e da Diporto presenti nelle citt\u00e0 del\u00a0 Golfo e\u00a0 nell\u2019entroterra del sud Pontino.<\/p>\n<p>Si tratta, conclude D\u2019arco,\u00a0 di riprendere e rilanciare\u00a0 seriamente\u00a0 questi punti programmatici strategici, gi\u00e0 condivisi dagli Enti Locali e Territoriali del Sud Pontino, che ho inserito nelle mia agenda elettorale e programmatica e\u00a0 sui quali incentrer\u00f2 la mia azione politica e istituzionale in ambito regionale in stretta sinergia, appunto, con\u00a0 i Comuni delle Citt\u00e0 del Golfo, con il Consorzio Industriale\u00a0 e con L\u2019Autorit\u00e0 Portuale\u00a0 di Civitavecchia.<\/p>\n<p>&nbsp;<\/p>\n<p>Il Direttore<\/p>\n<p>Dott. Sergio Monforte<\/p>\n","protected":false},"excerpt":{"rendered":"<p>La situazione sociale\u00a0 \u00e8 molto grave, ha affermato l\u2019assessore provinciale Silvio D\u2019Arco, candidato al Consiglio Regionale con la lista civica MCL, \u00a0ed \u00a0in particolare\u00a0 la disoccupazione giovanile. Di fronte\u00a0 a questa emergenza le istituzioni\u00a0 nazionali e regionali hanno il dovere di mettere in campo misure urgenti e straordinarie\u00a0 per favorire\u00a0 la ripresa\u00a0 occupazionale. In tale\u00a0<\/p>\n","protected":false},"author":1,"featured_media":0,"comment_status":"open","ping_status":"open","sticky":false,"template":"","format":"standard","meta":{"footnotes":""},"categories":[47,26,39,55,14,15,20,50,54,27,17,18,16,19,24,28,37,38,11],"tags":[],"class_list":["post-5584","post","type-post","status-publish","format-standard","hentry","category-comune-di-ausonia","category-comune-di-cassino","category-comune-di-castelforte","category-comune-di-cisterna-di-latina","category-comune-di-formia","category-comune-di-frosinone","category-comune-di-gaeta","category-comune-di-itri","category-comune-di-latina","category-comune-di-minturno","category-comune-di-pontecorvo","category-comune-di-ponza","category-comune-di-priverno","category-comune-di-sgurgola","category-comunedisperlonga","category-comune-di-spigno-saturnia","category-comune-di-ss-cosma-e-damiano","category-comune-di-ventotene","category-enti"],"_links":{"self":[{"href":"https:\/\/www.ulisseland.com\/journal\/wp-json\/wp\/v2\/posts\/5584","targetHints":{"allow":["GET"]}}],"collection":[{"href":"https:\/\/www.ulisseland.com\/journal\/wp-json\/wp\/v2\/posts"}],"about":[{"href":"https:\/\/www.ulisseland.com\/journal\/wp-json\/wp\/v2\/types\/post"}],"author":[{"embeddable":true,"href":"https:\/\/www.ulisseland.com\/journal\/wp-json\/wp\/v2\/users\/1"}],"replies":[{"embeddable":true,"href":"https:\/\/www.ulisseland.com\/journal\/wp-json\/wp\/v2\/comments?post=5584"}],"version-history":[{"count":1,"href":"https:\/\/www.ulisseland.com\/journal\/wp-json\/wp\/v2\/posts\/5584\/revisions"}],"predecessor-version":[{"id":5586,"href":"https:\/\/www.ulisseland.com\/journal\/wp-json\/wp\/v2\/posts\/5584\/revisions\/5586"}],"wp:attachment":[{"href":"https:\/\/www.ulisseland.com\/journal\/wp-json\/wp\/v2\/media?parent=5584"}],"wp:term":[{"taxonomy":"category","embeddable":true,"href":"https:\/\/www.ulisseland.com\/journal\/wp-json\/wp\/v2\/categories?post=5584"},{"taxonomy":"post_tag","embeddable":true,"href":"https:\/\/www.ulisseland.com\/journal\/wp-json\/wp\/v2\/tags?post=5584"}],"curies":[{"name":"wp","href":"https:\/\/api.w.org\/{rel}","templated":true}]}}