{"id":5580,"date":"2013-02-07T10:45:52","date_gmt":"2013-02-07T09:45:52","guid":{"rendered":"http:\/\/www.ulisseland.com\/journal\/?p=5580&#038;lang=it"},"modified":"2013-02-07T10:45:52","modified_gmt":"2013-02-07T09:45:52","slug":"formia-la-festa-della-pace","status":"publish","type":"post","link":"https:\/\/www.ulisseland.com\/journal\/formia-la-festa-della-pace\/","title":{"rendered":"FORMIA:  LA  FESTA  DELLA  PACE"},"content":{"rendered":"<figure id=\"attachment_5581\" aria-describedby=\"caption-attachment-5581\" style=\"width: 211px\" class=\"wp-caption alignleft\"><a href=\"https:\/\/www.ulisseland.com\/journal\/wp-content\/uploads\/2013\/02\/locandina.jpg\"><img loading=\"lazy\" decoding=\"async\" class=\"size-medium wp-image-5581\" title=\"locandina\" src=\"https:\/\/www.ulisseland.com\/journal\/wp-content\/uploads\/2013\/02\/locandina-211x300.jpg\" alt=\"\" width=\"211\" height=\"300\" srcset=\"https:\/\/www.ulisseland.com\/journal\/wp-content\/uploads\/2013\/02\/locandina-211x300.jpg 211w, https:\/\/www.ulisseland.com\/journal\/wp-content\/uploads\/2013\/02\/locandina.jpg 453w\" sizes=\"auto, (max-width: 211px) 100vw, 211px\" \/><\/a><figcaption id=\"caption-attachment-5581\" class=\"wp-caption-text\">Clicca per ingrandire<\/figcaption><\/figure>\n<p align=\"center\"><strong>Domenica prossima, 200 bambini protagonisti dell\u2019appuntamento organizzato dall\u2019Azione Cattolica <\/strong><\/p>\n<p>Il \u201cMese della Pace\u201d si inserisce nel cuore dell\u2019anno associativo: dopo aver sperimentato la bellezza di scoprirsi amati, pensati, curati dalle persone che ci sono attorno e dalla paternit\u00e0 di Dio, il Mese della Pace permette ai bambini e ai ragazzi di \u201caccendere i riflettori\u201d su alcune realt\u00e0 della loro citt\u00e0, del loro paese verso cui non hanno mai avuto interesse. Le realt\u00e0 che si scoprono, spesso, sono realt\u00e0 di povert\u00e0, di bisogno, di solitudine, di esclusione. Il percorso di conoscenza di s\u00e9 e del proprio limite passa attraverso l\u2019osservazione attenta del limite dell\u2019altro e dalla consapevolezza che solo l\u2019amore reciproco pu\u00f2 permettere di accogliere con serenit\u00e0 i propri limiti, lasciandosi accompagnare ed aiutare.<\/p>\n<p>Domenica 10 Febbraio, dalle 8 alle 15 200 ragazzi dell\u2019Azione Cattolica delle parrocchie S. Erasmo &#8211; S.Luca Evangelista- SS. Lorenzo e Giovanni Battista &#8211; Madonna del Carmine e S. Teresa D&#8217;Avila &#8211; S.Giuseppe Lavoratore \u2013 Cuore Immacolato di Maria di Formia animeranno il centro della citt\u00e0 con attivit\u00e0 e giochi a tema. Coinvolti quattro luoghi significativi come la piazzetta Iqbal Masih adiacente alla Chiesa della Madonna del Carmine, Piazza Guglielmo Marconi, il \u201cCancello\u201d e il Teatro Remigio Paone.<\/p>\n<p>Un appuntamento importante nel cammino annuale che vede scendere in campo concretamente una delle forze educative fondamentali: giovani e adulti che si impegnano insieme quotidianamente con gratuit\u00e0 per l\u2019educazione delle nuove generazioni.<\/p>\n<p>Nell\u2019anno dedicato al teatro l\u2019iniziativa del centro nazionale di AC \u00e8 rivolta al progetto triennale per il recupero dei ragazzi di strada in Egitto. Il ricavato di alcuni semplici gadjet, infatti, servir\u00e0 al sostegno di un percorso di crescita proposto da un gruppo di padri gesuiti, denominato \u201cArt &amp; Life\u201d ad Alessandria d\u2019Egitto. \u201c<strong><em>Art e Life<\/em><\/strong>\u201d intende andare oltre il semplice coinvolgimento di questi bambini, permettendogli di riprendere fiducia in s\u00e9 stessi, nelle loro capacit\u00e0, nel mondo degli adulti, cercando di far sentire loro l\u2019amore di un gruppo e di \u201criappacificarsi\u201d con una comunit\u00e0 adulta particolarmente insensibile ai loro bisogni.<\/p>\n<p>In caso di pioggia la festa si svolger\u00e0 presso la palestra del Liceo Classico Vitruvio Pollione di Formia.<\/p>\n<p>&nbsp;<\/p>\n<p>Il Direttore<\/p>\n<p>Dott. Sergio Monforte<\/p>\n","protected":false},"excerpt":{"rendered":"<p>Domenica prossima, 200 bambini protagonisti dell\u2019appuntamento organizzato dall\u2019Azione Cattolica Il \u201cMese della Pace\u201d si inserisce nel cuore dell\u2019anno associativo: dopo aver sperimentato la bellezza di scoprirsi amati, pensati, curati dalle persone che ci sono attorno e dalla paternit\u00e0 di Dio, il Mese della Pace permette ai bambini e ai ragazzi di \u201caccendere i riflettori\u201d su<\/p>\n","protected":false},"author":1,"featured_media":0,"comment_status":"open","ping_status":"open","sticky":false,"template":"","format":"standard","meta":{"footnotes":""},"categories":[14,11],"tags":[],"class_list":["post-5580","post","type-post","status-publish","format-standard","hentry","category-comune-di-formia","category-enti"],"_links":{"self":[{"href":"https:\/\/www.ulisseland.com\/journal\/wp-json\/wp\/v2\/posts\/5580","targetHints":{"allow":["GET"]}}],"collection":[{"href":"https:\/\/www.ulisseland.com\/journal\/wp-json\/wp\/v2\/posts"}],"about":[{"href":"https:\/\/www.ulisseland.com\/journal\/wp-json\/wp\/v2\/types\/post"}],"author":[{"embeddable":true,"href":"https:\/\/www.ulisseland.com\/journal\/wp-json\/wp\/v2\/users\/1"}],"replies":[{"embeddable":true,"href":"https:\/\/www.ulisseland.com\/journal\/wp-json\/wp\/v2\/comments?post=5580"}],"version-history":[{"count":2,"href":"https:\/\/www.ulisseland.com\/journal\/wp-json\/wp\/v2\/posts\/5580\/revisions"}],"predecessor-version":[{"id":5583,"href":"https:\/\/www.ulisseland.com\/journal\/wp-json\/wp\/v2\/posts\/5580\/revisions\/5583"}],"wp:attachment":[{"href":"https:\/\/www.ulisseland.com\/journal\/wp-json\/wp\/v2\/media?parent=5580"}],"wp:term":[{"taxonomy":"category","embeddable":true,"href":"https:\/\/www.ulisseland.com\/journal\/wp-json\/wp\/v2\/categories?post=5580"},{"taxonomy":"post_tag","embeddable":true,"href":"https:\/\/www.ulisseland.com\/journal\/wp-json\/wp\/v2\/tags?post=5580"}],"curies":[{"name":"wp","href":"https:\/\/api.w.org\/{rel}","templated":true}]}}