{"id":5577,"date":"2013-02-07T10:44:15","date_gmt":"2013-02-07T09:44:15","guid":{"rendered":"http:\/\/www.ulisseland.com\/journal\/?p=5577&#038;lang=it"},"modified":"2015-06-29T08:27:34","modified_gmt":"2015-06-29T06:27:34","slug":"gaeta-500mila-euro-dalla-provincia-per-la-raccolta-differenziata","status":"publish","type":"post","link":"https:\/\/www.ulisseland.com\/journal\/gaeta-500mila-euro-dalla-provincia-per-la-raccolta-differenziata\/","title":{"rendered":"GAETA: 500mila euro dalla Provincia per la raccolta differenziata"},"content":{"rendered":"<figure id=\"attachment_5578\" aria-describedby=\"caption-attachment-5578\" style=\"width: 300px\" class=\"wp-caption alignleft\"><a href=\"https:\/\/www.ulisseland.com\/journal\/wp-content\/uploads\/2013\/02\/Gaeta-conferenza-sindaco.jpg\"><img loading=\"lazy\" decoding=\"async\" class=\"size-medium wp-image-5578\" title=\"Gaeta conferenza sindaco\" src=\"https:\/\/www.ulisseland.com\/journal\/wp-content\/uploads\/2013\/02\/Gaeta-conferenza-sindaco-300x237.jpg\" alt=\"\" width=\"300\" height=\"237\" srcset=\"https:\/\/www.ulisseland.com\/journal\/wp-content\/uploads\/2013\/02\/Gaeta-conferenza-sindaco-300x237.jpg 300w, https:\/\/www.ulisseland.com\/journal\/wp-content\/uploads\/2013\/02\/Gaeta-conferenza-sindaco-600x474.jpg 600w, https:\/\/www.ulisseland.com\/journal\/wp-content\/uploads\/2013\/02\/Gaeta-conferenza-sindaco.jpg 860w\" sizes=\"auto, (max-width: 300px) 100vw, 300px\" \/><\/a><figcaption id=\"caption-attachment-5578\" class=\"wp-caption-text\">Gaeta - Conferenza<\/figcaption><\/figure>\n<p>\u00abCinquecentomila euro sono stati assegnati dalla Provincia di Latina al Comune di Gaeta per la raccolta differenziata porta a porta, un sistema di raccolta dei rifiuti solidi urbani che prevede, per ogni tipologia di rifiuto, una prima selezione da parte dei cittadini e si diversifica dalla raccolta indifferenziata, tuttora in vigore a Gaeta. Questo finanziamento contribuir\u00e0 alla riqualificazione ambientale del territorio gaetano inserito nell\u2019ottica di uno viluppo turistico comprensoriale\u00bb. Lo afferma l\u2019assessore provinciale all\u2019ambiente Gerardo Stefanelli nel corso di una conferenza stampa alla quale hanno partecipato il sindaco Cosmo Mitrano e l\u2019assessore all\u2019ambiente Alessandro Vona.<a href=\"http:\/\/www.china-inflatable.co.uk\/Wholesale-5-b0-Inflatable-Obstacle\/\">Inflatable Obstacle<\/a><\/p>\n<p>\u00abBen vengano questi finanziamenti, commenta il sindaco Mitrano, per l\u2019attivazione di un servizio che la mia Amministrazione considera una delle priorit\u00e0 e per cui, con l\u2019assessore Vona abbiamo gi\u00e0 avviato tutte le procedure per attivarla dal mese di maggio\u00bb. \u00abL\u2019obiettivo che ci prefiggiamo di raggiungere con questa nuova realizzazione \u2013 assicurano Mitrano e Vona \u2013 \u00e8 quello di incentivare e, dunque, migliorare le percentuali di raccolta differenziata dei rifiuti (che dal 9,26% \u00e8 giunta con l\u2019Amministrazione Mitrano al 13%), con conseguenti vantaggi sia per l\u2019ambiente che per le tasche dei cittadini\u00bb.<\/p>\n<p>\u00abBisogna intervenire con decisione \u2013 sottolinea Stefanelli \u2013 non solo per raggiungere le percentuali di raccolta differenziata del 65% che saranno obbligo di legge, ma soprattutto perch\u00e9 la sfida che gi\u00e0 oggi si presenta all\u2019orizzonte \u00e8 quella della raccolta differenziata di qualit\u00e0\u00bb. Si prospettano, quindi, due sfide non di poco conto, quella di ridurre la produzione dei rifiuti e quella di intercettare i rifiuti differenziabili che ad oggi finiscono ancora smaltiti in discarica sensibilizzando i cittadini a migliorare la qualit\u00e0 della raccolta differenziata. Questo servizio produrr\u00e0 anche effetti positivi per il marketing turistico e per riportare sui lidi gaetani la \u00abBandiera Blu\u00bb, che purtroppo \u00e8 stata ammainata da qualche anno.<\/p>\n<p>L\u2019Amministrazione sta programmando una serie di incontri sui singoli quartieri per sensibilizzare la cittadinanza e le utenze non domestiche sul percorso compiuto dai materiali differenziati verso il riciclo dopo che sono stati conferiti; inoltre fornir\u00e0 indicazioni omogenee sulle modalit\u00e0 di raccolta differenziata, evidenziando gli aspetti pi\u00f9 problematici legati alla corretta separazione dei rifiuti. \u00abL\u2019impegno \u2013 aggiunge il primo cittadino \u2013 sar\u00e0 quello di dare visibilit\u00e0 alla raccolta differenziata con una campagna di comunicazione che prevede l\u2019utilizzo di spazi sui giornali, locandine e manifesti e una campagna di comunicazione anche sui nuovi media\u00bb. Dunque, i rifiuti possono essere una fonte di ricchezza che aiuta a risparmiare risorse e a rispettare l\u2019ambiente favorendo lo sviluppo di attivit\u00e0 socio-economiche e turistiche.<\/p>\n<p>&nbsp;<\/p>\n<p>Il Direttore<\/p>\n<p>Dott. Sergio Monforte<\/p>\n","protected":false},"excerpt":{"rendered":"<p>\u00abCinquecentomila euro sono stati assegnati dalla Provincia di Latina al Comune di Gaeta per la raccolta differenziata porta a porta, un sistema di raccolta dei rifiuti solidi urbani che prevede, per ogni tipologia di rifiuto, una prima selezione da parte dei cittadini e si diversifica dalla raccolta indifferenziata, tuttora in vigore a Gaeta. Questo finanziamento<\/p>\n","protected":false},"author":1,"featured_media":0,"comment_status":"open","ping_status":"open","sticky":false,"template":"","format":"standard","meta":{"footnotes":""},"categories":[20,11],"tags":[],"class_list":["post-5577","post","type-post","status-publish","format-standard","hentry","category-comune-di-gaeta","category-enti"],"_links":{"self":[{"href":"https:\/\/www.ulisseland.com\/journal\/wp-json\/wp\/v2\/posts\/5577","targetHints":{"allow":["GET"]}}],"collection":[{"href":"https:\/\/www.ulisseland.com\/journal\/wp-json\/wp\/v2\/posts"}],"about":[{"href":"https:\/\/www.ulisseland.com\/journal\/wp-json\/wp\/v2\/types\/post"}],"author":[{"embeddable":true,"href":"https:\/\/www.ulisseland.com\/journal\/wp-json\/wp\/v2\/users\/1"}],"replies":[{"embeddable":true,"href":"https:\/\/www.ulisseland.com\/journal\/wp-json\/wp\/v2\/comments?post=5577"}],"version-history":[{"count":2,"href":"https:\/\/www.ulisseland.com\/journal\/wp-json\/wp\/v2\/posts\/5577\/revisions"}],"predecessor-version":[{"id":8103,"href":"https:\/\/www.ulisseland.com\/journal\/wp-json\/wp\/v2\/posts\/5577\/revisions\/8103"}],"wp:attachment":[{"href":"https:\/\/www.ulisseland.com\/journal\/wp-json\/wp\/v2\/media?parent=5577"}],"wp:term":[{"taxonomy":"category","embeddable":true,"href":"https:\/\/www.ulisseland.com\/journal\/wp-json\/wp\/v2\/categories?post=5577"},{"taxonomy":"post_tag","embeddable":true,"href":"https:\/\/www.ulisseland.com\/journal\/wp-json\/wp\/v2\/tags?post=5577"}],"curies":[{"name":"wp","href":"https:\/\/api.w.org\/{rel}","templated":true}]}}