{"id":5572,"date":"2013-02-07T10:41:17","date_gmt":"2013-02-07T09:41:17","guid":{"rendered":"http:\/\/www.ulisseland.com\/journal\/?p=5572&#038;lang=it"},"modified":"2013-02-07T10:42:49","modified_gmt":"2013-02-07T09:42:49","slug":"formia-il-sindaco-forte-incontra-i-pescatori","status":"publish","type":"post","link":"https:\/\/www.ulisseland.com\/journal\/formia-il-sindaco-forte-incontra-i-pescatori\/","title":{"rendered":"FORMIA: Il sindaco Forte incontra i pescatori"},"content":{"rendered":"<p><a href=\"https:\/\/www.ulisseland.com\/journal\/wp-content\/uploads\/2013\/02\/Darsena-Quercia.jpg\"><img loading=\"lazy\" decoding=\"async\" class=\"alignleft size-medium wp-image-5573\" title=\"Darsena Quercia\" src=\"https:\/\/www.ulisseland.com\/journal\/wp-content\/uploads\/2013\/02\/Darsena-Quercia-300x224.jpg\" alt=\"\" width=\"300\" height=\"224\" srcset=\"https:\/\/www.ulisseland.com\/journal\/wp-content\/uploads\/2013\/02\/Darsena-Quercia-300x224.jpg 300w, https:\/\/www.ulisseland.com\/journal\/wp-content\/uploads\/2013\/02\/Darsena-Quercia-600x449.jpg 600w, https:\/\/www.ulisseland.com\/journal\/wp-content\/uploads\/2013\/02\/Darsena-Quercia.jpg 963w\" sizes=\"auto, (max-width: 300px) 100vw, 300px\" \/><\/a>I pescatori della darsena \u201cLa Quercia\u201d hanno incontrato nel pomeriggio il sindaco Michele Forte per una informativa sullo stato di riqualificazione della banchina, gli approdi e gli interventi di dragaggio e pulizia dei fondali. Interventi necessari a completamento di un progetto che ha gi\u00e0 visto la realizzazione della terrazza panoramica e della gradinata di collegamento tra Via Vitruvio e l\u2019area marittima. Un arredo che ha valorizzato e modernizzato un angolo suggestivo della citt\u00e0 e riqualificato un ambiente storico della marineria cittadina. I pescatori possono gi\u00e0 fruire di un magazzino di raccolta delle reti e di bagni igienici. Adesso si tratta di completare il progetto a mare delle banchine e di pavimentare l\u2019intera area. In questa fase la Ditta nel predisporre il cantiere aveva bloccato il passaggio ai pescatori, impossibilitati a raggiungere la postazione di lavoro. Da qui la richiesta di incontrare il sindaco per cercare di trovare una soluzione. E le aspettative non sono andate deluse visto che il primo cittadino ha assicurato gli operatori della pesca di aver gi\u00e0 dato disposizione alla Ditta di consentire il transito per consentire di accedere all\u2019area della darsena. Il sindaco ha anche notiziato sui lavori di messa a norma degli allacci fognari del fabbricato dove \u00e8 allocato l\u2019asilo nido, il Bar, la Banca e la Biblioteca Comunale. A giorni la societ\u00e0 Acqualatina inizier\u00e0 i lavori per sistemare e collegare la condotta fognaria al depuratore evitando sversamenti a mare all\u2019interno della darsena. \u201cIl piccolo pescato ha sempre rappresentato un\u2019attivit\u00e0 vitale per il territorio &#8211; ha dichiarato il sindaco &#8211; con questo intervento stiamo ridando identit\u00e0 e dignit\u00e0 a tutti gli operatori della darsena. L\u2019impegno di questa amministrazione mira a rivalutare le tradizioni del tessuto marinaro locale in un contesto di riqualificazione dei luoghi e delle strutture operative\u201d.<\/p>\n<p>&nbsp;<\/p>\n<p>Il Direttore<\/p>\n<p>Dott. Sergio Monforte<\/p>\n","protected":false},"excerpt":{"rendered":"<p>I pescatori della darsena \u201cLa Quercia\u201d hanno incontrato nel pomeriggio il sindaco Michele Forte per una informativa sullo stato di riqualificazione della banchina, gli approdi e gli interventi di dragaggio e pulizia dei fondali. Interventi necessari a completamento di un progetto che ha gi\u00e0 visto la realizzazione della terrazza panoramica e della gradinata di collegamento<\/p>\n","protected":false},"author":1,"featured_media":0,"comment_status":"open","ping_status":"open","sticky":false,"template":"","format":"standard","meta":{"footnotes":""},"categories":[14,11],"tags":[],"class_list":["post-5572","post","type-post","status-publish","format-standard","hentry","category-comune-di-formia","category-enti"],"_links":{"self":[{"href":"https:\/\/www.ulisseland.com\/journal\/wp-json\/wp\/v2\/posts\/5572","targetHints":{"allow":["GET"]}}],"collection":[{"href":"https:\/\/www.ulisseland.com\/journal\/wp-json\/wp\/v2\/posts"}],"about":[{"href":"https:\/\/www.ulisseland.com\/journal\/wp-json\/wp\/v2\/types\/post"}],"author":[{"embeddable":true,"href":"https:\/\/www.ulisseland.com\/journal\/wp-json\/wp\/v2\/users\/1"}],"replies":[{"embeddable":true,"href":"https:\/\/www.ulisseland.com\/journal\/wp-json\/wp\/v2\/comments?post=5572"}],"version-history":[{"count":3,"href":"https:\/\/www.ulisseland.com\/journal\/wp-json\/wp\/v2\/posts\/5572\/revisions"}],"predecessor-version":[{"id":5575,"href":"https:\/\/www.ulisseland.com\/journal\/wp-json\/wp\/v2\/posts\/5572\/revisions\/5575"}],"wp:attachment":[{"href":"https:\/\/www.ulisseland.com\/journal\/wp-json\/wp\/v2\/media?parent=5572"}],"wp:term":[{"taxonomy":"category","embeddable":true,"href":"https:\/\/www.ulisseland.com\/journal\/wp-json\/wp\/v2\/categories?post=5572"},{"taxonomy":"post_tag","embeddable":true,"href":"https:\/\/www.ulisseland.com\/journal\/wp-json\/wp\/v2\/tags?post=5572"}],"curies":[{"name":"wp","href":"https:\/\/api.w.org\/{rel}","templated":true}]}}