{"id":5533,"date":"2013-02-01T09:54:38","date_gmt":"2013-02-01T08:54:38","guid":{"rendered":"http:\/\/www.ulisseland.com\/journal\/?p=5533&#038;lang=it"},"modified":"2013-02-01T09:54:38","modified_gmt":"2013-02-01T08:54:38","slug":"formia-il-pdl-apre-la-campagna-elettorale","status":"publish","type":"post","link":"https:\/\/www.ulisseland.com\/journal\/formia-il-pdl-apre-la-campagna-elettorale\/","title":{"rendered":"FORMIA: Il PdL apre la campagna elettorale"},"content":{"rendered":"<figure id=\"attachment_5534\" aria-describedby=\"caption-attachment-5534\" style=\"width: 217px\" class=\"wp-caption alignleft\"><a href=\"https:\/\/www.ulisseland.com\/journal\/wp-content\/uploads\/2013\/02\/consigliere-SIMEONE-Giuseppe.jpg\"><img loading=\"lazy\" decoding=\"async\" class=\"size-medium wp-image-5534\" title=\"consigliere SIMEONE Giuseppe\" src=\"https:\/\/www.ulisseland.com\/journal\/wp-content\/uploads\/2013\/02\/consigliere-SIMEONE-Giuseppe-217x300.jpg\" alt=\"\" width=\"217\" height=\"300\" srcset=\"https:\/\/www.ulisseland.com\/journal\/wp-content\/uploads\/2013\/02\/consigliere-SIMEONE-Giuseppe-217x300.jpg 217w, https:\/\/www.ulisseland.com\/journal\/wp-content\/uploads\/2013\/02\/consigliere-SIMEONE-Giuseppe.jpg 413w\" sizes=\"auto, (max-width: 217px) 100vw, 217px\" \/><\/a><figcaption id=\"caption-attachment-5534\" class=\"wp-caption-text\">Consigliere Giuseppe SIMEONE<\/figcaption><\/figure>\n<p align=\"center\"><span style=\"font-size: medium;\"><strong>Gioved\u00ec 7 febbraio, al teatro \u201cR. Paone\u201d<\/strong><\/span><\/p>\n<p><span style=\"font-size: medium;\"><strong>La presentazione del candidato al Consiglio Regionale, Giuseppe Simeone.<\/strong>\u00a0<\/span><\/p>\n<p>\u201cE\u2019 opinione comune ed io convengo con voi, che l\u2019Italia stia attraversando uno dei momenti pi\u00f9 delicati della sua storia.<\/p>\n<p>La politica sembra, effettivamente, essere andata in tilt e con essa, il circuito amministrativo e di governo che regola l\u2019economia, l\u2019assistenza sanitaria ed il lavoro, accomunando in una condizione di estremo disagio, famiglie di ogni ceto sociale, giovani ed anziani, gi\u00e0 penalizzati da una pressione fiscale oltre ogni limite.<\/p>\n<p>Il nostro territorio, a livello comunale, provinciale e soprattutto regionale, non sfugge certo ai problemi ed alle difficolt\u00e0 che coinvolgono l\u2019intero Paese.<\/p>\n<p>Ma ho sempre pensato che piangersi addosso non serva a nulla.<\/p>\n<p>Anche perch\u00e9 sono convinto che, proprio nei momenti di maggior difficolt\u00e0, noi italiani riusciamo a tirar fuori il meglio di noi stessi, ad esprimere nuove risorse, per alimentare la speranza e trasformare i sacrifici in ripresa.<\/p>\n<p>Il 24 e 25 febbraio prossimi, oltre che per il Parlamento nazionale, si voter\u00e0 per il governo della Regione Lazio ed io mi candido al Consiglio Regionale nella lista del PdL. Perch\u00e9 lo faccio?<\/p>\n<p>Perch\u00e9 sin da giovane, sono stato abituato a non tirarmi mai indietro, a non delegare, ma ad agire, concretamente, in prima persona, ispirandomi sempre ai valori cristiani della solidariet\u00e0 e della sussidiariet\u00e0, in un coerente percorso fatto di trasparenza e di democratica partecipazione.<\/p>\n<p>Mi candido, perch\u00e9 credo che la politica sia anche passione, da vivere come spirito di servizio, avendo come obiettivo la centralit\u00e0 della persona, affinch\u00e9 l\u2019impegno e la meritocrazia abbiano finalmente priorit\u00e0 sulla corruzione, sul clientelismo e sulle prevaricazioni del potere.<\/p>\n<p>Non \u00e8 uno slogan elettorale, ma la testimonianza della mia vita e della mia storia politica, iniziata nel Movimento dei Cattolici Democratici, proseguita nella Democrazia Cristiana, per poi tentare, nel \u201994, assieme a tanti altri Italiani, quella rivoluzione liberale, unica soluzione ad una crisi della societ\u00e0, tanto simile a quella attuale.<\/p>\n<p>Oggi c\u2019\u00e8 un progetto da portare a termine, per il nostro futuro e per quello dei nostri figli. Non serve protestare, astenersi, o sognare, ma occorre lavorare tutti assieme per realizzarlo.<\/p>\n<p>Ancora una volta, io mi sono fatto avanti; vi chiedo di starmi accanto e di rinnovarmi la vostra fiducia. Per non illudere, ma per lavorare assieme, per un\u2019Italia seria e per un Lazio migliore!\u201d<\/p>\n<p>Giuseppe\u00a0 Simeone<\/p>\n<p>&nbsp;<\/p>\n<p>Il Direttore<\/p>\n<p>Dott. Sergio Monforte<\/p>\n","protected":false},"excerpt":{"rendered":"<p>Gioved\u00ec 7 febbraio, al teatro \u201cR. Paone\u201d La presentazione del candidato al Consiglio Regionale, Giuseppe Simeone.\u00a0 \u201cE\u2019 opinione comune ed io convengo con voi, che l\u2019Italia stia attraversando uno dei momenti pi\u00f9 delicati della sua storia. La politica sembra, effettivamente, essere andata in tilt e con essa, il circuito amministrativo e di governo che regola<\/p>\n","protected":false},"author":1,"featured_media":0,"comment_status":"open","ping_status":"open","sticky":false,"template":"","format":"standard","meta":{"footnotes":""},"categories":[14,11],"tags":[],"class_list":["post-5533","post","type-post","status-publish","format-standard","hentry","category-comune-di-formia","category-enti"],"_links":{"self":[{"href":"https:\/\/www.ulisseland.com\/journal\/wp-json\/wp\/v2\/posts\/5533","targetHints":{"allow":["GET"]}}],"collection":[{"href":"https:\/\/www.ulisseland.com\/journal\/wp-json\/wp\/v2\/posts"}],"about":[{"href":"https:\/\/www.ulisseland.com\/journal\/wp-json\/wp\/v2\/types\/post"}],"author":[{"embeddable":true,"href":"https:\/\/www.ulisseland.com\/journal\/wp-json\/wp\/v2\/users\/1"}],"replies":[{"embeddable":true,"href":"https:\/\/www.ulisseland.com\/journal\/wp-json\/wp\/v2\/comments?post=5533"}],"version-history":[{"count":2,"href":"https:\/\/www.ulisseland.com\/journal\/wp-json\/wp\/v2\/posts\/5533\/revisions"}],"predecessor-version":[{"id":5536,"href":"https:\/\/www.ulisseland.com\/journal\/wp-json\/wp\/v2\/posts\/5533\/revisions\/5536"}],"wp:attachment":[{"href":"https:\/\/www.ulisseland.com\/journal\/wp-json\/wp\/v2\/media?parent=5533"}],"wp:term":[{"taxonomy":"category","embeddable":true,"href":"https:\/\/www.ulisseland.com\/journal\/wp-json\/wp\/v2\/categories?post=5533"},{"taxonomy":"post_tag","embeddable":true,"href":"https:\/\/www.ulisseland.com\/journal\/wp-json\/wp\/v2\/tags?post=5533"}],"curies":[{"name":"wp","href":"https:\/\/api.w.org\/{rel}","templated":true}]}}