{"id":5521,"date":"2013-01-31T18:02:00","date_gmt":"2013-01-31T17:02:00","guid":{"rendered":"http:\/\/www.ulisseland.com\/journal\/?p=5521&#038;lang=it"},"modified":"2013-01-31T18:02:00","modified_gmt":"2013-01-31T17:02:00","slug":"castelforte-lex-sindaco-gianpiero-forte-abbandona-ludc","status":"publish","type":"post","link":"https:\/\/www.ulisseland.com\/journal\/castelforte-lex-sindaco-gianpiero-forte-abbandona-ludc\/","title":{"rendered":"CASTELFORTE: l\u2019ex sindaco Gianpiero Forte abbandona l\u2019UDC"},"content":{"rendered":"<figure id=\"attachment_5522\" aria-describedby=\"caption-attachment-5522\" style=\"width: 214px\" class=\"wp-caption alignleft\"><a href=\"https:\/\/www.ulisseland.com\/journal\/wp-content\/uploads\/2013\/01\/Gianpiero-Forte.jpg\"><img loading=\"lazy\" decoding=\"async\" class=\"size-medium wp-image-5522\" title=\"Gianpiero Forte\" src=\"https:\/\/www.ulisseland.com\/journal\/wp-content\/uploads\/2013\/01\/Gianpiero-Forte-214x300.jpg\" alt=\"\" width=\"214\" height=\"300\" srcset=\"https:\/\/www.ulisseland.com\/journal\/wp-content\/uploads\/2013\/01\/Gianpiero-Forte-214x300.jpg 214w, https:\/\/www.ulisseland.com\/journal\/wp-content\/uploads\/2013\/01\/Gianpiero-Forte.jpg 406w\" sizes=\"auto, (max-width: 214px) 100vw, 214px\" \/><\/a><figcaption id=\"caption-attachment-5522\" class=\"wp-caption-text\">Gianpiero Forte<\/figcaption><\/figure>\n<p><span style=\"font-size: medium;\"><strong>La lettera trasmessa al segretario provinciale del partito, Michele Forte.<\/strong><strong>\u00a0<\/strong><\/span><\/p>\n<p>Sono nell\u2019UDC da circa quindici anni, dopo aver precedentemente militato nella Democrazia Cristiana, e nel mio piccolo con coerenza e senso di responsabilit\u00e0 penso di aver contribuito alla sua crescita.<\/p>\n<p>Ho fatto tante campagne elettorali per questo partito a tutti i livelli mettendoci il massimo impegno, la mia caparbiet\u00e0, la mia ostinazione nel raggiungere gli obiettivi condivisi, il mio tempo, la mia professione, la voglia di fare squadra.<\/p>\n<p>Ho provato, con correttezza, a creare rapporti collaborativi con lei, per rendere maggiormente visibile l\u2019impegno di tutti a migliorare il nostro territorio e a risolvere problemi di non facile soluzione, ma senza\u00a0 riuscirci.<\/p>\n<p>Signor Segretario, con la presente le esprimo il mio malcontento in merito alla mia militanza in questo partito arroccato e chiuso che non pone pi\u00f9 l\u2019uomo e i suoi bisogni al centro della politica per chi come me la intende come una missione e non come un mestiere.<\/p>\n<p>Ora, non sarebbe giusto continuare ad essere parte di questo partito, di cui lei ne \u00e8 Segretario, senza la giusta serenit\u00e0 e il giusto entusiasmo, che oggi non ho pi\u00f9, per un insieme di cause, anche\u00a0 di impegni e di accordi politici presi, non solo da lei, e non mantenuti.<\/p>\n<p>Queste dinamiche, a mio parere, sembrano collocarsi su una linea di assoluta continuit\u00e0 con una logica che mira e preferisce la conservazione dello status quo, logica che ritenevo, non potesse riproporsi in eterno e che ha il solo fine di chiudere spazi e possibilit\u00e0 alle nuove classi dirigenti.<\/p>\n<p>Non ho omesso, in tante occasioni, di mostrare ci\u00f2, e non ho neanche ignorato l\u2019emergere di una visione che riteneva che la mia\u00a0 posizione costituisse, all\u2019interno di questa logica molto familiare, un appesantimento o, addirittura, un problema.<\/p>\n<p>La mia sospensione non \u00e8 una rinuncia, bens\u00ec una scelta di proseguire in piena libert\u00e0, quell\u2019iniziativa politica che per essere svolta non ha bisogno di ruoli all\u2019interno di un partito quanto, invece, all\u2019interno della comunit\u00e0 in cui si opera.<\/p>\n<p align=\"center\"><span style=\"font-size: medium;\"><strong>La replica del segretario comunale UDC di Castelforte, Gianfranco Salerno<\/strong><\/span><\/p>\n<p>L&#8217;UDC di Castelforte in merito alla decisione di autospensione dal Partito del dott. Gianpiero Forte, gi\u00e0 Sindaco di Castelforte ed attuale Presidente del Consiglio Comunale esprime il proprio rammarico per tale decisione, per altro, comunicata, mezzo stampa, alla Segreteria Provinciale. Al riguardo si augura che egli possa, mediante un eventuale possibile chiarimento, ritornare sui suoi passi.<\/p>\n<p>Intende, per\u00f2, ricordare a noi stessi di quanto abbia goduto il nostro Comune del sostegno dell&#8217;Udc e dei suoi rappresentanti istituzionali ad ogni livello (Nazionale, Regionale e Provinciale) per la realizzazione di tante opere pubbliche e di tanti interventi finanziati dagli Enti sovracomunali che hanno consentito di realizzare molte opere pubbliche e molte iniziative nel sociale soprattutto in un contesto di crisi economica e finanziaria cos\u00ec grave anche per il Bilancio del nostro Comune. E su ci\u00f2 si ritiene che lo stesso Forte ne abbia piena convinzione tenuto conto che per dieci anni \u00e8 stato alla guida del Comune.<\/p>\n<p>Ci dispiace che questa presa di posizione sia stata operata proprio nel pieno di una importante campagna elettorale nella quale il nostro partito \u00e8 impegnato in una battaglia decisiva e non solo per le sorti del partito ma per l&#8217;intera Italia.<\/p>\n<p>L&#8217;Udc di Castelforte, come sempre, si impegner\u00e0 in questa campagna elettorale, ora pi\u00f9 che mai, anche perch\u00e9 si ha la concreta possibilit\u00e0 di vedere un nostro rappresentante nel Parlamento e,\u00a0 precisamente, l&#8217;amico Aldo Forte, gi\u00e0 assessore regionale alle Politiche Sociali che tanto ha dato a Castelforte ed anche perch\u00e8 c&#8217;\u00e8 la speranza concreta di vedere un nostro rappresentante presso Regione Lazio.<\/p>\n<p>&nbsp;<\/p>\n<p>Il Direttore<\/p>\n<p>Dott. Sergio Monforte<\/p>\n","protected":false},"excerpt":{"rendered":"<p>La lettera trasmessa al segretario provinciale del partito, Michele Forte.\u00a0 Sono nell\u2019UDC da circa quindici anni, dopo aver precedentemente militato nella Democrazia Cristiana, e nel mio piccolo con coerenza e senso di responsabilit\u00e0 penso di aver contribuito alla sua crescita. Ho fatto tante campagne elettorali per questo partito a tutti i livelli mettendoci il massimo<\/p>\n","protected":false},"author":1,"featured_media":0,"comment_status":"open","ping_status":"open","sticky":false,"template":"","format":"standard","meta":{"footnotes":""},"categories":[39,11],"tags":[],"class_list":["post-5521","post","type-post","status-publish","format-standard","hentry","category-comune-di-castelforte","category-enti"],"_links":{"self":[{"href":"https:\/\/www.ulisseland.com\/journal\/wp-json\/wp\/v2\/posts\/5521","targetHints":{"allow":["GET"]}}],"collection":[{"href":"https:\/\/www.ulisseland.com\/journal\/wp-json\/wp\/v2\/posts"}],"about":[{"href":"https:\/\/www.ulisseland.com\/journal\/wp-json\/wp\/v2\/types\/post"}],"author":[{"embeddable":true,"href":"https:\/\/www.ulisseland.com\/journal\/wp-json\/wp\/v2\/users\/1"}],"replies":[{"embeddable":true,"href":"https:\/\/www.ulisseland.com\/journal\/wp-json\/wp\/v2\/comments?post=5521"}],"version-history":[{"count":1,"href":"https:\/\/www.ulisseland.com\/journal\/wp-json\/wp\/v2\/posts\/5521\/revisions"}],"predecessor-version":[{"id":5523,"href":"https:\/\/www.ulisseland.com\/journal\/wp-json\/wp\/v2\/posts\/5521\/revisions\/5523"}],"wp:attachment":[{"href":"https:\/\/www.ulisseland.com\/journal\/wp-json\/wp\/v2\/media?parent=5521"}],"wp:term":[{"taxonomy":"category","embeddable":true,"href":"https:\/\/www.ulisseland.com\/journal\/wp-json\/wp\/v2\/categories?post=5521"},{"taxonomy":"post_tag","embeddable":true,"href":"https:\/\/www.ulisseland.com\/journal\/wp-json\/wp\/v2\/tags?post=5521"}],"curies":[{"name":"wp","href":"https:\/\/api.w.org\/{rel}","templated":true}]}}