{"id":5448,"date":"2013-01-16T08:37:14","date_gmt":"2013-01-16T07:37:14","guid":{"rendered":"http:\/\/www.ulisseland.com\/journal\/?p=5448&#038;lang=it"},"modified":"2013-01-16T08:38:40","modified_gmt":"2013-01-16T07:38:40","slug":"ventotene-la-scomparsa-di-karl-potter","status":"publish","type":"post","link":"https:\/\/www.ulisseland.com\/journal\/ventotene-la-scomparsa-di-karl-potter\/","title":{"rendered":"VENTOTENE: La scomparsa di Karl Potter"},"content":{"rendered":"<figure id=\"attachment_5450\" aria-describedby=\"caption-attachment-5450\" style=\"width: 200px\" class=\"wp-caption alignright\"><a href=\"https:\/\/www.ulisseland.com\/journal\/wp-content\/uploads\/2013\/01\/Karl-Potter.jpg\"><img loading=\"lazy\" decoding=\"async\" class=\"size-medium wp-image-5450\" title=\"Karl Potter\" src=\"https:\/\/www.ulisseland.com\/journal\/wp-content\/uploads\/2013\/01\/Karl-Potter-200x300.jpg\" alt=\"\" width=\"200\" height=\"300\" srcset=\"https:\/\/www.ulisseland.com\/journal\/wp-content\/uploads\/2013\/01\/Karl-Potter-200x300.jpg 200w, https:\/\/www.ulisseland.com\/journal\/wp-content\/uploads\/2013\/01\/Karl-Potter-682x1024.jpg 682w, https:\/\/www.ulisseland.com\/journal\/wp-content\/uploads\/2013\/01\/Karl-Potter-600x900.jpg 600w, https:\/\/www.ulisseland.com\/journal\/wp-content\/uploads\/2013\/01\/Karl-Potter.jpg 1664w\" sizes=\"auto, (max-width: 200px) 100vw, 200px\" \/><\/a><figcaption id=\"caption-attachment-5450\" class=\"wp-caption-text\">Karl Potter<\/figcaption><\/figure>\n<p>Ventotene piange la scomparsa del grande Maestro delle percussioni Karl Potter, che all\u2019et\u00e0 di 62 anni \u00e8 deceduto a Roma, vittima di quel diabete di cui soffriva da tempo.<\/p>\n<p>La notizia della sua scomparsa \u00e8 giunta improvvisa sull\u2019isola di Ventotene, suo luogo eletto del cuore.<\/p>\n<p>Karl era sbarcato a Ventotene nel settembre del 2003, per un concerto e fu subito catturato dall\u2019energia di questa piccola isola, tanto che vi ritorn\u00f2 ben presto e nel novembre dello stesso anno vi inaugur\u00f2 una scuola di percussioni.<\/p>\n<p>La scuola raccolse un cospicuo numero di aspiranti percussionisti, isolani e non, ed\u00a0 un anno dopo nacque la \u201cVentotene Percussion\u00a0 Group\u201d che si \u00e8 esibita anche al di fuori dell\u2019isola, in citt\u00e0 come Roma, Latina, Napoli, Gaeta etc.<\/p>\n<p>L\u2019ultimo suo concerto nel luglio del 2012 \u00e8 avvenuto con Karl, grande protagonista, sulla spiaggia di Calanave a Ventotene, da lui tanto amata, infatti, ripeteva sempre \u201cquest\u2019isola \u00e8 magica guaglio\u2019 jamm\u201d.<\/p>\n<p>Il ricordo di Karl rester\u00e0 sempre vivo nei cuori dei ventotenesi e l\u2019isola rester\u00e0 per sempre il suo luogo magico.<\/p>\n<figure id=\"attachment_5449\" aria-describedby=\"caption-attachment-5449\" style=\"width: 344px\" class=\"wp-caption alignleft\"><a href=\"https:\/\/www.ulisseland.com\/journal\/wp-content\/uploads\/2013\/01\/Karl-Potter-e-Ventotene-Percussion-Group.jpg\"><img loading=\"lazy\" decoding=\"async\" class=\" wp-image-5449 \" title=\"Karl Potter e Ventotene Percussion Group\" src=\"https:\/\/www.ulisseland.com\/journal\/wp-content\/uploads\/2013\/01\/Karl-Potter-e-Ventotene-Percussion-Group.jpg\" alt=\"\" width=\"344\" height=\"200\" \/><\/a><figcaption id=\"caption-attachment-5449\" class=\"wp-caption-text\">Karl Potter e Ventotene Percussion Group<\/figcaption><\/figure>\n<p>Il Sindaco Assenso, colto di sorpresa dalla ferale notizia, ha annunziato che intitoler\u00e0 un luogo per la musica a Karl Potter.<\/p>\n<p>Il Direttore Dott. Sergio Monforte<\/p>\n","protected":false},"excerpt":{"rendered":"<p>Ventotene piange la scomparsa del grande Maestro delle percussioni Karl Potter, che all\u2019et\u00e0 di 62 anni \u00e8 deceduto a Roma, vittima di quel diabete di cui soffriva da tempo. La notizia della sua scomparsa \u00e8 giunta improvvisa sull\u2019isola di Ventotene, suo luogo eletto del cuore. Karl era sbarcato a Ventotene nel settembre del 2003, per<\/p>\n","protected":false},"author":1,"featured_media":0,"comment_status":"open","ping_status":"open","sticky":false,"template":"","format":"standard","meta":{"footnotes":""},"categories":[38,13,11],"tags":[],"class_list":["post-5448","post","type-post","status-publish","format-standard","hentry","category-comune-di-ventotene","category-cronaca","category-enti"],"_links":{"self":[{"href":"https:\/\/www.ulisseland.com\/journal\/wp-json\/wp\/v2\/posts\/5448","targetHints":{"allow":["GET"]}}],"collection":[{"href":"https:\/\/www.ulisseland.com\/journal\/wp-json\/wp\/v2\/posts"}],"about":[{"href":"https:\/\/www.ulisseland.com\/journal\/wp-json\/wp\/v2\/types\/post"}],"author":[{"embeddable":true,"href":"https:\/\/www.ulisseland.com\/journal\/wp-json\/wp\/v2\/users\/1"}],"replies":[{"embeddable":true,"href":"https:\/\/www.ulisseland.com\/journal\/wp-json\/wp\/v2\/comments?post=5448"}],"version-history":[{"count":2,"href":"https:\/\/www.ulisseland.com\/journal\/wp-json\/wp\/v2\/posts\/5448\/revisions"}],"predecessor-version":[{"id":5452,"href":"https:\/\/www.ulisseland.com\/journal\/wp-json\/wp\/v2\/posts\/5448\/revisions\/5452"}],"wp:attachment":[{"href":"https:\/\/www.ulisseland.com\/journal\/wp-json\/wp\/v2\/media?parent=5448"}],"wp:term":[{"taxonomy":"category","embeddable":true,"href":"https:\/\/www.ulisseland.com\/journal\/wp-json\/wp\/v2\/categories?post=5448"},{"taxonomy":"post_tag","embeddable":true,"href":"https:\/\/www.ulisseland.com\/journal\/wp-json\/wp\/v2\/tags?post=5448"}],"curies":[{"name":"wp","href":"https:\/\/api.w.org\/{rel}","templated":true}]}}