{"id":5444,"date":"2013-01-16T08:32:53","date_gmt":"2013-01-16T07:32:53","guid":{"rendered":"http:\/\/www.ulisseland.com\/journal\/?p=5444&#038;lang=it"},"modified":"2013-01-16T08:32:53","modified_gmt":"2013-01-16T07:32:53","slug":"formia-lettera-aperta-a-nicola-zingaretti","status":"publish","type":"post","link":"https:\/\/www.ulisseland.com\/journal\/formia-lettera-aperta-a-nicola-zingaretti\/","title":{"rendered":"FORMIA: Lettera aperta a Nicola Zingaretti"},"content":{"rendered":"<p align=\"center\"><strong>Un intervento di Francesco Carta sulla sanit\u00e0<\/strong><\/p>\n<figure id=\"attachment_5445\" aria-describedby=\"caption-attachment-5445\" style=\"width: 198px\" class=\"wp-caption alignright\"><a href=\"https:\/\/www.ulisseland.com\/journal\/wp-content\/uploads\/2013\/01\/Francesco-Carta.jpg\"><img loading=\"lazy\" decoding=\"async\" class=\"size-medium wp-image-5445\" title=\"Francesco Carta\" src=\"https:\/\/www.ulisseland.com\/journal\/wp-content\/uploads\/2013\/01\/Francesco-Carta-198x300.jpg\" alt=\"\" width=\"198\" height=\"300\" srcset=\"https:\/\/www.ulisseland.com\/journal\/wp-content\/uploads\/2013\/01\/Francesco-Carta-198x300.jpg 198w, https:\/\/www.ulisseland.com\/journal\/wp-content\/uploads\/2013\/01\/Francesco-Carta.jpg 400w\" sizes=\"auto, (max-width: 198px) 100vw, 198px\" \/><\/a><figcaption id=\"caption-attachment-5445\" class=\"wp-caption-text\">Il Dr. Francesco Carta<\/figcaption><\/figure>\n<p align=\"center\"><strong>\u00a0<\/strong><\/p>\n<p>\u00a0\u00a0\u00a0 Della terribile crisi che attanaglia la nostra Regione, il territorio del Lazio meridionale segna il tratto pi\u00f9 drammatico. Sviluppo, disoccupazione, formazione, trasporti, infrastrutture, versano in condizioni disastrose. La rete ospedaliera e pi\u00f9 in generale la sanit\u00e0 non fa eccezione. La sicurezza dei cittadini \u00e8 a rischio. Dopo i tagli e la falcidia dei servizi, la penuria di risorse e la cattiva gestione di quelle disponibili hanno reso l&#8217;attivit\u00e0 degli ospedali sempre pi\u00f9 difficile.<\/p>\n<p>Gli ospedali di Terracina, Fondi e Formia soffrono per la penuria di personale e apparecchiature. Quello di Formia presenta la maggiore criticit\u00e0 in quanto sede di Dipartimento d&#8217;Emergenza ed Accettazione. In questo momento l&#8217;attivit\u00e0 di Day Surgery (interventi di oculistica, otorinolaringoiatria, ortopedia, chirurgia, ostetricia) presso l&#8217;ospedale di Gaeta \u00e8 sospesa. Nell&#8217;ospedale di Formia la Cardiologia, la Radiologia, l&#8217;Ostetricia, l&#8217;Anatomia Patologica hanno bisogno di rinnovare completamente le apparecchiature: TAC, Telecomandato, Centralina e monitor dell&#8217;UTIC, Ecografi.<\/p>\n<p>In questo momento \u00e8 anche sospesa l&#8217;attivit\u00e0 dell&#8217;Emodinamica. Per l&#8217;ennesima volta un&#8217;infiltrazione d&#8217;acqua proveniente dal soprastante reparto di Dialisi, ha rovinato una parte delle apparecchiature dell&#8217;Emodinamica ed ora occorre spendere altri soldi per ricomprarle. Se non fosse gi\u00e0 accaduto ci saremmo trovati di fronte ad un incidente imprevisto ma non \u00e8 cos\u00ec. E&#8217; la terza volta che capita. Emodinamica chiusa vuol dire spostare i pazienti colpiti da infarto all&#8217;ospedale di Latina che dista 90 km. A questo punto le chiederei di venire a Formia per rendersi conto di persona di quanto accade.<\/p>\n<p>La nuova Amministrazione Regionale dovr\u00e0 riprendere il progetto di costruzione di una nuova e moderna struttura ospedaliera e farla finita con le infinite spese di riadattamento della struttura del \u201cDono Svizzero\u201d vecchia pi\u00f9 di cinquant&#8217;anni.<\/p>\n<p>Ma nell&#8217;immediato possiamo risolvere i problemi operando delle scelte che oltretutto non andrebbero a gravare il bilancio dell&#8217;ASL. Invece della Risonanza Magnetica Nucleare, con gli stessi soldi potremmo rinnovare completamente tutte le apparecchiature dell&#8217;ospedale indispensabili per la normale attivit\u00e0 di diagnosi e cura. Con una decina di medici ed infermieri in pi\u00f9 restituiremmo qualit\u00e0 ed efficienza ad una struttura che \u00e8 presidio d&#8217;emergenza per il centro sud della provincia di Latina e, data anche la provenienza di pazienti dal sud della provincia di Frosinone,\u00a0 del Lazio Meridionale.<\/p>\n<p>Il Direttore Dott. Sergio Monforte<\/p>\n","protected":false},"excerpt":{"rendered":"<p>Un intervento di Francesco Carta sulla sanit\u00e0 \u00a0 \u00a0\u00a0\u00a0 Della terribile crisi che attanaglia la nostra Regione, il territorio del Lazio meridionale segna il tratto pi\u00f9 drammatico. Sviluppo, disoccupazione, formazione, trasporti, infrastrutture, versano in condizioni disastrose. La rete ospedaliera e pi\u00f9 in generale la sanit\u00e0 non fa eccezione. La sicurezza dei cittadini \u00e8 a rischio.<\/p>\n","protected":false},"author":1,"featured_media":0,"comment_status":"open","ping_status":"open","sticky":false,"template":"","format":"standard","meta":{"footnotes":""},"categories":[14,11,22],"tags":[],"class_list":["post-5444","post","type-post","status-publish","format-standard","hentry","category-comune-di-formia","category-enti","category-sanita"],"_links":{"self":[{"href":"https:\/\/www.ulisseland.com\/journal\/wp-json\/wp\/v2\/posts\/5444","targetHints":{"allow":["GET"]}}],"collection":[{"href":"https:\/\/www.ulisseland.com\/journal\/wp-json\/wp\/v2\/posts"}],"about":[{"href":"https:\/\/www.ulisseland.com\/journal\/wp-json\/wp\/v2\/types\/post"}],"author":[{"embeddable":true,"href":"https:\/\/www.ulisseland.com\/journal\/wp-json\/wp\/v2\/users\/1"}],"replies":[{"embeddable":true,"href":"https:\/\/www.ulisseland.com\/journal\/wp-json\/wp\/v2\/comments?post=5444"}],"version-history":[{"count":2,"href":"https:\/\/www.ulisseland.com\/journal\/wp-json\/wp\/v2\/posts\/5444\/revisions"}],"predecessor-version":[{"id":5447,"href":"https:\/\/www.ulisseland.com\/journal\/wp-json\/wp\/v2\/posts\/5444\/revisions\/5447"}],"wp:attachment":[{"href":"https:\/\/www.ulisseland.com\/journal\/wp-json\/wp\/v2\/media?parent=5444"}],"wp:term":[{"taxonomy":"category","embeddable":true,"href":"https:\/\/www.ulisseland.com\/journal\/wp-json\/wp\/v2\/categories?post=5444"},{"taxonomy":"post_tag","embeddable":true,"href":"https:\/\/www.ulisseland.com\/journal\/wp-json\/wp\/v2\/tags?post=5444"}],"curies":[{"name":"wp","href":"https:\/\/api.w.org\/{rel}","templated":true}]}}