{"id":5437,"date":"2013-01-16T08:25:46","date_gmt":"2013-01-16T07:25:46","guid":{"rendered":"http:\/\/www.ulisseland.com\/journal\/?p=5437&#038;lang=it"},"modified":"2013-01-16T08:25:46","modified_gmt":"2013-01-16T07:25:46","slug":"minturno-la-protesta-di-casapound-contro-il-sindaco-graziano","status":"publish","type":"post","link":"https:\/\/www.ulisseland.com\/journal\/minturno-la-protesta-di-casapound-contro-il-sindaco-graziano\/","title":{"rendered":"MINTURNO: La protesta di CasaPound contro il sindaco Graziano"},"content":{"rendered":"<p>&nbsp;<\/p>\n<figure id=\"attachment_5438\" aria-describedby=\"caption-attachment-5438\" style=\"width: 300px\" class=\"wp-caption alignleft\"><a href=\"https:\/\/www.ulisseland.com\/journal\/wp-content\/uploads\/2013\/01\/ringraziano.jpg\"><img loading=\"lazy\" decoding=\"async\" class=\"size-medium wp-image-5438\" title=\"ringraziano\" src=\"https:\/\/www.ulisseland.com\/journal\/wp-content\/uploads\/2013\/01\/ringraziano-300x225.jpg\" alt=\"\" width=\"300\" height=\"225\" srcset=\"https:\/\/www.ulisseland.com\/journal\/wp-content\/uploads\/2013\/01\/ringraziano-300x225.jpg 300w, https:\/\/www.ulisseland.com\/journal\/wp-content\/uploads\/2013\/01\/ringraziano-1024x768.jpg 1024w, https:\/\/www.ulisseland.com\/journal\/wp-content\/uploads\/2013\/01\/ringraziano-600x450.jpg 600w, https:\/\/www.ulisseland.com\/journal\/wp-content\/uploads\/2013\/01\/ringraziano.jpg 1632w\" sizes=\"auto, (max-width: 300px) 100vw, 300px\" \/><\/a><figcaption id=\"caption-attachment-5438\" class=\"wp-caption-text\">Gli autori della protesta<\/figcaption><\/figure>\n<p>Nel corso dell\u2019ultimo consiglio comunale di Minturno, gli attivisti di CasaPound Italia si sono introdotti nella sala del palazzo comunale esponendo uno striscione e distribuendo volantini, in segno di protesta nei confronti del Sindaco Paolo Graziano. Il primo cittadino, infatti, nelle scorse settimane avrebbe preso la decisione\u00a0di revocare a Marco Moccia la delega alle politiche abitative e al mutuo sociale, in seguito alle pressioni della sinistra locale. Sullo striscione campeggiava la frase &#8220;I RAGAZZI TI RIN-GRAZIANO&#8221;, per evidenziare in maniera ironica il trattamento riservato ad un esponente locale dell&#8217;associazione di promozione sociale al quale, fino a qualche settimana prima, era stata data la massima fiducia.<\/p>\n<p>&#8220;Un sindaco che ha paura non dovrebbe amministrare una citt\u00e0 &#8211; commenta l&#8217;ormai ex delegato Moccia &#8211; tenendo conto che, la propria decione, sia scaturita in seguito\u00a0a delle pressioni del mondo antifascista locale. Un mondo che ha dato pi\u00f9 volte dimostrazione della propria arroganza e del proprio pregiudizio nei confronti dei militanti del nostro movimento. Qui non si tratta di ideologie in contrasto &#8211; continua Moccia &#8211; ma piuttosto di questioni meritocratiche. Chi ha attaccato la mia persona ed il mio movimento, non si \u00e8 mai soffermato sul mio operato e le mie volont\u00e0, ma ha guardato solamente alla mia estrazione politica. Dunque, il sindaco Graziano, si \u00e8 piegato a ricatti di un grupposcolo di intoleranti, i quali non avendo pi\u00f9 argomenti e chiare risposte da dare ai cittadini, si rifugiano nell&#8217;odio politco per ottenere facile visibilit\u00e0.&#8221;<\/p>\n<p>La dura protesta dei ragazzi del movimento politico non conforme, si \u00e8 svolta proprio all&#8217;indomani delle dichiarazioni del leader del Movimento 5 Stelle Beppe Grillo, il quale, aprendo la propria porta a CasaPound Italia e ad eventuali future collaborazioni , ha espresso il suo dissenso verso l&#8217;antifascismo come pregiudiziale di stampo politico.<\/p>\n<p>Il Direttore Dott. Sergio Monforte<\/p>\n","protected":false},"excerpt":{"rendered":"<p>&nbsp; Nel corso dell\u2019ultimo consiglio comunale di Minturno, gli attivisti di CasaPound Italia si sono introdotti nella sala del palazzo comunale esponendo uno striscione e distribuendo volantini, in segno di protesta nei confronti del Sindaco Paolo Graziano. Il primo cittadino, infatti, nelle scorse settimane avrebbe preso la decisione\u00a0di revocare a Marco Moccia la delega alle<\/p>\n","protected":false},"author":1,"featured_media":0,"comment_status":"open","ping_status":"open","sticky":false,"template":"","format":"standard","meta":{"footnotes":""},"categories":[27,13,11],"tags":[],"class_list":["post-5437","post","type-post","status-publish","format-standard","hentry","category-comune-di-minturno","category-cronaca","category-enti"],"_links":{"self":[{"href":"https:\/\/www.ulisseland.com\/journal\/wp-json\/wp\/v2\/posts\/5437","targetHints":{"allow":["GET"]}}],"collection":[{"href":"https:\/\/www.ulisseland.com\/journal\/wp-json\/wp\/v2\/posts"}],"about":[{"href":"https:\/\/www.ulisseland.com\/journal\/wp-json\/wp\/v2\/types\/post"}],"author":[{"embeddable":true,"href":"https:\/\/www.ulisseland.com\/journal\/wp-json\/wp\/v2\/users\/1"}],"replies":[{"embeddable":true,"href":"https:\/\/www.ulisseland.com\/journal\/wp-json\/wp\/v2\/comments?post=5437"}],"version-history":[{"count":2,"href":"https:\/\/www.ulisseland.com\/journal\/wp-json\/wp\/v2\/posts\/5437\/revisions"}],"predecessor-version":[{"id":5440,"href":"https:\/\/www.ulisseland.com\/journal\/wp-json\/wp\/v2\/posts\/5437\/revisions\/5440"}],"wp:attachment":[{"href":"https:\/\/www.ulisseland.com\/journal\/wp-json\/wp\/v2\/media?parent=5437"}],"wp:term":[{"taxonomy":"category","embeddable":true,"href":"https:\/\/www.ulisseland.com\/journal\/wp-json\/wp\/v2\/categories?post=5437"},{"taxonomy":"post_tag","embeddable":true,"href":"https:\/\/www.ulisseland.com\/journal\/wp-json\/wp\/v2\/tags?post=5437"}],"curies":[{"name":"wp","href":"https:\/\/api.w.org\/{rel}","templated":true}]}}