{"id":5429,"date":"2013-01-16T08:12:33","date_gmt":"2013-01-16T07:12:33","guid":{"rendered":"http:\/\/www.ulisseland.com\/journal\/?p=5429&#038;lang=it"},"modified":"2013-01-16T08:12:33","modified_gmt":"2013-01-16T07:12:33","slug":"formia-bilancio-positivo-nel-2012-per-la-protezione-civile","status":"publish","type":"post","link":"https:\/\/www.ulisseland.com\/journal\/formia-bilancio-positivo-nel-2012-per-la-protezione-civile\/","title":{"rendered":"FORMIA: Bilancio positivo nel 2012 per la Protezione Civile"},"content":{"rendered":"<figure id=\"attachment_5430\" aria-describedby=\"caption-attachment-5430\" style=\"width: 300px\" class=\"wp-caption alignright\"><a href=\"https:\/\/www.ulisseland.com\/journal\/wp-content\/uploads\/2013\/01\/Protezione-civile.jpg\"><img loading=\"lazy\" decoding=\"async\" class=\"size-medium wp-image-5430\" title=\"Protezione civile\" src=\"https:\/\/www.ulisseland.com\/journal\/wp-content\/uploads\/2013\/01\/Protezione-civile-300x199.jpg\" alt=\"\" width=\"300\" height=\"199\" srcset=\"https:\/\/www.ulisseland.com\/journal\/wp-content\/uploads\/2013\/01\/Protezione-civile-300x199.jpg 300w, https:\/\/www.ulisseland.com\/journal\/wp-content\/uploads\/2013\/01\/Protezione-civile-600x399.jpg 600w, https:\/\/www.ulisseland.com\/journal\/wp-content\/uploads\/2013\/01\/Protezione-civile.jpg 960w\" sizes=\"auto, (max-width: 300px) 100vw, 300px\" \/><\/a><figcaption id=\"caption-attachment-5430\" class=\"wp-caption-text\">Foto di gruppo della Protezione Civile di Formia<\/figcaption><\/figure>\n<p>Un 2012 all\u2019insegna dell\u2019impegno civile, sociale e ambientale per garantire sicurezza ai cittadini e tutela al territorio. Un bilancio positivo in termini di qualit\u00e0 e quantit\u00e0 delle attivit\u00e0 svolte da parte della Protezione Civile &#8211; VER Sud Pontino &#8211; guidata dal dinamico presidente Antonio Tomao.<\/p>\n<p>L\u2019antincendio boschivo &#8211; spiega il presidente &#8211;\u00a0 \u00e8 stato il settore dove si sono registrati 122 interventi, dei quali 98 sul territorio del Comune di Formia.<\/p>\n<p>Un dato numerico in forte crescita rispetto all\u2019anno precedente, le cui cause in prevalenza di origine dolose sono da attribuire ai piromani.<\/p>\n<p>Bisogna dare merito ai volontari della tempestivit\u00e0 ed operativit\u00e0\u00a0 h24 nel raggiungere sul nascere le aree di fuoco, limitando i danni a persone e beni. Un\u2019attivit\u00e0 frutto di prestazioni ed opere di avvistamento dei nostri operatori in sinergia con programmi d\u2019intervento della Regione Lazio e del Comune di Formia.<\/p>\n<p>Per la campagna antincendio boschivo sono stati impiegati 41 operatori, di cui 10 per\u00a0 sala radio e logistica e 31 per contrastare il fuoco. Gli automezzi utilizzati sono stati 7, di cui 5 omologati ad uso speciale-antincendio, pi\u00f9 5 rimorchi.<\/p>\n<p>I 31 operatori impegnati sul fronte fuoco &#8211; continua Tomao &#8211;\u00a0 erano provvisti di regolare\u00a0 attestato avendo\u00a0 partecipato ai corsi di specializzazione come operatori di antincendio boschivo indetti dalla Regione Lazio ed effettuati presso la Scuola Forestale dello Stato di Sabaudia o di Citt\u00e0 Ducale.<\/p>\n<p>Anche in materia di protezione ambientale e faunistica per il controllo del territorio ha fatto registrare una presenza ed un impegno mirato delle attivit\u00e0 dei Volontari. In particolare si \u00e8 intervenuti per individuare situazioni di degrado, discariche abusive o cedimenti di argini di torrenti. Con la capitaneria di porto e la polizia Ecozoologica sono stati effettuati operazioni per la salvaguardia ambientale marina ed il trasporto\u00a0 di alcune tartarughe da Ponza al centro di riabilitazione di Napoli per la cura ed il successivo rilascio in acqua.<\/p>\n<p>Altro settore che ci ha visto mobilitati ed impegnati sul territorio ha riguardato le precipitazioni meteo. Ben 73 sono stati gli interventi di una certa importanza e rilevanza a seguito di nubifragi e passaggi di piccole trombe d\u2019aria, strade allagate ed alberi divelti. Evento eccezionale \u00e8 stato l\u2019esondazione del torrente Pontone verificatosi la notte del 31 ottobre che oltre ad allagare le campagne circostanti a Via Canzatora ha causato anche la morte di una persona.<\/p>\n<p>Ai compiti di protezione ed assistenza civile\u00a0 si aggiungono le iniziative sul piano della promozione didattica attraverso un progetto\u00a0 \u201c Scuola Sicura\u201d finalizzato a coinvolgere alunni delle materne ed elementari sulle tematiche della sicurezza e protezione civile. A completare il quadro delle attivit\u00e0 bisogna fare riferimento\u00a0 alla gestione di pubblica\u00a0 assistenza per eventi e manifestazioni. In questo settore sono stati 88 gli interventi. Un plauso all\u2019attivit\u00e0 messa in campo nell\u2019anno 2012 dalla Protezione Civile arriva dall\u2019assessore al ramo Giovanni Carpinelli.<\/p>\n<p>\u201c I nostri volontari sono il fiore all\u2019occhiello non solo della macchina amministrativa ma dell\u2019intero sistema paese. Un patrimonio umano e professionale che dobbiamo tenerci ben stretto, al servizio dell\u2019intera comunit\u00e0 comprensoriale e nazionale\u201d.<\/p>\n<p>Il Direttore Dott. Sergio Monforte<\/p>\n","protected":false},"excerpt":{"rendered":"<p>Un 2012 all\u2019insegna dell\u2019impegno civile, sociale e ambientale per garantire sicurezza ai cittadini e tutela al territorio. Un bilancio positivo in termini di qualit\u00e0 e quantit\u00e0 delle attivit\u00e0 svolte da parte della Protezione Civile &#8211; VER Sud Pontino &#8211; guidata dal dinamico presidente Antonio Tomao. L\u2019antincendio boschivo &#8211; spiega il presidente &#8211;\u00a0 \u00e8 stato il<\/p>\n","protected":false},"author":1,"featured_media":0,"comment_status":"open","ping_status":"open","sticky":false,"template":"","format":"standard","meta":{"footnotes":""},"categories":[14,13,11],"tags":[],"class_list":["post-5429","post","type-post","status-publish","format-standard","hentry","category-comune-di-formia","category-cronaca","category-enti"],"_links":{"self":[{"href":"https:\/\/www.ulisseland.com\/journal\/wp-json\/wp\/v2\/posts\/5429","targetHints":{"allow":["GET"]}}],"collection":[{"href":"https:\/\/www.ulisseland.com\/journal\/wp-json\/wp\/v2\/posts"}],"about":[{"href":"https:\/\/www.ulisseland.com\/journal\/wp-json\/wp\/v2\/types\/post"}],"author":[{"embeddable":true,"href":"https:\/\/www.ulisseland.com\/journal\/wp-json\/wp\/v2\/users\/1"}],"replies":[{"embeddable":true,"href":"https:\/\/www.ulisseland.com\/journal\/wp-json\/wp\/v2\/comments?post=5429"}],"version-history":[{"count":1,"href":"https:\/\/www.ulisseland.com\/journal\/wp-json\/wp\/v2\/posts\/5429\/revisions"}],"predecessor-version":[{"id":5431,"href":"https:\/\/www.ulisseland.com\/journal\/wp-json\/wp\/v2\/posts\/5429\/revisions\/5431"}],"wp:attachment":[{"href":"https:\/\/www.ulisseland.com\/journal\/wp-json\/wp\/v2\/media?parent=5429"}],"wp:term":[{"taxonomy":"category","embeddable":true,"href":"https:\/\/www.ulisseland.com\/journal\/wp-json\/wp\/v2\/categories?post=5429"},{"taxonomy":"post_tag","embeddable":true,"href":"https:\/\/www.ulisseland.com\/journal\/wp-json\/wp\/v2\/tags?post=5429"}],"curies":[{"name":"wp","href":"https:\/\/api.w.org\/{rel}","templated":true}]}}